{"id":218223,"date":"2026-01-06T22:55:07","date_gmt":"2026-01-06T22:55:07","guid":{"rendered":"https:\/\/www.europesays.com\/pt\/218223\/"},"modified":"2026-01-06T22:55:07","modified_gmt":"2026-01-06T22:55:07","slug":"filha-de-marisa-e-pedro-jorge-surpreende-os-pais-ao-falar-de-concorrente-do-secret-story-so-fala-dela-dois-as-10","status":"publish","type":"post","link":"https:\/\/www.europesays.com\/pt\/218223\/","title":{"rendered":"Filha de Marisa e Pedro Jorge surpreende os pais ao falar de concorrente do Secret Story: \u00abS\u00f3 fala dela\u00bb &#8211; Dois \u00e0s 10"},"content":{"rendered":"<p>                        Apesar das diverg\u00eancias no jogo, Marisa surpreende ao revelar que a filha criou uma liga\u00e7\u00e3o especial com Liliana, ao ponto de s\u00f3 falar da ex-concorrente, abrindo caminho a uma poss\u00edvel amizade fora da casa.<\/p>\n<p data-end=\"1755\" data-start=\"1464\">As rela\u00e7\u00f5es criadas dentro da casa do Secret Story 9 continuam a ter reflexos c\u00e1 fora \u2014 e, no caso de Marisa Pires, at\u00e9 chegaram \u00e0 fam\u00edlia. No <strong>Dois \u00e0s 10<\/strong>, a companheira de Pedro Jorge revelou um detalhe inesperado sobre a filha, Yara, e a liga\u00e7\u00e3o especial que criou com Liliana Oliveira.<\/p>\n<p data-end=\"1995\" data-start=\"1757\">Apesar de algumas quez\u00edlias ao longo do jogo, Marisa explicou que, na reta final, passou a ver Liliana de outra forma. <strong>\u201cCheg\u00e1mos \u00e0 \u00faltima semana e consegui perceber que a Liliana, j\u00e1 mais cansada do jogo, \u00e9 uma menina impec\u00e1vel\u201d<\/strong>, afirmou.<\/p>\n<p data-end=\"2205\" data-start=\"1997\">A revela\u00e7\u00e3o mais ternurenta surgiu quando Cristina Ferreira sugeriu que as duas poderiam vir a ser amigas. Marisa n\u00e3o hesitou: <strong>\u201cEnt\u00e3o podemos ser amigas. Pela Yara podemos ser amigas. Ela s\u00f3 fala da Liliana\u201d.<\/strong><\/p>\n<p data-end=\"2449\" data-start=\"2207\">A empres\u00e1ria deixou claro que, independentemente do que aconteceu dentro da casa, a perce\u00e7\u00e3o da filha teve um peso importante nesta mudan\u00e7a de olhar. Um sinal de que, fora do jogo, as rela\u00e7\u00f5es ganham outra dimens\u00e3o \u2014 mais genu\u00edna e desarmada.<\/p>\n","protected":false},"excerpt":{"rendered":"Apesar das diverg\u00eancias no jogo, Marisa surpreende ao revelar que a filha criou uma liga\u00e7\u00e3o especial com Liliana,&hellip;\n","protected":false},"author":2,"featured_media":218224,"comment_status":"","ping_status":"","sticky":false,"template":"","format":"standard","meta":{"footnotes":""},"categories":[142],"tags":[329,166,3412,3406,3409,801,3410,3411,3407,3408,114,115,19016,3413,338,19184,21416,32,33,1315,151],"class_list":{"0":"post-218223","1":"post","2":"type-post","3":"status-publish","4":"format-standard","5":"has-post-thumbnail","7":"category-tv","8":"tag-claudio-ramos","9":"tag-cristina-ferreira","10":"tag-dois-10","11":"tag-dois-a-s-10-dois-a-s-10","12":"tag-dois-a-s-dez","13":"tag-dois-as-10","14":"tag-dois-as-dez","15":"tag-dois-dez","16":"tag-doisas10","17":"tag-doisasdez","18":"tag-entertainment","19":"tag-entretenimento","20":"tag-liliana","21":"tag-manha-tvi","22":"tag-maria-botelho-moniz","23":"tag-marisa","24":"tag-pedro-jorge","25":"tag-portugal","26":"tag-pt","27":"tag-secret-story","28":"tag-tv"},"share_on_mastodon":{"url":"https:\/\/pubeurope.com\/@pt\/115850623226189904","error":""},"_links":{"self":[{"href":"https:\/\/www.europesays.com\/pt\/wp-json\/wp\/v2\/posts\/218223","targetHints":{"allow":["GET"]}}],"collection":[{"href":"https:\/\/www.europesays.com\/pt\/wp-json\/wp\/v2\/posts"}],"about":[{"href":"https:\/\/www.europesays.com\/pt\/wp-json\/wp\/v2\/types\/post"}],"author":[{"embeddable":true,"href":"https:\/\/www.europesays.com\/pt\/wp-json\/wp\/v2\/users\/2"}],"replies":[{"embeddable":true,"href":"https:\/\/www.europesays.com\/pt\/wp-json\/wp\/v2\/comments?post=218223"}],"version-history":[{"count":0,"href":"https:\/\/www.europesays.com\/pt\/wp-json\/wp\/v2\/posts\/218223\/revisions"}],"wp:featuredmedia":[{"embeddable":true,"href":"https:\/\/www.europesays.com\/pt\/wp-json\/wp\/v2\/media\/218224"}],"wp:attachment":[{"href":"https:\/\/www.europesays.com\/pt\/wp-json\/wp\/v2\/media?parent=218223"}],"wp:term":[{"taxonomy":"category","embeddable":true,"href":"https:\/\/www.europesays.com\/pt\/wp-json\/wp\/v2\/categories?post=218223"},{"taxonomy":"post_tag","embeddable":true,"href":"https:\/\/www.europesays.com\/pt\/wp-json\/wp\/v2\/tags?post=218223"}],"curies":[{"name":"wp","href":"https:\/\/api.w.org\/{rel}","templated":true}]}}