{"id":218229,"date":"2026-01-06T23:01:25","date_gmt":"2026-01-06T23:01:25","guid":{"rendered":"https:\/\/www.europesays.com\/pt\/218229\/"},"modified":"2026-01-06T23:01:25","modified_gmt":"2026-01-06T23:01:25","slug":"bece-divulga-programacao-de-ferias-com-atracoes-gratuitas-para-criancas-e-jovens","status":"publish","type":"post","link":"https:\/\/www.europesays.com\/pt\/218229\/","title":{"rendered":"Bece divulga programa\u00e7\u00e3o de f\u00e9rias com atra\u00e7\u00f5es gratuitas para crian\u00e7as e jovens"},"content":{"rendered":"<p>&#13;<br \/>\n        &#13;<br \/>\n            &#13;<br \/>\n&#13;<br \/>\n            &#13;<br \/>\n&#13;<br \/>\n            &#13;<br \/>\n                <a href=\"\">6 de janeiro de 2026 &#8211; 14:59<\/a>&#13;<br \/>\n                                      #<a href=\"https:\/\/www.secult.ce.gov.br\/tag\/bece\/\" rel=\"tag nofollow noopener\" target=\"_blank\">BECE<\/a> #<a href=\"https:\/\/www.secult.ce.gov.br\/tag\/biblioteca-publica-estadual-do-ceara\/\" rel=\"tag nofollow noopener\" target=\"_blank\">Biblioteca P\u00fablica Estadual do Cear\u00e1<\/a> &#13;<br \/>\n                            &#13;<br \/>\n&#13;<br \/>\n                            &#13;<br \/>\n            &#13;<\/p>\n<p style=\"text-align: center\">Conta\u00e7\u00e3o de hist\u00f3rias, clubes de leitura e cultura geek fazem parte da agenda cultural da Biblioteca P\u00fablica Estadual do Cear\u00e1.<img fetchpriority=\"high\" decoding=\"async\" class=\"alignnone size-large wp-image-49741\" src=\"https:\/\/www.europesays.com\/pt\/wp-content\/uploads\/2026\/01\/FOTO-GABRIEL-SOUSA-1200x800.jpg\" alt=\"\" width=\"690\" height=\"460\"  \/><br \/><strong>(Foto: Gabriel Sousa)<\/strong><\/p>\n<p dir=\"ltr\" style=\"text-align: justify\">A <strong>Biblioteca P\u00fablica Estadual do Cear\u00e1 (Bece)<\/strong> divulga sua programa\u00e7\u00e3o de f\u00e9rias para o m\u00eas de janeiro, com uma s\u00e9rie de atividades culturais gratuitas voltadas para crian\u00e7as e adolescentes. A agenda re\u00fane conta\u00e7\u00f5es de hist\u00f3rias, encontros liter\u00e1rios, exposi\u00e7\u00f5es educativas e a\u00e7\u00f5es de cultura pop, promovendo o acesso \u00e0 leitura, \u00e0 cultura e ao lazer durante o per\u00edodo de recesso escolar. A <strong>Bece<\/strong> \u00e9 um espa\u00e7o que integra a <strong>Rede P\u00fablica de Equipamentos Culturais (Rece)<\/strong> do <strong>Governo do Cear\u00e1<\/strong>, vinculada \u00e0 S<strong>ecretaria da Cultura (Secult)<\/strong> e \u00e9 gerido em parceria com o <strong>Instituto Drag\u00e3o do Mar (IDM)<\/strong>.<\/p>\n<p>Programa\u00e7\u00e3o infantil<\/p>\n<p dir=\"ltr\" style=\"text-align: justify\">Aos s\u00e1bados e domingos, o programa\u00a0Pequenas Grandes Hist\u00f3rias\u00a0assume o protagonismo da agenda com as conta\u00e7\u00f5es\u00a0Amora\u00a0(Edgl\u00ea Lima) e\u00a0Uma Chu\u00e1\u00e1 em Movimento\u00a0(V\u00e2nia Rodrigues), al\u00e9m dos espet\u00e1culos\u00a0Genor, o Artista\u00a0(Grupo N\u00f3s Dois) e\u00a0O Lobisomem de Maranguape\u00a0(Jo\u00e3o Andir\u00e1). As apresenta\u00e7\u00f5es acontecem sempre aos s\u00e1bados, \u00e0s 15h; e aos domingos, \u00e0s 10h. As sess\u00f5es de s\u00e1bado\u00a0contam com acessibilidade em Libras.<\/p>\n<p>Literatura infantil e encontros com autores<\/p>\n<p dir=\"ltr\" style=\"text-align: justify\">A programa\u00e7\u00e3o de f\u00e9rias tamb\u00e9m aposta no incentivo \u00e0 leitura por meio de encontros entre crian\u00e7as e autores locais. No projeto\u00a0Cabaninha do Escritor, os pequenos leitores poder\u00e3o conhecer de perto as autoras\u00a0Luizete Vicente\u00a0e\u00a0Priscila Austin. Os encontros acontecem nos dias\u00a07 e 24 de janeiro, \u00e0s 15h; no dia 7 com Luizete Vicente e no dia 24 com Priscila Austin.<\/p>\n<p dir=\"ltr\" style=\"text-align: justify\">O tradicional programa\u00a0A Hora da Hist\u00f3ria, com Rosa Cristina, traz leituras dos livros\u00a0\u201cAl\u00e9m do Arco-\u00cdris Gomes\u201d, de Marcelino C\u00e2mara;\u00a0\u201cA Princesa e o Sapo\u201d, de E. D. Baker;\u00a0\u201cA Ta\u00e7a do Gigante\u201d, de Fernando Ferraz; e\u00a0\u201cSiara Descobre a \u00c1frica Gr\u00e1fica\u201d, de Edna Ande e Sueli Lemos. A atividade acontece sempre \u00e0s sextas-feiras, \u00e0s 16h, no setor infantil da Biblioteca.<\/p>\n<p>Exposi\u00e7\u00f5es educativas<\/p>\n<p dir=\"ltr\" style=\"text-align: justify\">A exposi\u00e7\u00e3o\u00a0Uma Visita ao Mundo das C\u00e9lulas, organizada pelo\u00a0Departamento de Biologia da Universidade Federal do Cear\u00e1 (UFC), apresenta o fascinante universo microsc\u00f3pico em uma linguagem acess\u00edvel e interativa para crian\u00e7as e jovens. A exposi\u00e7\u00e3o acontece nos dias\u00a016 e 17 de janeiro, das\u00a013h30 \u00e0s 16h30\u00a0(dia 16); e das\u00a09h30 \u00e0s 12h30\u00a0(dia 17).<\/p>\n<p>Cultura Pop \u2013 Conex\u00e3o Geek na Bece<\/p>\n<p dir=\"ltr\" style=\"text-align: justify\">Nos dias\u00a023, 24 e 25 de janeiro, a Bece abre espa\u00e7o para a cultura pop com a terceira edi\u00e7\u00e3o do\u00a0Cultura Pop \u2013 Conex\u00e3o Geek na Bece. O evento re\u00fane troca de gibis, encontro de cosplay, feirinha geek, oficina de\u00a0Introdu\u00e7\u00e3o ao RPG, com Dmitri Gadelha, al\u00e9m de sess\u00f5es de RPG.<\/p>\n<p dir=\"ltr\" style=\"text-align: justify\">No dia\u00a024 de janeiro, \u00e0s\u00a015h, acontece o primeiro encontro do\u00a0Clube de Leituras Estranhas\u00a0da Bece, dedicado \u00e0 defini\u00e7\u00e3o das leituras de\u00a02026. A atividade contempla obras dos g\u00eaneros\u00a0Fantasia, Mitologia, Terror e Fic\u00e7\u00e3o Cient\u00edfica, reunindo autores cl\u00e1ssicos, cearenses, brasileiros, latino-americanos e de outras nacionalidades.<\/p>\n<p><strong>PROGRAMA\u00c7\u00c3O COMPLETA<\/strong><\/p>\n<p dir=\"ltr\" style=\"text-align: justify\"><strong>Cabaninha Liter\u00e1ria | Media\u00e7\u00e3o de Leitura com Luizete Vicente, autora do livro \u201cAyo: menina que criou o mundo\u201d<br \/><\/strong>Data:\u00a0 07 de janeiro, 15h<br \/>Entrada Gratuita<br \/>Classifica\u00e7\u00e3o indicativa: Livre<\/p>\n<p dir=\"ltr\" style=\"text-align: justify\"><strong>A Hora da Hist\u00f3ria com Rosa Cristina \u2013 Leitura de livros do Setor Infantil da Bece<br \/><\/strong>Data: 9, 16, 23 e 30 de janeiro, 16h<br \/>Entrada Gratuita<br \/>Classifica\u00e7\u00e3o indicativa: Livre<\/p>\n<p dir=\"ltr\" style=\"text-align: justify\"><strong>Pequenas Grandes Hist\u00f3rias | Conta\u00e7\u00e3o de Hist\u00f3rias \u201cAmora\u201d com Edgl\u00ea Lima<br \/><\/strong>Data e hor\u00e1rio: 10 de janeiro, \u00e0s 15h; e 11 de janeiro, \u00e0s 10h.<br \/>Entrada Gratuita<br \/>Classifica\u00e7\u00e3o indicativa: Livre<br \/>Acess\u00edvel em Libras no dia 10 de janeiro<\/p>\n<p dir=\"ltr\" style=\"text-align: justify\"><strong>RPG na Bece \u2013 parceria Vila RPG<br \/><\/strong>Data: 11 e 25 de janeiro, das 13h \u00e0s 17h<br \/>Entrada Gratuita<br \/>Classifica\u00e7\u00e3o indicativa: Livre<\/p>\n<p dir=\"ltr\" style=\"text-align: justify\"><strong>Exposi\u00e7\u00e3o \u201cUma visita ao mundo das c\u00e9lulas\u201d\u00a0\u2013 parceria Departamento de Biologia da Universidade Federal do Cear\u00e1 (UFC)<br \/><\/strong>Data: 16 e 17 de janeiro<br \/>Hor\u00e1rio: 13h30 \u00e0s 16h30 (dia 16) e 9h30 \u00e0s 12h30 (dia 17)<br \/>Entrada Gratuita<br \/>Classifica\u00e7\u00e3o indicativa: Livre<\/p>\n<p dir=\"ltr\" style=\"text-align: justify\"><strong>Pequenas Grandes Hist\u00f3rias | Espet\u00e1culo \u201cGenor, o Artista\u201d \u2013\u00a0 Grupo N\u00f3s Dois<br \/><\/strong>Data e hor\u00e1rio: 17 de janeiro, \u00e0s 15h; e 18 de janeiro, \u00e0s 10h.<br \/>Entrada Gratuita<br \/>Classifica\u00e7\u00e3o indicativa: Livre<br \/>Acess\u00edvel em Libras no dia 17 de janeiro<\/p>\n<p dir=\"ltr\" style=\"text-align: justify\"><strong>Lan\u00e7amento do livro \u201cUma M\u00e3o Leva a Outra\u201d de Maria Castro e Viv\u00eancia \u201cM\u00e3os que Tecem\u201d com a autora<br \/><\/strong>Data: 18 de janeiro, 14h<br \/>Entrada Gratuita<br \/>Classifica\u00e7\u00e3o indicativa: Livre, para crian\u00e7as acima de 8 anos.<\/p>\n<p dir=\"ltr\" style=\"text-align: justify\"><strong>Cabaninha Liter\u00e1ria | Media\u00e7\u00e3o de Leitura com Priscila Austin, autora do livro \u201cO patinho esquisito sabia que era bonito\u201d<br \/><\/strong>Data:\u00a0 21 de janeiro, 15h<br \/>Entrada Gratuita<br \/>Classifica\u00e7\u00e3o indicativa: Livre<\/p>\n<p dir=\"ltr\" style=\"text-align: justify\"><strong>Cultura POP \u2013 Conex\u00e3o Geek na Bece<br \/><\/strong>Data: 23, 24 e 25 de janeiro<br \/>Hor\u00e1rio: 10h \u00e0s 20h (dia 9); e 10h \u00e0s 17 (dias 10 e 11)<br \/>Entrada Gratuita<br \/>Classifica\u00e7\u00e3o indicativa: Livre<\/p>\n<p dir=\"ltr\" style=\"text-align: justify\"><strong>Pequenas Grandes Hist\u00f3rias | Conta\u00e7\u00e3o de Hist\u00f3ria \u201cUma Chu\u00e1\u00e1 em Movimento\u201d com V\u00e2nia Rodrigues<br \/><\/strong>Data e hor\u00e1rio: 24 de janeiro, \u00e0s 15h; e 25 de janeiro, \u00e0s 10h.<br \/>Entrada Gratuita<br \/>Classifica\u00e7\u00e3o indicativa: Livre<br \/>Acess\u00edvel em Libras no dia 24 de janeiro<\/p>\n<p dir=\"ltr\" style=\"text-align: justify\"><strong>Clube de Leituras Estranhas \u2013 Jornadas Liter\u00e1rias: Novas Aventuras para 2026<br \/><\/strong>Media\u00e7\u00e3o Ana Karine Garcia<br \/>Data: 24 de janeiro, 15h<br \/>Entrada Gratuita<br \/>Classifica\u00e7\u00e3o indicativa: Livre<\/p>\n<p dir=\"ltr\" style=\"text-align: justify\"><strong>Pequenas Grandes Hist\u00f3rias | \u201cO Lobisomem de Maranguape\u201d com Jo\u00e3o Andir\u00e1<br \/><\/strong>Data e hor\u00e1rio: 31 de janeiro, \u00e0s 15h; e 01 de fevereiro, \u00e0s 10h.<br \/>Entrada Gratuita<br \/>Classifica\u00e7\u00e3o indicativa: Livre<br \/>Acess\u00edvel em Libras no dia 31 de janeiro<\/p>\n<p dir=\"ltr\" style=\"text-align: justify\">*Programa\u00e7\u00e3o sujeita a altera\u00e7\u00f5es.<\/p>\n<p>&#13;<br \/>\n            &#13;<br \/>\n&#13;<br \/>\n&#13;<\/p>\n","protected":false},"excerpt":{"rendered":"&#13; &#13; &#13; &#13; &#13; &#13; &#13; 6 de janeiro de 2026 &#8211; 14:59&#13; #BECE #Biblioteca P\u00fablica Estadual&hellip;\n","protected":false},"author":2,"featured_media":218230,"comment_status":"","ping_status":"","sticky":false,"template":"","format":"standard","meta":{"footnotes":""},"categories":[84],"tags":[42410,42411,109,107,108,32,33,105,103,104,106,110],"class_list":{"0":"post-218229","1":"post","2":"type-post","3":"status-publish","4":"format-standard","5":"has-post-thumbnail","7":"category-ciencia-e-tecnologia","8":"tag-bece","9":"tag-biblioteca-publica-estadual-do-ceara","10":"tag-ciencia","11":"tag-ciencia-e-tecnologia","12":"tag-cienciaetecnologia","13":"tag-portugal","14":"tag-pt","15":"tag-science","16":"tag-science-and-technology","17":"tag-scienceandtechnology","18":"tag-technology","19":"tag-tecnologia"},"share_on_mastodon":{"url":"https:\/\/pubeurope.com\/@pt\/115850647171435639","error":""},"_links":{"self":[{"href":"https:\/\/www.europesays.com\/pt\/wp-json\/wp\/v2\/posts\/218229","targetHints":{"allow":["GET"]}}],"collection":[{"href":"https:\/\/www.europesays.com\/pt\/wp-json\/wp\/v2\/posts"}],"about":[{"href":"https:\/\/www.europesays.com\/pt\/wp-json\/wp\/v2\/types\/post"}],"author":[{"embeddable":true,"href":"https:\/\/www.europesays.com\/pt\/wp-json\/wp\/v2\/users\/2"}],"replies":[{"embeddable":true,"href":"https:\/\/www.europesays.com\/pt\/wp-json\/wp\/v2\/comments?post=218229"}],"version-history":[{"count":0,"href":"https:\/\/www.europesays.com\/pt\/wp-json\/wp\/v2\/posts\/218229\/revisions"}],"wp:featuredmedia":[{"embeddable":true,"href":"https:\/\/www.europesays.com\/pt\/wp-json\/wp\/v2\/media\/218230"}],"wp:attachment":[{"href":"https:\/\/www.europesays.com\/pt\/wp-json\/wp\/v2\/media?parent=218229"}],"wp:term":[{"taxonomy":"category","embeddable":true,"href":"https:\/\/www.europesays.com\/pt\/wp-json\/wp\/v2\/categories?post=218229"},{"taxonomy":"post_tag","embeddable":true,"href":"https:\/\/www.europesays.com\/pt\/wp-json\/wp\/v2\/tags?post=218229"}],"curies":[{"name":"wp","href":"https:\/\/api.w.org\/{rel}","templated":true}]}}