{"id":218273,"date":"2026-01-06T23:34:15","date_gmt":"2026-01-06T23:34:15","guid":{"rendered":"https:\/\/www.europesays.com\/pt\/218273\/"},"modified":"2026-01-06T23:34:15","modified_gmt":"2026-01-06T23:34:15","slug":"homem-de-63-anos-morre-num-acidente-de-trabalho-em-odemira","status":"publish","type":"post","link":"https:\/\/www.europesays.com\/pt\/218273\/","title":{"rendered":"Homem de 63 anos morre num acidente de trabalho em Odemira"},"content":{"rendered":"<p data-remotead-prev-elm=\"true\" data-remotead-elm-id=\"inread\">A fonte do Comando Territorial de Beja da GNR indicou \u00e0 ag\u00eancia Lusa que a v\u00edtima era o propriet\u00e1rio da Herdade Vale da Pedra, em S\u00e3o Lu\u00eds, no concelho de Odemira, distrito de Beja, local onde ocorreu o sinistro.<\/p>\n<p>Fonte do Comando Sub-Regional de Emerg\u00eancia e Prote\u00e7\u00e3o Civil do Alentejo Litoral indicou \u00e0 Lusa que o alerta foi dado \u00e0s 9 horas, tendo o \u00f3bito sido declarado no local pelo m\u00e9dico da Viatura M\u00e9dica de Emerg\u00eancia e Reanima\u00e7\u00e3o (VMER) do Hospital do Litoral Alentejano, em Santiago do Cac\u00e9m.<\/p>\n<p>O homem, que n\u00e3o era visto desde segunda-feira, foi encontrado esta ter\u00e7a-feira de manh\u00e3 debaixo de um fardo de palha, adiantou a fonte do comando sub-regional.<\/p>\n<p data-remotead-prev-elm=\"true\" data-remotead-elm-id=\"centro1\">A Autoridade para as Condi\u00e7\u00f5es do Trabalho (ACT) foi contactada para averiguar as circunst\u00e2ncias em que ocorreu o acidente, segundo a fonte da GNR.<\/p>\n<p>Foram mobilizados para o local 14 operacionais dos bombeiros de Cercal do Alentejo, do Instituto Nacional de Emerg\u00eancia M\u00e9dica (INEM) e da GNR, apoiados por sete ve\u00edculos, incluindo a VMER.<\/p>\n","protected":false},"excerpt":{"rendered":"A fonte do Comando Territorial de Beja da GNR indicou \u00e0 ag\u00eancia Lusa que a v\u00edtima era o&hellip;\n","protected":false},"author":2,"featured_media":218274,"comment_status":"","ping_status":"","sticky":false,"template":"","format":"standard","meta":{"footnotes":""},"categories":[10],"tags":[59,27,28,42415,15,16,14,25,26,21,22,12,13,19,20,32,23,24,33,17,18,29,30,31],"class_list":{"0":"post-218273","1":"post","2":"type-post","3":"status-publish","4":"format-standard","5":"has-post-thumbnail","7":"category-portugal","8":"tag-acidente","9":"tag-breaking-news","10":"tag-breakingnews","11":"tag-concelho-odemira","12":"tag-featured-news","13":"tag-featurednews","14":"tag-headlines","15":"tag-latest-news","16":"tag-latestnews","17":"tag-main-news","18":"tag-mainnews","19":"tag-news","20":"tag-noticias","21":"tag-noticias-principais","22":"tag-noticiasprincipais","23":"tag-portugal","24":"tag-principais-noticias","25":"tag-principaisnoticias","26":"tag-pt","27":"tag-top-stories","28":"tag-topstories","29":"tag-ultimas","30":"tag-ultimas-noticias","31":"tag-ultimasnoticias"},"share_on_mastodon":{"url":"https:\/\/pubeurope.com\/@pt\/115850776959937632","error":""},"_links":{"self":[{"href":"https:\/\/www.europesays.com\/pt\/wp-json\/wp\/v2\/posts\/218273","targetHints":{"allow":["GET"]}}],"collection":[{"href":"https:\/\/www.europesays.com\/pt\/wp-json\/wp\/v2\/posts"}],"about":[{"href":"https:\/\/www.europesays.com\/pt\/wp-json\/wp\/v2\/types\/post"}],"author":[{"embeddable":true,"href":"https:\/\/www.europesays.com\/pt\/wp-json\/wp\/v2\/users\/2"}],"replies":[{"embeddable":true,"href":"https:\/\/www.europesays.com\/pt\/wp-json\/wp\/v2\/comments?post=218273"}],"version-history":[{"count":0,"href":"https:\/\/www.europesays.com\/pt\/wp-json\/wp\/v2\/posts\/218273\/revisions"}],"wp:featuredmedia":[{"embeddable":true,"href":"https:\/\/www.europesays.com\/pt\/wp-json\/wp\/v2\/media\/218274"}],"wp:attachment":[{"href":"https:\/\/www.europesays.com\/pt\/wp-json\/wp\/v2\/media?parent=218273"}],"wp:term":[{"taxonomy":"category","embeddable":true,"href":"https:\/\/www.europesays.com\/pt\/wp-json\/wp\/v2\/categories?post=218273"},{"taxonomy":"post_tag","embeddable":true,"href":"https:\/\/www.europesays.com\/pt\/wp-json\/wp\/v2\/tags?post=218273"}],"curies":[{"name":"wp","href":"https:\/\/api.w.org\/{rel}","templated":true}]}}