{"id":218275,"date":"2026-01-06T23:35:07","date_gmt":"2026-01-06T23:35:07","guid":{"rendered":"https:\/\/www.europesays.com\/pt\/218275\/"},"modified":"2026-01-06T23:35:07","modified_gmt":"2026-01-06T23:35:07","slug":"atencao-sporting-treinador-do-granada-assume-oferta-seria-por-faye","status":"publish","type":"post","link":"https:\/\/www.europesays.com\/pt\/218275\/","title":{"rendered":"Aten\u00e7\u00e3o, Sporting: treinador do Granada assume \u00aboferta s\u00e9ria\u00bb por Faye"},"content":{"rendered":"<p>Souleymane Faye, que est\u00e1 a ser negociado pelo <a class=\"autolink-enabled\" data-resource-id=\"448\" data-resource-type=\"team\" data-sport=\"football\" href=\"https:\/\/www.abola.pt\/futebol\/sporting-448\" rel=\"nofollow noopener\" target=\"_blank\">Sporting<\/a>, podendo ser o segundo refor\u00e7o de inverno, ficou de fora das op\u00e7\u00f5es do <a class=\"autolink-enabled\" data-resource-id=\"195\" data-resource-type=\"team\" data-sport=\"football\" href=\"https:\/\/www.abola.pt\/futebol\/granada-195\" rel=\"nofollow noopener\" target=\"_blank\">Granada<\/a> na derrota com o <a class=\"autolink-enabled\" data-resource-id=\"199\" data-resource-type=\"team\" data-sport=\"football\" href=\"https:\/\/www.abola.pt\/futebol\/rayo-vallecano-199\" rel=\"nofollow noopener\" target=\"_blank\">Rayo Vallecano<\/a>, por 1-3, nos 16 avos de final da <a class=\"autolink-enabled\" data-resource-id=\"80\" data-resource-type=\"competition\" data-sport=\"football\" href=\"https:\/\/www.abola.pt\/futebol\/competicao\/taca-do-rei-80\" rel=\"nofollow noopener\" target=\"_blank\">Ta\u00e7a do Rei<\/a>. \u00a0<\/p>\n<p>Depois da partida, Pacheta, treinador do <a class=\"autolink-enabled\" data-resource-id=\"195\" data-resource-type=\"team\" data-sport=\"football\" href=\"https:\/\/www.abola.pt\/futebol\/granada-195\" rel=\"nofollow noopener\" target=\"_blank\">Granada<\/a>, explicou a aus\u00eancia do extremo de 22 anos.\u00a0<\/p>\n<p>\u00abN\u00e3o \u00e9 uma situa\u00e7\u00e3o f\u00e1cil. Tenho falado continuamente com ele. \u00c9 um rapaz muito carinhoso e j\u00e1 me conquistou. Conversei com ele e queria jogar, mas as circunst\u00e2ncias n\u00e3o permitiam. N\u00e3o est\u00e1 a ser f\u00e1cil e quisemos deix\u00e1-lo em stand by, ainda que ele quisesse jogar. A oferta que h\u00e1 por ele \u00e9 p\u00fablica e s\u00e9ria\u00bb, disse, em confer\u00eancia de imprensa.\u00a0<\/p>\n<p>O <a class=\"autolink-enabled\" data-resource-id=\"448\" data-resource-type=\"team\" data-sport=\"football\" href=\"https:\/\/www.abola.pt\/futebol\/sporting-448\" rel=\"nofollow noopener\" target=\"_blank\">Sporting<\/a>, conforme j\u00e1 noticiou <strong>A BOLA<\/strong>, est\u00e1 mais perto de fechar a contrata\u00e7\u00e3o de Souleymane Faye.\u00a0<\/p>\n<p>Os le\u00f5es, que come\u00e7aram nos cinco milh\u00f5es, passaram aos 5+2 e melhoraram agora novamente a oferta, deixando o atacante mais perto de Alvalade. Nesta fase, <a class=\"autolink-enabled\" data-resource-id=\"448\" data-resource-type=\"team\" data-sport=\"football\" href=\"https:\/\/www.abola.pt\/futebol\/sporting-448\" rel=\"nofollow noopener\" target=\"_blank\">Sporting<\/a> e <a class=\"autolink-enabled\" data-resource-id=\"195\" data-resource-type=\"team\" data-sport=\"football\" href=\"https:\/\/www.abola.pt\/futebol\/granada-195\" rel=\"nofollow noopener\" target=\"_blank\">Granada<\/a> discutem os b\u00f3nus, estando a ser preparado um contrato de longa dura\u00e7\u00e3o para o jogador, que dever\u00e1 ser o segundo refor\u00e7o de janeiro, depois de Lu\u00eds Guilherme.\u00a0<\/p>\n<p>Faye, extremo de 22 anos e internacional pelo Senegal, est\u00e1 entusiasmado com a possibilidade de vestir de le\u00e3o ao peito, ou n\u00e3o passasse da 2.\u00aa Divis\u00e3o de Espanha para lutar por t\u00edtulos em Portugal e jogar\u00a0<a class=\"autolink-enabled\" data-resource-id=\"27\" data-resource-type=\"competition\" data-sport=\"football\" href=\"https:\/\/www.abola.pt\/futebol\/competicao\/uefa-champions-league-27\" rel=\"nofollow noopener\" target=\"_blank\">UEFA Champions League<\/a>.\u00a0<\/p>\n<p>Nas duas \u00faltimas \u00e9pocas, recorde-se, Souleymane Faye esteve ao servi\u00e7o do\u00a0<a class=\"autolink-enabled\" data-resource-id=\"215\" data-resource-type=\"team\" data-sport=\"football\" href=\"https:\/\/www.abola.pt\/futebol\/betis-215\" rel=\"nofollow noopener\" target=\"_blank\">Betis<\/a>\u00a0B e mudou-se para o\u00a0<a class=\"autolink-enabled\" data-resource-id=\"195\" data-resource-type=\"team\" data-sport=\"football\" href=\"https:\/\/www.abola.pt\/futebol\/granada-195\" rel=\"nofollow noopener\" target=\"_blank\">Granada<\/a>\u00a0no passado ver\u00e3o, por 500 mil euros \u2014 o Talavera, clube por onde o extremo passou em 2022\/2023, mant\u00e9m 50 por cento dos direitos econ\u00f3micos. Esta temporada, o internacional senegal\u00eas participou j\u00e1 em 21 jogos do\u00a0Granada, 19 no campeonato e dois na\u00a0<a class=\"autolink-enabled\" data-resource-id=\"80\" data-resource-type=\"competition\" data-sport=\"football\" href=\"https:\/\/www.abola.pt\/futebol\/competicao\/taca-do-rei-80\" rel=\"nofollow noopener\" target=\"_blank\">Ta\u00e7a do Rei<\/a>, num total de 1649 minutos e com dois golos marcados e seis assist\u00eancias.\u00a0<\/p>\n","protected":false},"excerpt":{"rendered":"Souleymane Faye, que est\u00e1 a ser negociado pelo Sporting, podendo ser o segundo refor\u00e7o de inverno, ficou de&hellip;\n","protected":false},"author":2,"featured_media":218276,"comment_status":"","ping_status":"","sticky":false,"template":"","format":"standard","meta":{"footnotes":""},"categories":[8],"tags":[27,28,15,16,14,25,26,21,22,12,13,19,20,32,23,24,33,17,18,29,30,31],"class_list":{"0":"post-218275","1":"post","2":"type-post","3":"status-publish","4":"format-standard","5":"has-post-thumbnail","7":"category-principais-noticias","8":"tag-breaking-news","9":"tag-breakingnews","10":"tag-featured-news","11":"tag-featurednews","12":"tag-headlines","13":"tag-latest-news","14":"tag-latestnews","15":"tag-main-news","16":"tag-mainnews","17":"tag-news","18":"tag-noticias","19":"tag-noticias-principais","20":"tag-noticiasprincipais","21":"tag-portugal","22":"tag-principais-noticias","23":"tag-principaisnoticias","24":"tag-pt","25":"tag-top-stories","26":"tag-topstories","27":"tag-ultimas","28":"tag-ultimas-noticias","29":"tag-ultimasnoticias"},"share_on_mastodon":{"url":"https:\/\/pubeurope.com\/@pt\/115850780640791078","error":""},"_links":{"self":[{"href":"https:\/\/www.europesays.com\/pt\/wp-json\/wp\/v2\/posts\/218275","targetHints":{"allow":["GET"]}}],"collection":[{"href":"https:\/\/www.europesays.com\/pt\/wp-json\/wp\/v2\/posts"}],"about":[{"href":"https:\/\/www.europesays.com\/pt\/wp-json\/wp\/v2\/types\/post"}],"author":[{"embeddable":true,"href":"https:\/\/www.europesays.com\/pt\/wp-json\/wp\/v2\/users\/2"}],"replies":[{"embeddable":true,"href":"https:\/\/www.europesays.com\/pt\/wp-json\/wp\/v2\/comments?post=218275"}],"version-history":[{"count":0,"href":"https:\/\/www.europesays.com\/pt\/wp-json\/wp\/v2\/posts\/218275\/revisions"}],"wp:featuredmedia":[{"embeddable":true,"href":"https:\/\/www.europesays.com\/pt\/wp-json\/wp\/v2\/media\/218276"}],"wp:attachment":[{"href":"https:\/\/www.europesays.com\/pt\/wp-json\/wp\/v2\/media?parent=218275"}],"wp:term":[{"taxonomy":"category","embeddable":true,"href":"https:\/\/www.europesays.com\/pt\/wp-json\/wp\/v2\/categories?post=218275"},{"taxonomy":"post_tag","embeddable":true,"href":"https:\/\/www.europesays.com\/pt\/wp-json\/wp\/v2\/tags?post=218275"}],"curies":[{"name":"wp","href":"https:\/\/api.w.org\/{rel}","templated":true}]}}