{"id":218295,"date":"2026-01-06T23:49:21","date_gmt":"2026-01-06T23:49:21","guid":{"rendered":"https:\/\/www.europesays.com\/pt\/218295\/"},"modified":"2026-01-06T23:49:21","modified_gmt":"2026-01-06T23:49:21","slug":"novas-tabelas-de-retencao-de-irs-publicadas-observador","status":"publish","type":"post","link":"https:\/\/www.europesays.com\/pt\/218295\/","title":{"rendered":"Novas tabelas de reten\u00e7\u00e3o de IRS publicadas \u2013 Observador"},"content":{"rendered":"<p>As novas tabelas de reten\u00e7\u00e3o na fonte em sede de IRS para vigorar ao longo de 2026 j\u00e1 foram publicadas no portal das Finan\u00e7as. Conforme se antecipava, as remunera\u00e7\u00f5es at\u00e9 920 euros, novo valor para o sal\u00e1rio m\u00ednimo nacional, ficam isentas de IRS. As tabelas s\u00e3o para trabalhadores dependentes e pensionistas.<\/p>\n<p>As tabelas de reten\u00e7\u00e3o s\u00e3o as aplicadas mensalmente aos sal\u00e1rios, retirando-se uma parte dessa remunera\u00e7\u00e3o para IRS. S\u00f3 no ano seguinte (neste caso em 2027) quando se preencher as declara\u00e7\u00f5es anuais de IRS \u2014 cujas <a href=\"https:\/\/observador.pt\/2025\/10\/09\/vai-muito-provavelmente-pagar-menos-irs-em-2026-veja-as-simulacoes-para-o-seu-caso\/\" rel=\"nofollow noopener\" target=\"_blank\">taxas voltaram a baixar no \u00e2mbito do Or\u00e7amento do Estado para 2026<\/a> \u2014 \u00e9 que se apura o imposto final, tendo em conta tamb\u00e9m as dedu\u00e7\u00f5es conseguidas.<\/p>\n<p>Para o IRS referente a 2026 h\u00e1 um aumento na dedu\u00e7\u00e3o para as rendas, mas tamb\u00e9m haver\u00e1 dedu\u00e7\u00e3o \u00e0 coleta pela exig\u00eancia de faturas (15% do IVA suportado) na compra de livros (em livrarias), espet\u00e1culos (<a href=\"https:\/\/observador.pt\/2025\/11\/21\/deducao-do-iva-gasto-na-cultura-no-irs-para-2026-tera-excluido-cinema-ps-admite-ajustar-medida-no-futuro\/\" rel=\"nofollow noopener\" target=\"_blank\">exceto cinema)<\/a>, acesso a museus e monumentos e bibliotecas.<\/p>\n<p>Mas as tabelas de reten\u00e7\u00e3o agora publicadas t\u00eam em conta a diminui\u00e7\u00e3o das taxas de IRS (do 2.\u00ba ao 5.\u00ba escal\u00e3o), a atualiza\u00e7\u00e3o dos escal\u00f5es em 3,51% e a atualiza\u00e7\u00e3o do valor de refer\u00eancia do m\u00ednimo de exist\u00eancia (para 12.880 euros anuais). No despacho da secret\u00e1ria de Estado dos Assuntos Fiscais, Cl\u00e1udia Duarte, \u00e9 indicado que vai manter-se a pol\u00edtica de se aproximar o que \u00e9 retido mensalmente do imposto anual devido, para que n\u00e3o haja um volume t\u00e3o elevado de reembolsos.<\/p>\n<p>\u201cDesde o segundo semestre de 2023, tem vindo a ser aplicado um <strong>novo modelo de reten\u00e7\u00e3o na fonte<\/strong>, baseado na aplica\u00e7\u00e3o de taxas marginais progressivas. Este modelo caracteriza a tributa\u00e7\u00e3o em sede do Imposto sobre o Rendimento das Pessoas Singulares (IRS), em conson\u00e2ncia com as taxas e os escal\u00f5es relevantes para a liquida\u00e7\u00e3o anual do imposto. Desta forma, evitam-se situa\u00e7\u00f5es de regressividade, onde aumentos na remunera\u00e7\u00e3o mensal bruta poderiam resultar em diminui\u00e7\u00f5es da remunera\u00e7\u00e3o mensal l\u00edquida, <strong>aproximando o imposto retido ao imposto devido em termos finais\u201d, <\/strong><a href=\"https:\/\/info.portaldasfinancas.gov.pt\/pt\/informacao_fiscal\/legislacao\/Despachos_SEAF\/Documents\/Despacho-SEAF-2026-01-05-XXV.pdf\" rel=\"nofollow noopener\" target=\"_blank\">l\u00ea-se no despacho.<\/a> Apesar de o imposto a pagar por cada contribuinte ser mais baixo, houve muitos que ficaram surpreendidos com os n\u00edveis de reembolsos (menores ou mesmo invertendo de reembolso para pagamento) no \u00faltimo ano.<\/p>\n<p>Veja as tabelas de reten\u00e7\u00e3o que vigoram desde 1 de janeiro deste ano para os trabalhadores dependentes:<\/p>\n<p>                        <img src=\"https:\/\/www.europesays.com\/pt\/wp-content\/uploads\/2026\/01\/captura-de-ecra-2026-01-06-as-120706.jpg\" alt=\"\" loading=\"eager\" decoding=\"async\" width=\"1278\" class=\"\" onload=\"this.parentElement.classList.remove('spinner')\" onerror=\"this.parentElement.classList.remove('spinner')\"\/>                    <\/p>\n<p>        7 fotos\n    <\/p>\n<p>As tabelas para pensionistas s\u00e3o diferentes:<\/p>\n<p>                        <img src=\"https:\/\/www.europesays.com\/pt\/wp-content\/uploads\/2026\/01\/captura-de-ecra-2026-01-06-as-120740.jpg\" alt=\"\" loading=\"eager\" decoding=\"async\" width=\"1258\" class=\"\" onload=\"this.parentElement.classList.remove('spinner')\" onerror=\"this.parentElement.classList.remove('spinner')\"\/>                    <\/p>\n<p>        4 fotos\n    <\/p>\n<p>Num conjunto de simula\u00e7\u00f5es feitas pela EY a pedido do Observador verifica-se que os ganhos mensais podem atingir mais de 20 euros, ainda que haja casos com impactos inferiores. Depende do valor do sal\u00e1rio e da situa\u00e7\u00e3o do agregado. Os ganhos para os pensionistas (no caso de um titular) s\u00e3o menores. Estas simula\u00e7\u00f5es pressup\u00f5em que o sal\u00e1rio se manteve de um ano para o outro, j\u00e1 que uma valoriza\u00e7\u00e3o salarial superior \u00e0 subida dos escal\u00f5es vai implicar menor ganho.<\/p>\n<p>No caso do trabalho dependente, para um solteiro sem dependentes, \u00e9 na casa dos 1.500 euros de remunera\u00e7\u00e3o que o ganho mensal acaba por ser menor, isto comparando com o que o trabalhador recebeu nos \u00faltimos meses de 2025 (de outubro a dezembro).<\/p>\n","protected":false},"excerpt":{"rendered":"As novas tabelas de reten\u00e7\u00e3o na fonte em sede de IRS para vigorar ao longo de 2026 j\u00e1&hellip;\n","protected":false},"author":2,"featured_media":218296,"comment_status":"","ping_status":"","sticky":false,"template":"","format":"standard","meta":{"footnotes":""},"categories":[8],"tags":[27,28,476,15,16,14,2501,4306,25,26,21,22,12,13,19,20,32,23,24,33,17,18,29,30,31],"class_list":{"0":"post-218295","1":"post","2":"type-post","3":"status-publish","4":"format-standard","5":"has-post-thumbnail","7":"category-principais-noticias","8":"tag-breaking-news","9":"tag-breakingnews","10":"tag-economia","11":"tag-featured-news","12":"tag-featurednews","13":"tag-headlines","14":"tag-impostos","15":"tag-irs","16":"tag-latest-news","17":"tag-latestnews","18":"tag-main-news","19":"tag-mainnews","20":"tag-news","21":"tag-noticias","22":"tag-noticias-principais","23":"tag-noticiasprincipais","24":"tag-portugal","25":"tag-principais-noticias","26":"tag-principaisnoticias","27":"tag-pt","28":"tag-top-stories","29":"tag-topstories","30":"tag-ultimas","31":"tag-ultimas-noticias","32":"tag-ultimasnoticias"},"share_on_mastodon":{"url":"https:\/\/pubeurope.com\/@pt\/115850835653316755","error":""},"_links":{"self":[{"href":"https:\/\/www.europesays.com\/pt\/wp-json\/wp\/v2\/posts\/218295","targetHints":{"allow":["GET"]}}],"collection":[{"href":"https:\/\/www.europesays.com\/pt\/wp-json\/wp\/v2\/posts"}],"about":[{"href":"https:\/\/www.europesays.com\/pt\/wp-json\/wp\/v2\/types\/post"}],"author":[{"embeddable":true,"href":"https:\/\/www.europesays.com\/pt\/wp-json\/wp\/v2\/users\/2"}],"replies":[{"embeddable":true,"href":"https:\/\/www.europesays.com\/pt\/wp-json\/wp\/v2\/comments?post=218295"}],"version-history":[{"count":0,"href":"https:\/\/www.europesays.com\/pt\/wp-json\/wp\/v2\/posts\/218295\/revisions"}],"wp:featuredmedia":[{"embeddable":true,"href":"https:\/\/www.europesays.com\/pt\/wp-json\/wp\/v2\/media\/218296"}],"wp:attachment":[{"href":"https:\/\/www.europesays.com\/pt\/wp-json\/wp\/v2\/media?parent=218295"}],"wp:term":[{"taxonomy":"category","embeddable":true,"href":"https:\/\/www.europesays.com\/pt\/wp-json\/wp\/v2\/categories?post=218295"},{"taxonomy":"post_tag","embeddable":true,"href":"https:\/\/www.europesays.com\/pt\/wp-json\/wp\/v2\/tags?post=218295"}],"curies":[{"name":"wp","href":"https:\/\/api.w.org\/{rel}","templated":true}]}}