{"id":218303,"date":"2026-01-06T23:58:10","date_gmt":"2026-01-06T23:58:10","guid":{"rendered":"https:\/\/www.europesays.com\/pt\/218303\/"},"modified":"2026-01-06T23:58:10","modified_gmt":"2026-01-06T23:58:10","slug":"felipe-de-espanha-e-o-rei-que-mais-trabalha-em-toda-a-europa-diz-relatorio-monarquia","status":"publish","type":"post","link":"https:\/\/www.europesays.com\/pt\/218303\/","title":{"rendered":"Felipe de Espanha \u00e9 o rei que mais trabalha em toda a Europa, diz relat\u00f3rio | Monarquia"},"content":{"rendered":"<p>As vozes cr\u00edticas da monarquia queixam-se de que as fam\u00edlias reais n\u00e3o trabalham o suficiente para merecer a sua subven\u00e7\u00e3o p\u00fablica, mas os n\u00fameros podem vir a contrariar (ou comprovar) essa teoria. O rei espanhol, Felipe VI, foi o que mais trabalhou entre todas as monarquias da Europa, somando 192 dias de compromissos oficiais em 2025, destronando Alberto do M\u00f3naco que tinha sido o campe\u00e3o no ano anterior. A rainha Letizia tamb\u00e9m \u00e9 a rainha ou princesa que assume mais fun\u00e7\u00f5es, ultrapassando largamente nomes como a princesa Victoria da Su\u00e9cia, a rainha Mary da Dinamarca ou a princesa de Gales, Kate, avan\u00e7a o estudo da <a href=\"https:\/\/ufonomore.com\/blog\/2026\/1\/4\/how-many-days-did-they-work-in-2025\" target=\"_blank\" rel=\"nofollow noopener\">plataforma Ufo No More<\/a>, dedicada \u00e0 monarquia.<\/p>\n<p>Da lista constam apenas os 27 membros mais trabalhadores das monarquias europeias \u2014 sendo que Carlos e Camila do Reino Unido n\u00e3o s\u00e3o inclu\u00eddos, sem justifica\u00e7\u00e3o do motivo da sua aus\u00eancia. Al\u00e9m disso, o relat\u00f3rio apenas contabiliza os dias de trabalho e n\u00e3o o n\u00famero de compromissos, sendo que \u00e9 habitual, em cada desloca\u00e7\u00e3o, serem encaixadas v\u00e1rias presen\u00e7as institucionais.<\/p>\n<p>Seja como for, Felipe segue na lideran\u00e7a e trabalhou mais quatro dias em 2025 do que em 2024 \u2014 192 dias por compara\u00e7\u00e3o aos 188 do ano anterior. E o m\u00eas de Junho foi aquele em que registou mais compromissos (24). Como um todo, a fam\u00edlia real espanhola trabalhou 216 dias, sendo que o ano teve 253 dias \u00fateis.<\/p>\n<p>A rainha Letizia ocupa apenas o oitavo lugar do ranking. Trabalhou 121 dias. Por sua vez, a princesa Leonor e a infanta Sofia n\u00e3o constam da lista oficial \u2014 a mais velha<a href=\"https:\/\/www.publico.pt\/2025\/12\/19\/impar\/noticia\/princesa-leonor-espanha-cadete-forca-aerea-ja-voa-sozinha-2158712\" rel=\"nofollow noopener\" target=\"_blank\"> ainda est\u00e1 a cumprir <\/a>a forma\u00e7\u00e3o militar obrigat\u00f3ria e a mais nova est\u00e1 a frequentar uma licenciatura, em Lisboa \u2014, ainda que, ao servi\u00e7o da monarquia, tenham trabalhado uma m\u00e9dia de dez dias, cada uma. A plataforma faz, ainda, men\u00e7\u00e3o \u00e0 rainha em\u00e9rita, Sofia, que acumulou 36 dias de trabalho.<\/p>\n<p>                &#13;<br \/>\n                    &#13;<br \/>\n                    &#13;<br \/>\n                        Alberto e Charlene do M\u00f3naco&#13;<br \/>\nERIC GAILLARD\/Reuters                    &#13;<\/p>\n<p>O segundo lugar fica para o pr\u00edncipe Alberto do M\u00f3naco, que foi <a href=\"https:\/\/www.publico.pt\/2025\/01\/08\/impar\/noticia\/2024-trabalhou-realeza-europeia-alberto-felipe-2118016\" rel=\"nofollow noopener\" target=\"_blank\">o campe\u00e3o de 2024<\/a>, com 165 dias de compromissos \u2014 menos 43 do que em 2024. N\u00e3o se conhece o motivo que ter\u00e1 levado \u00e0 redu\u00e7\u00e3o da agenda oficial, que \u00e9 de estranhar num ano que ficou marcado pela comemora\u00e7\u00e3o dos 20 anos de reinado do sucessor de Rainier III. J\u00e1 Charlene trabalhou 72 dias, em compara\u00e7\u00e3o com os 69 do ano passado. Ocupa a 22.\u00aa posi\u00e7\u00e3o da lista.<\/p>\n<p>A fechar o p\u00f3dio est\u00e1 o pr\u00edncipe Haakon da Noruega, que tem vindo a assumir um n\u00famero crescente de compromissos p\u00fablicos nos \u00faltimos anos, depois de o pai, o rei Haroldo V, de 88 anos, ter<a href=\"https:\/\/www.publico.pt\/2024\/04\/26\/impar\/noticia\/haroldo-v-noruega-vai-reduzir-agenda-oficial-forma-permanente-2088335\" rel=\"nofollow noopener\" target=\"_blank\"> reduzido a agenda oficial <\/a>&#8220;de forma permanente&#8221; por motivos de sa\u00fade. Em 2025, Haakon trabalhou 156 dias (um a mais do que no ano passado), enquanto o pai completou 108 \u2014 o que lhe vale uma posi\u00e7\u00e3o a meio do ranking.<\/p>\n<p>Em contraste, a princesa Mette-Marit, mulher de Haakon, apenas trabalhou 59 dias, num ano que foi particularmente dif\u00edcil: o seu filho mais velho, Marius Borg, <a href=\"https:\/\/www.publico.pt\/2025\/08\/18\/impar\/noticia\/filho-princesa-noruega-acusado-violacao-vai-julgamento-2144266\" rel=\"nofollow noopener\" target=\"_blank\">\u00e9 acusado<\/a> de 32 crimes, incluindo quatro viola\u00e7\u00f5es, e dever\u00e1 ir a julgamento em Fevereiro. Ao mesmo tempo, a princesa de 52 anos tem lidado com o <a href=\"https:\/\/www.publico.pt\/2025\/09\/22\/impar\/noticia\/princesa-mettemarit-noruega-cancela-agenda-tratamento-pulmonar-2148047\" rel=\"nofollow noopener\" target=\"_blank\">agravamento <\/a>dos sintomas da fibrose pulmonar, doen\u00e7a cr\u00f3nica com que foi diagnosticada em 2018, levando a casa real norueguesa a admitir que poder\u00e1 ter de fazer um transplante pulmonar em breve.<\/p>\n<p>                &#13;<br \/>\n                    &#13;<br \/>\n                    &#13;<br \/>\n                        Haakon e Mette Marit da Noruega&#13;<br \/>\nPHILIPP GUELLAND\/Reuters                    &#13;<\/p>\n<p><strong>Onde ficam William e Kate?<\/strong><\/p>\n<p>Depois da fam\u00edlia real norueguesa, em quarto lugar, est\u00e1 o rei Philippe dos Belgas, que trabalhou 139 dias, enquanto a sua consorte, a rainha Mathilde, apenas contabilizou 108 dias de trabalho. A filha mais velha, a princesa Elisabeth, teve compromissos oficiais em cinco dias por estar a<a href=\"https:\/\/www.publico.pt\/2025\/05\/23\/impar\/noticia\/futura-rainha-belgica-envolvida-proibicao-estudantes-estrangeiros-harvard-2134161\" rel=\"nofollow noopener\" target=\"_blank\"> estudar em Harvard nos EUA <\/a>\u2014 enquanto Donald Trump n\u00e3o expulsar os estudantes internacionais, como tentou<a href=\"https:\/\/www.publico.pt\/2025\/07\/21\/mundo\/noticia\/havard-combate-administracao-trump-tribunal-cancelamento-fundos-2141222\" rel=\"nofollow noopener\" target=\"_blank\"> v\u00e1rias vezes<\/a> no \u00faltimo ano.<\/p>\n<p>Em quinto lugar, fica Carlos XVI Gustavo da Su\u00e9cia (131 dias) acompanhado da rainha S\u00edlvia, que ocupa o 19.\u00ba lugar, com 98 dias trabalhados. O rei sueco \u00e9 seguido de perto pela filha, a princesa Victoria, que trabalhou 119 dias \u2014 \u00e9 a segunda mulher que mais trabalha em todas as monarquias, depois de Letizia.<\/p>\n<p>                &#13;<br \/>\n                    &#13;<br \/>\n                    &#13;<br \/>\n                        William e Kate constam da lista&#13;<br \/>\nChris Jackson\/Pool via REUTERS                    &#13;<\/p>\n<p>Isto, claro, se n\u00e3o contabilizarmos a princesa Ana de Inglaterra, que<a href=\"https:\/\/www.publico.pt\/2024\/11\/26\/impar\/noticia\/princesa-ana-membro-coroa-britanica-compromissos-reais-2113358\" rel=\"nofollow noopener\" target=\"_blank\"> \u00e9 habitualmente<\/a> a mais trabalhadora da fam\u00edlia real brit\u00e2nica. Contudo, o <a href=\"https:\/\/www.independent.co.uk\/news\/uk\/home-news\/king-charles-princess-anne-kate-middleton-hardest-working-royal-b2895113.html\" target=\"_blank\" rel=\"nofollow noopener\">The Independent<\/a> diz que, pela primeira vez, o rei Carlos III ultrapassou a irm\u00e3 com 533 compromissos (e n\u00e3o dias de trabalho) em 2025, o seu recorde pessoal dos \u00faltimos seis anos, num ano repleto de visitas oficiais a It\u00e1lia, ao Canad\u00e1 ou \u00e0 Pol\u00f3nia. A princesa real, por sua vez, cumpriu 478 compromissos em 186 dias.<\/p>\n<p>Na lista do Ufo No More, apenas est\u00e3o presentes os pr\u00edncipes de Gales, William e Kate. O futuro rei ocupa a 14.\u00aa posi\u00e7\u00e3o com 109 dias \u00fateis de trabalho \u2014 que, de acordo com o jornal ingl\u00eas, se traduz em 202 compromissos, mais 139 do que em 2024, ano que esteve ausente para apoiar a fam\u00edlia durante os <a href=\"https:\/\/www.publico.pt\/2025\/07\/02\/impar\/noticia\/princesa-kate-descreve-luta-cancro-montanharussa-2138691\" rel=\"nofollow noopener\" target=\"_blank\">tratamentos ao cancro de Kate<\/a>.<\/p>\n<p>A princesa de Gales ainda est\u00e1 a recuperar, depois de ter anunciado a remiss\u00e3o do cancro, e ocupa apenas o 25.\u00ba lugar do ranking com 52 dias de trabalho, ficando, ainda assim, \u00e0 frente de figuras como St\u00e9phanie, a nova gr\u00e3-duquesa de Luxemburgo, ou de Maria Teresa, a sua sogra.<\/p>\n","protected":false},"excerpt":{"rendered":"As vozes cr\u00edticas da monarquia queixam-se de que as fam\u00edlias reais n\u00e3o trabalham o suficiente para merecer a&hellip;\n","protected":false},"author":2,"featured_media":218304,"comment_status":"","ping_status":"","sticky":false,"template":"","format":"standard","meta":{"footnotes":""},"categories":[85],"tags":[114,115,640,445,709,6495,708,714,542,712,32,33],"class_list":{"0":"post-218303","1":"post","2":"type-post","3":"status-publish","4":"format-standard","5":"has-post-thumbnail","7":"category-entretenimento","8":"tag-entertainment","9":"tag-entretenimento","10":"tag-espanha","11":"tag-europa","12":"tag-familia-real-britanica","13":"tag-felipe-vi","14":"tag-impar","15":"tag-monarquia","16":"tag-para-redes","17":"tag-pessoas","18":"tag-portugal","19":"tag-pt"},"share_on_mastodon":{"url":"https:\/\/pubeurope.com\/@pt\/115850871085459730","error":""},"_links":{"self":[{"href":"https:\/\/www.europesays.com\/pt\/wp-json\/wp\/v2\/posts\/218303","targetHints":{"allow":["GET"]}}],"collection":[{"href":"https:\/\/www.europesays.com\/pt\/wp-json\/wp\/v2\/posts"}],"about":[{"href":"https:\/\/www.europesays.com\/pt\/wp-json\/wp\/v2\/types\/post"}],"author":[{"embeddable":true,"href":"https:\/\/www.europesays.com\/pt\/wp-json\/wp\/v2\/users\/2"}],"replies":[{"embeddable":true,"href":"https:\/\/www.europesays.com\/pt\/wp-json\/wp\/v2\/comments?post=218303"}],"version-history":[{"count":0,"href":"https:\/\/www.europesays.com\/pt\/wp-json\/wp\/v2\/posts\/218303\/revisions"}],"wp:featuredmedia":[{"embeddable":true,"href":"https:\/\/www.europesays.com\/pt\/wp-json\/wp\/v2\/media\/218304"}],"wp:attachment":[{"href":"https:\/\/www.europesays.com\/pt\/wp-json\/wp\/v2\/media?parent=218303"}],"wp:term":[{"taxonomy":"category","embeddable":true,"href":"https:\/\/www.europesays.com\/pt\/wp-json\/wp\/v2\/categories?post=218303"},{"taxonomy":"post_tag","embeddable":true,"href":"https:\/\/www.europesays.com\/pt\/wp-json\/wp\/v2\/tags?post=218303"}],"curies":[{"name":"wp","href":"https:\/\/api.w.org\/{rel}","templated":true}]}}