{"id":218309,"date":"2026-01-07T00:01:11","date_gmt":"2026-01-07T00:01:11","guid":{"rendered":"https:\/\/www.europesays.com\/pt\/218309\/"},"modified":"2026-01-07T00:01:11","modified_gmt":"2026-01-07T00:01:11","slug":"droga-politicos-e-militares-lucram-com-trafico-observador","status":"publish","type":"post","link":"https:\/\/www.europesays.com\/pt\/218309\/","title":{"rendered":"Droga. Pol\u00edticos e militares lucram com tr\u00e1fico? &#8211; Observador"},"content":{"rendered":"<ol>\n<li><a href=\"https:\/\/news.google.com\/rss\/articles\/CBMi-wFBVV95cUxOUTVhMnVPM3NIcWhFM0w4MUdsNzJOcGYxajN0ekFrS0E0YndPMExkQWpMRHdXSDhxRnpzU1FDVVRRYWhRNThlZ0kyZmtqQzRtcWd6VkRTY1dmQ0pFZm5PeHQ2QV9pWWJ6ZzQtYWR3RmNCU2pKVU5mYVotWUVPSlZjR1lscDhfMGdxZXBrLWpHMHY0OVBfWUZyZWoxdWN0TjBtcDdpS2VJcTRTNHo4b2JER3hpQkZ0ck56VTBUam1oSm5GZTVnZzBHSnI4SUlhNkNNUWtfajE4QTdDT0Q4NVNEbDVTS0EwdFd3Y1VIWE5LSEFob0FHWDNobGNwWQ?oc=5\" target=\"_blank\" rel=\"nofollow noopener\">Droga. Pol\u00edticos e militares lucram com tr\u00e1fico?<\/a>&nbsp;&nbsp;Observador<\/li>\n<li><a href=\"https:\/\/news.google.com\/rss\/articles\/CBMixgFBVV95cUxQd3ZNSDllcW5SdFdhR1pCZ1lLSEltYTdNakR1Nkk0YjZPZVRJNUpyWngtQlRoN3RlRjUyZUctOVA2U1dZTG95X2VsQjlUX2t4ZzZ0SU54WEV6UWpOWC1CdnJGR21YSTZJRGxTYnJoNFJZd0Mxdk5OenN5ZERYNDJnZXZoNUtRV2RNMFVLVlNPbWJNUGRRYWZsR3Q1UHQwRG1QTWphYTk3UTVrMWYwam9DQzRVdkF4VlVpZERsaEVVRzRycU5mOHc?oc=5\" target=\"_blank\" rel=\"nofollow noopener\">Dados oficiais n\u00e3o sustentam &#8216;guerra \u00e0s drogas&#8217; que Trump explora contra Maduro<\/a>&nbsp;&nbsp;Folha de S.Paulo<\/li>\n<li><a href=\"https:\/\/news.google.com\/rss\/articles\/CBMixAFBVV95cUxOb0lHUVUyREdPWWdYY29nSmk1NUVCMVpxOThkUjhmZTVqalc1bllNUkg5UVVjODRLZXRuRURHTUV4dUw1MFFLQWtOdTU3VXVSOGNfMXFzMDJEZktWVVZfQmNYSDAwc3A0bjQ2eTQyckUyRDM0RXY4d0VScTRHNURMdnNrcWtQY09HVi1xaTI5VENSUjU0TVd0STRPZS1senhPeVk5OE9JSk9lYndoSW1BQ3M0ZjZJcWk0N1hPbHNvdVNLbklT?oc=5\" target=\"_blank\" rel=\"nofollow noopener\">O mundo precisa exigir as provas da acusa\u00e7\u00e3o de Trump ao presidente Maduro como narcotraficante<\/a>&nbsp;&nbsp;Brasil 247<\/li>\n<li><a href=\"https:\/\/news.google.com\/rss\/articles\/CBMi1wFBVV95cUxNU0Y5dlBndWl5akNvRlM4YVJ4X1JlS2xOaGJwYmVPcWdDZml6VlZRYThPNG9CN2dzNGd0Yzlxc1ROYVZFbGJvWnRNR1hQdnJ4bUdENzl5RHM1ekN1RUFmUlVqN2xoTmVCaW5BMnNHeHgwYzdmX3MxVVYtQTNBQ0lnaHZhMjU2bExNWVYzaHBTVG5iVW5nR05kcEhndjV5OVFNWGxQVFA2UHVVeDRVRnZzTVU3ZE1WdHg1R2tsbWZxRzJLSktEcGVSTmJIYnRPTXVpUGVJZ2d5RQ?oc=5\" target=\"_blank\" rel=\"nofollow noopener\">Ativista revela por que acusa\u00e7\u00f5es de narcotr\u00e1fico contra a Venezuela s\u00e3o absurdas<\/a>&nbsp;&nbsp;Tribuna do Sert\u00e3o<\/li>\n<li><a href=\"https:\/\/news.google.com\/rss\/articles\/CBMi3AFBVV95cUxNQkp1Q0Y2WmVEVjBDTnNKX010S2NpTFczQ2JacTBMYnZxWmN1NklGVWNBeHN0ei1ZVGJHc0ZlOTZJUG9RQkxaTmtNRlEydTlLRmh3aFZsVXhQa281WGJkNGdCQ09saVd0UDh6TEZXZ3djbTJQaUttNHZHeFN5T3hVWG5VTzRMMENqZUlXc0Z2c2ZjTW9FYjFibGdqSFBPLU1nd1BDd3gyU254Tjl5SVJ0V3hLQXNyLUMtWXh1bmJzUnJ6bm9nUFROdzhrakRDNkhoWk1WalFDRTM2bXBW?oc=5\" target=\"_blank\" rel=\"nofollow noopener\">Trump culpa Maduro pelas mortes por overdose de americanos \u2013 o que dizem os especialistas sobre isso<\/a>&nbsp;&nbsp;cinetotal.com.br<\/li>\n<\/ol>\n","protected":false},"excerpt":{"rendered":"Droga. Pol\u00edticos e militares lucram com tr\u00e1fico?&nbsp;&nbsp;Observador Dados oficiais n\u00e3o sustentam &#8216;guerra \u00e0s drogas&#8217; que Trump explora contra&hellip;\n","protected":false},"author":2,"featured_media":196976,"comment_status":"","ping_status":"","sticky":false,"template":"","format":"standard","meta":{"footnotes":""},"categories":[50],"tags":[27,28,15,16,14,25,26,21,22,62,12,13,19,20,23,24,17,18,29,30,31,63,64,65],"class_list":{"0":"post-218309","1":"post","2":"type-post","3":"status-publish","4":"format-standard","5":"has-post-thumbnail","7":"category-mundo","8":"tag-breaking-news","9":"tag-breakingnews","10":"tag-featured-news","11":"tag-featurednews","12":"tag-headlines","13":"tag-latest-news","14":"tag-latestnews","15":"tag-main-news","16":"tag-mainnews","17":"tag-mundo","18":"tag-news","19":"tag-noticias","20":"tag-noticias-principais","21":"tag-noticiasprincipais","22":"tag-principais-noticias","23":"tag-principaisnoticias","24":"tag-top-stories","25":"tag-topstories","26":"tag-ultimas","27":"tag-ultimas-noticias","28":"tag-ultimasnoticias","29":"tag-world","30":"tag-world-news","31":"tag-worldnews"},"share_on_mastodon":{"url":"","error":""},"_links":{"self":[{"href":"https:\/\/www.europesays.com\/pt\/wp-json\/wp\/v2\/posts\/218309","targetHints":{"allow":["GET"]}}],"collection":[{"href":"https:\/\/www.europesays.com\/pt\/wp-json\/wp\/v2\/posts"}],"about":[{"href":"https:\/\/www.europesays.com\/pt\/wp-json\/wp\/v2\/types\/post"}],"author":[{"embeddable":true,"href":"https:\/\/www.europesays.com\/pt\/wp-json\/wp\/v2\/users\/2"}],"replies":[{"embeddable":true,"href":"https:\/\/www.europesays.com\/pt\/wp-json\/wp\/v2\/comments?post=218309"}],"version-history":[{"count":0,"href":"https:\/\/www.europesays.com\/pt\/wp-json\/wp\/v2\/posts\/218309\/revisions"}],"wp:featuredmedia":[{"embeddable":true,"href":"https:\/\/www.europesays.com\/pt\/wp-json\/wp\/v2\/media\/196976"}],"wp:attachment":[{"href":"https:\/\/www.europesays.com\/pt\/wp-json\/wp\/v2\/media?parent=218309"}],"wp:term":[{"taxonomy":"category","embeddable":true,"href":"https:\/\/www.europesays.com\/pt\/wp-json\/wp\/v2\/categories?post=218309"},{"taxonomy":"post_tag","embeddable":true,"href":"https:\/\/www.europesays.com\/pt\/wp-json\/wp\/v2\/tags?post=218309"}],"curies":[{"name":"wp","href":"https:\/\/api.w.org\/{rel}","templated":true}]}}