{"id":218313,"date":"2026-01-07T00:10:15","date_gmt":"2026-01-07T00:10:15","guid":{"rendered":"https:\/\/www.europesays.com\/pt\/218313\/"},"modified":"2026-01-07T00:10:15","modified_gmt":"2026-01-07T00:10:15","slug":"hansi-flick-abre-a-porta-a-cancelo-se-resultar-ficarei-contente","status":"publish","type":"post","link":"https:\/\/www.europesays.com\/pt\/218313\/","title":{"rendered":"Hansi Flick abre a porta a Cancelo: \u00abSe resultar, ficarei contente\u00bb"},"content":{"rendered":"<p data-end=\"496\" data-start=\"222\">Hansi Flick confirmou esta ter\u00e7a-feira que o Barcelona est\u00e1 a equacionar a contrata\u00e7\u00e3o de Jo\u00e3o Cancelo por empr\u00e9stimo at\u00e9 ao final da temporada, destacando a versatilidade e a qualidade do internacional portugu\u00eas, embora ressalvando que o processo ainda n\u00e3o est\u00e1 conclu\u00eddo.<\/p>\n<p data-end=\"783\" data-start=\"498\">\u00abFal\u00e1mos muito sobre isso, eu e a minha equipa t\u00e9cnica. Quando o Ronald [Ara\u00fajo] regressar, penso que teremos boas op\u00e7\u00f5es como defesa-central, mas tamb\u00e9m com o Jo\u00e3o [Cancelo], que nos pode dar mais solu\u00e7\u00f5es como lateral, em ambos os lados\u00bb, explicou o treinador alem\u00e3o, em confer\u00eancia de imprensa.<\/p>\n<p data-end=\"1029\" data-start=\"785\">Flick sublinhou ainda o contributo que Cancelo pode oferecer no momento ofensivo, algo que pesa na avalia\u00e7\u00e3o do clube catal\u00e3o.<\/p>\n<p data-end=\"1029\" data-start=\"785\">\u00abNo ataque, ele tem muita qualidade. Se resultar, ficarei contente, porque teremos mais uma op\u00e7\u00e3o ofensiva, mas do que sei at\u00e9 ao momento, ainda n\u00e3o est\u00e1 fechado\u00bb, afirmou.<\/p>\n<p data-end=\"1299\" data-start=\"1031\">O t\u00e9cnico revelou que a possibilidade de contratar um defesa-central chegou a ser discutida internamente, mas considera que a aposta em Cancelo faz mais sentido neste momento.<\/p>\n<p data-end=\"1299\" data-start=\"1031\">\u00abS\u00e3o seis meses e acho que \u00e9 uma boa op\u00e7\u00e3o. Ele \u00e9 um jogador de grande qualidade\u00bb, concluiu Flick.<\/p>\n<p data-end=\"1299\" data-start=\"1031\">H\u00e1 duas temporadas nos \u00e1rabes do Al Hilal, Cancelo j\u00e1 representou o Barcelona em 2023\/24, na altura por empr\u00e9stimo do Manchester City. Nessa temporada, o lateral internacional portugu\u00eas realizou 42 jogos pelos\u00a0cul\u00e9s onde apontou quatro golos e cinco assist\u00eancias.<\/p>\n","protected":false},"excerpt":{"rendered":"Hansi Flick confirmou esta ter\u00e7a-feira que o Barcelona est\u00e1 a equacionar a contrata\u00e7\u00e3o de Jo\u00e3o Cancelo por empr\u00e9stimo&hellip;\n","protected":false},"author":2,"featured_media":218314,"comment_status":"","ping_status":"","sticky":false,"template":"","format":"standard","meta":{"footnotes":""},"categories":[87],"tags":[1235,135,640,82,21168,436,46,42,32,33,47,134,35],"class_list":{"0":"post-218313","1":"post","2":"type-post","3":"status-publish","4":"format-standard","5":"has-post-thumbnail","7":"category-desporto","8":"tag-barcelona","9":"tag-desporto","10":"tag-espanha","11":"tag-internacional","12":"tag-joao-cancelo","13":"tag-made-in","14":"tag-maisfutebol","15":"tag-mercado","16":"tag-portugal","17":"tag-pt","18":"tag-pura-paixao","19":"tag-sports","20":"tag-transferencias"},"share_on_mastodon":{"url":"https:\/\/pubeurope.com\/@pt\/115850918428279966","error":""},"_links":{"self":[{"href":"https:\/\/www.europesays.com\/pt\/wp-json\/wp\/v2\/posts\/218313","targetHints":{"allow":["GET"]}}],"collection":[{"href":"https:\/\/www.europesays.com\/pt\/wp-json\/wp\/v2\/posts"}],"about":[{"href":"https:\/\/www.europesays.com\/pt\/wp-json\/wp\/v2\/types\/post"}],"author":[{"embeddable":true,"href":"https:\/\/www.europesays.com\/pt\/wp-json\/wp\/v2\/users\/2"}],"replies":[{"embeddable":true,"href":"https:\/\/www.europesays.com\/pt\/wp-json\/wp\/v2\/comments?post=218313"}],"version-history":[{"count":0,"href":"https:\/\/www.europesays.com\/pt\/wp-json\/wp\/v2\/posts\/218313\/revisions"}],"wp:featuredmedia":[{"embeddable":true,"href":"https:\/\/www.europesays.com\/pt\/wp-json\/wp\/v2\/media\/218314"}],"wp:attachment":[{"href":"https:\/\/www.europesays.com\/pt\/wp-json\/wp\/v2\/media?parent=218313"}],"wp:term":[{"taxonomy":"category","embeddable":true,"href":"https:\/\/www.europesays.com\/pt\/wp-json\/wp\/v2\/categories?post=218313"},{"taxonomy":"post_tag","embeddable":true,"href":"https:\/\/www.europesays.com\/pt\/wp-json\/wp\/v2\/tags?post=218313"}],"curies":[{"name":"wp","href":"https:\/\/api.w.org\/{rel}","templated":true}]}}