{"id":218350,"date":"2026-01-07T00:45:17","date_gmt":"2026-01-07T00:45:17","guid":{"rendered":"https:\/\/www.europesays.com\/pt\/218350\/"},"modified":"2026-01-07T00:45:17","modified_gmt":"2026-01-07T00:45:17","slug":"justica-venezuelana-lembra-eua-que-maduro-tem-imunidade-presidencial","status":"publish","type":"post","link":"https:\/\/www.europesays.com\/pt\/218350\/","title":{"rendered":"Justi\u00e7a venezuelana lembra EUA que Maduro tem imunidade presidencial"},"content":{"rendered":"<p data-remotead-prev-elm=\"true\" data-remotead-elm-id=\"inread\">&#8220;A imunidade presidencial n\u00e3o \u00e9 apenas uma prerrogativa pessoal, mas um princ\u00edpio de natureza constitucional \u00e0 escala universal e uma norma fundamental do Direito Internacional&#8221;, disse Saab, considerando que a opera\u00e7\u00e3o militar norte-americana coloca o Direito Internacional e os direitos humanos &#8220;literalmente \u00e0 beira do colapso&#8221;.<\/p>\n<p>O procurador-geral exigiu a liberta\u00e7\u00e3o &#8220;imediata&#8221; e &#8220;incondicional&#8221; de Maduro e da mulher, Cilia Flores, sustentando que a deten\u00e7\u00e3o \u00e9 &#8220;completamente nula e sem efeito&#8221; e viola o Pacto Internacional sobre os Direitos Civis e Pol\u00edticos, a Declara\u00e7\u00e3o Universal dos Direitos Humanos e a pr\u00f3pria Constitui\u00e7\u00e3o norte-americana.<\/p>\n<p>Saab saudou ainda a nomea\u00e7\u00e3o da vice-presidente Delcy Rodr\u00edguez como Presidente interina da Venezuela, manifestando total apoio \u00e0 sua atua\u00e7\u00e3o &#8220;no \u00e2mbito da coopera\u00e7\u00e3o entre as autoridades p\u00fablicas&#8221;, que classificou como um princ\u00edpio constitucional essencial para a estabilidade democr\u00e1tica.<\/p>\n<p data-remotead-prev-elm=\"true\" data-remotead-elm-id=\"centro1\">No mesmo comunicado, Saab anunciou a cria\u00e7\u00e3o de uma comiss\u00e3o especial composta por tr\u00eas procuradores, encarregada de reunir informa\u00e7\u00e3o sobre as circunst\u00e2ncias que envolveram a morte de &#8220;dezenas de civis e militares inocentes&#8221;, que atribuiu \u00e0 opera\u00e7\u00e3o norte-americana, no s\u00e1bado passado, classificada por Caracas como um &#8220;crime de guerra&#8221; e uma agress\u00e3o sem precedentes contra o pa\u00eds.<\/p>\n<p>Maduro e Flores, acusados por um tribunal nova-iorquino de tr\u00e1fico de droga, corrup\u00e7\u00e3o e branqueamento de capitais, declararam-se inocentes numa breve audi\u00eancia, estando marcada para 17 de mar\u00e7o uma nova compar\u00eancia em tribunal.<\/p>\n<p>A comunidade internacional dividiu-se entre a condena\u00e7\u00e3o ao ataque dos EUA, que anunciaram a inten\u00e7\u00e3o de governar o pa\u00eds at\u00e9 se concluir uma transi\u00e7\u00e3o de poder, e sauda\u00e7\u00f5es pela queda de Maduro.<\/p>\n","protected":false},"excerpt":{"rendered":"&#8220;A imunidade presidencial n\u00e3o \u00e9 apenas uma prerrogativa pessoal, mas um princ\u00edpio de natureza constitucional \u00e0 escala universal&hellip;\n","protected":false},"author":2,"featured_media":218351,"comment_status":"","ping_status":"","sticky":false,"template":"","format":"standard","meta":{"footnotes":""},"categories":[50],"tags":[27,28,41754,15,16,14,25,26,21,22,62,12,3025,13,19,20,23,24,17,18,29,30,31,63,64,65],"class_list":{"0":"post-218350","1":"post","2":"type-post","3":"status-publish","4":"format-standard","5":"has-post-thumbnail","7":"category-mundo","8":"tag-breaking-news","9":"tag-breakingnews","10":"tag-eua-atacam-venezuela","11":"tag-featured-news","12":"tag-featurednews","13":"tag-headlines","14":"tag-latest-news","15":"tag-latestnews","16":"tag-main-news","17":"tag-mainnews","18":"tag-mundo","19":"tag-news","20":"tag-nicolas-maduro","21":"tag-noticias","22":"tag-noticias-principais","23":"tag-noticiasprincipais","24":"tag-principais-noticias","25":"tag-principaisnoticias","26":"tag-top-stories","27":"tag-topstories","28":"tag-ultimas","29":"tag-ultimas-noticias","30":"tag-ultimasnoticias","31":"tag-world","32":"tag-world-news","33":"tag-worldnews"},"share_on_mastodon":{"url":"https:\/\/pubeurope.com\/@pt\/115851055835412950","error":""},"_links":{"self":[{"href":"https:\/\/www.europesays.com\/pt\/wp-json\/wp\/v2\/posts\/218350","targetHints":{"allow":["GET"]}}],"collection":[{"href":"https:\/\/www.europesays.com\/pt\/wp-json\/wp\/v2\/posts"}],"about":[{"href":"https:\/\/www.europesays.com\/pt\/wp-json\/wp\/v2\/types\/post"}],"author":[{"embeddable":true,"href":"https:\/\/www.europesays.com\/pt\/wp-json\/wp\/v2\/users\/2"}],"replies":[{"embeddable":true,"href":"https:\/\/www.europesays.com\/pt\/wp-json\/wp\/v2\/comments?post=218350"}],"version-history":[{"count":0,"href":"https:\/\/www.europesays.com\/pt\/wp-json\/wp\/v2\/posts\/218350\/revisions"}],"wp:featuredmedia":[{"embeddable":true,"href":"https:\/\/www.europesays.com\/pt\/wp-json\/wp\/v2\/media\/218351"}],"wp:attachment":[{"href":"https:\/\/www.europesays.com\/pt\/wp-json\/wp\/v2\/media?parent=218350"}],"wp:term":[{"taxonomy":"category","embeddable":true,"href":"https:\/\/www.europesays.com\/pt\/wp-json\/wp\/v2\/categories?post=218350"},{"taxonomy":"post_tag","embeddable":true,"href":"https:\/\/www.europesays.com\/pt\/wp-json\/wp\/v2\/tags?post=218350"}],"curies":[{"name":"wp","href":"https:\/\/api.w.org\/{rel}","templated":true}]}}