{"id":218380,"date":"2026-01-07T01:07:06","date_gmt":"2026-01-07T01:07:06","guid":{"rendered":"https:\/\/www.europesays.com\/pt\/218380\/"},"modified":"2026-01-07T01:07:06","modified_gmt":"2026-01-07T01:07:06","slug":"george-clooney-diz-que-seu-filho-enfim-assistiu-batman-robin-e-revela-a-reacao","status":"publish","type":"post","link":"https:\/\/www.europesays.com\/pt\/218380\/","title":{"rendered":"George Clooney diz que seu filho (enfim) assistiu Batman &#038; Robin, e revela a rea\u00e7\u00e3o"},"content":{"rendered":"<p class=\"wp-block-yoast-seo-estimated-reading-time yoast-reading-time__wrapper\">Estimated reading time: 2 minutos<\/p>\n<p><a href=\"https:\/\/ovicio.com.br\/tag\/george-clooney\/\" target=\"_blank\" rel=\"noreferrer noopener nofollow\">George Clooney<\/a> estrelou <strong>Batman &amp; Robin<\/strong> (1997), do diretor <strong>Joel Schumacher<\/strong>, e sempre admite que nunca superou totalmente a experi\u00eancia.<\/p>\n<p>No entanto, quase tr\u00eas d\u00e9cadas depois, o ator finalmente recebeu um elogio inesperado, e vindo de casa.<\/p>\n<p>Em entrevista ao site da <strong>W Magazine<\/strong>, Clooney revelou que seu <strong>filho de 8 anos<\/strong> se vestiu de Homem-Morcego no Halloween, mesmo sem nunca ter assistido ao longa-metragem t\u00e3o criticado.<\/p>\n<p>\u201c<strong>Halloween \u00e9 um feriado importante. Meu filho foi de Batman. Ele ainda n\u00e3o tinha visto aquele filme<\/strong>\u201d, contou. \u201c<strong>Eu sempre digo pra ele: \u2018Voc\u00ea sabe que eu fui o Batman\u2019. E ele sempre responde: \u2018N\u00e3o\u2019. Eu n\u00e3o sei se ele tinha no\u00e7\u00e3o do qu\u00e3o profundo foi quando disse que eu n\u00e3o era o Batman<\/strong>.\u201d<\/p>\n<p>A descren\u00e7a do filho acabou servindo de motiva\u00e7\u00e3o.<\/p>\n<p>\u201c<strong>Algumas semanas atr\u00e1s, finalmente mostrei o filme pra ele<\/strong>\u201d, acrescentou. \u201c<strong>N\u00e3o \u00e9 \u00f3timo para adultos, mas \u00e9 \u00f3timo para crian\u00e7as de 8 anos, ent\u00e3o ele adorou<\/strong>.\u201d<\/p>\n<p>Enquanto isso, a filha de Clooney optou por outro caminho no feriado. \u201c<strong>Minha filha foi de bruxa. Ela n\u00e3o gosta dessas coisas de princesa. Ela gosta de ser a bruxa m\u00e1<\/strong>\u201d, completou.<\/p>\n<p>O elenco tamb\u00e9m trouxe <strong>Uma Thurman<\/strong> como Hera Venenosa, <strong>Arnold Schwarzenegger<\/strong> como Sr. Frio, <strong>Chris O\u2019Donnell<\/strong> como Robin e <strong>Alicia Silverstone<\/strong> como Batgirl.<\/p>\n<p>Leia tamb\u00e9m sobre Batman &amp; Robin:<\/p>\n<p><strong>Batman &amp; Robin<\/strong> pode ser encontrado no cat\u00e1logo da <strong>HBO Max<\/strong>. O tom &#8220;exagerado&#8221; n\u00e3o agradou, e acabou sendo respons\u00e1vel por colocar a franquia do her\u00f3i em um hiato de quase dez anos.<\/p>\n<p><strong>Fonte<\/strong>: <a href=\"https:\/\/www.wmagazine.com\/culture\/george-clooney-cover-interview-jay-kelly\" target=\"_blank\" rel=\"noreferrer noopener nofollow\">W Magazine<\/a><\/p>\n","protected":false},"excerpt":{"rendered":"Estimated reading time: 2 minutos George Clooney estrelou Batman &amp; Robin (1997), do diretor Joel Schumacher, e sempre&hellip;\n","protected":false},"author":2,"featured_media":218381,"comment_status":"","ping_status":"","sticky":false,"template":"","format":"standard","meta":{"footnotes":""},"categories":[140],"tags":[1948,14889,2945,2670,114,115,147,148,146,32,33],"class_list":{"0":"post-218380","1":"post","2":"type-post","3":"status-publish","4":"format-standard","5":"has-post-thumbnail","7":"category-filmes","8":"tag-batman","9":"tag-batman-robin","10":"tag-dc","11":"tag-dc-comics","12":"tag-entertainment","13":"tag-entretenimento","14":"tag-film","15":"tag-filmes","16":"tag-movies","17":"tag-portugal","18":"tag-pt"},"share_on_mastodon":{"url":"","error":""},"_links":{"self":[{"href":"https:\/\/www.europesays.com\/pt\/wp-json\/wp\/v2\/posts\/218380","targetHints":{"allow":["GET"]}}],"collection":[{"href":"https:\/\/www.europesays.com\/pt\/wp-json\/wp\/v2\/posts"}],"about":[{"href":"https:\/\/www.europesays.com\/pt\/wp-json\/wp\/v2\/types\/post"}],"author":[{"embeddable":true,"href":"https:\/\/www.europesays.com\/pt\/wp-json\/wp\/v2\/users\/2"}],"replies":[{"embeddable":true,"href":"https:\/\/www.europesays.com\/pt\/wp-json\/wp\/v2\/comments?post=218380"}],"version-history":[{"count":0,"href":"https:\/\/www.europesays.com\/pt\/wp-json\/wp\/v2\/posts\/218380\/revisions"}],"wp:featuredmedia":[{"embeddable":true,"href":"https:\/\/www.europesays.com\/pt\/wp-json\/wp\/v2\/media\/218381"}],"wp:attachment":[{"href":"https:\/\/www.europesays.com\/pt\/wp-json\/wp\/v2\/media?parent=218380"}],"wp:term":[{"taxonomy":"category","embeddable":true,"href":"https:\/\/www.europesays.com\/pt\/wp-json\/wp\/v2\/categories?post=218380"},{"taxonomy":"post_tag","embeddable":true,"href":"https:\/\/www.europesays.com\/pt\/wp-json\/wp\/v2\/tags?post=218380"}],"curies":[{"name":"wp","href":"https:\/\/api.w.org\/{rel}","templated":true}]}}