{"id":218439,"date":"2026-01-07T01:59:10","date_gmt":"2026-01-07T01:59:10","guid":{"rendered":"https:\/\/www.europesays.com\/pt\/218439\/"},"modified":"2026-01-07T01:59:10","modified_gmt":"2026-01-07T01:59:10","slug":"ruben-amorim-tem-interessados-em-2-paises-e-ja-tomou-decisao-quanto-ao-futuro","status":"publish","type":"post","link":"https:\/\/www.europesays.com\/pt\/218439\/","title":{"rendered":"Ruben Amorim tem interessados em 2 pa\u00edses e j\u00e1 tomou decis\u00e3o quanto ao futuro"},"content":{"rendered":"<p>&#8211; Advertisement &#8211;<\/p>\n<p>Ruben Amorim foi <a href=\"https:\/\/bolanarede.pt\/especial-bola-na-rede\/atualidade\/ja-e-oficial-ruben-amorim-despedido-do-comando-tecnico-do-manchester-united\/\" target=\"_blank\" rel=\"noreferrer noopener nofollow\">despedido do Manchester United <\/a>e j\u00e1 h\u00e1 novidades quanto ao futuro do treinador. De acordo com Rudy Galetti, apesar do interesse de clubes do Brasil e do M\u00e9dio Oriente, o treinador n\u00e3o pretende voltar aos trabalhos at\u00e9 ao final da \u00e9poca.<\/p>\n<p>O t\u00e9cnico d\u00e1 prioridade ao descanso e ao tempo com a fam\u00edlia e s\u00f3 tem inten\u00e7\u00e3o de voltar a trabalhar na pr\u00f3xima temporada, num projeto que considere o certo.<\/p>\n<p>Ruben Amorim deixou o Manchester United no sexto lugar da Premier League com 31 pontos. Darren Fletcher assumir\u00e1 o clube de forma interina. <\/p>\n<blockquote class=\"twitter-tweet\" data-width=\"550\" data-dnt=\"true\">\n<p lang=\"en\" dir=\"ltr\">\ud83d\udea8\u203c\ufe0f EXCL | Ruben Amorim has decided not to consider any offers from clubs until the end of the season, despite a strong interest from the Middle East and Brazil.<\/p>\n<p>The former Man Utd coach wants to rest his mind, spend time with his family and only return to coaching next season. <a href=\"https:\/\/t.co\/NwY5YJ8As6\" rel=\"nofollow\">pic.twitter.com\/NwY5YJ8As6<\/a><\/p>\n<p>\u2014 Rudy Galetti (@RudyGaletti) <a href=\"https:\/\/twitter.com\/RudyGaletti\/status\/2008227279709569313?ref_src=twsrc%5Etfw\" rel=\"nofollow noopener\" target=\"_blank\">January 5, 2026<\/a><\/p><\/blockquote>\n<p><script async src=\"https:\/\/platform.twitter.com\/widgets.js\" charset=\"utf-8\"><\/script><\/p>\n","protected":false},"excerpt":{"rendered":"&#8211; Advertisement &#8211; Ruben Amorim foi despedido do Manchester United e j\u00e1 h\u00e1 novidades quanto ao futuro do&hellip;\n","protected":false},"author":2,"featured_media":196758,"comment_status":"","ping_status":"","sticky":false,"template":"","format":"standard","meta":{"footnotes":""},"categories":[8],"tags":[260,1620,27,28,15,16,14,25,26,1965,21,22,663,12,13,19,20,32,666,23,24,33,1052,17,18,29,30,31],"class_list":{"0":"post-218439","1":"post","2":"type-post","3":"status-publish","4":"format-standard","5":"has-post-thumbnail","7":"category-principais-noticias","8":"tag-atualidade","9":"tag-brasileirao","10":"tag-breaking-news","11":"tag-breakingnews","12":"tag-featured-news","13":"tag-featurednews","14":"tag-headlines","15":"tag-latest-news","16":"tag-latestnews","17":"tag-liga-saudita","18":"tag-main-news","19":"tag-mainnews","20":"tag-manchester-united","21":"tag-news","22":"tag-noticias","23":"tag-noticias-principais","24":"tag-noticiasprincipais","25":"tag-portugal","26":"tag-premier-league","27":"tag-principais-noticias","28":"tag-principaisnoticias","29":"tag-pt","30":"tag-ruben-amorim","31":"tag-top-stories","32":"tag-topstories","33":"tag-ultimas","34":"tag-ultimas-noticias","35":"tag-ultimasnoticias"},"share_on_mastodon":{"url":"https:\/\/pubeurope.com\/@pt\/115851346868207977","error":""},"_links":{"self":[{"href":"https:\/\/www.europesays.com\/pt\/wp-json\/wp\/v2\/posts\/218439","targetHints":{"allow":["GET"]}}],"collection":[{"href":"https:\/\/www.europesays.com\/pt\/wp-json\/wp\/v2\/posts"}],"about":[{"href":"https:\/\/www.europesays.com\/pt\/wp-json\/wp\/v2\/types\/post"}],"author":[{"embeddable":true,"href":"https:\/\/www.europesays.com\/pt\/wp-json\/wp\/v2\/users\/2"}],"replies":[{"embeddable":true,"href":"https:\/\/www.europesays.com\/pt\/wp-json\/wp\/v2\/comments?post=218439"}],"version-history":[{"count":0,"href":"https:\/\/www.europesays.com\/pt\/wp-json\/wp\/v2\/posts\/218439\/revisions"}],"wp:featuredmedia":[{"embeddable":true,"href":"https:\/\/www.europesays.com\/pt\/wp-json\/wp\/v2\/media\/196758"}],"wp:attachment":[{"href":"https:\/\/www.europesays.com\/pt\/wp-json\/wp\/v2\/media?parent=218439"}],"wp:term":[{"taxonomy":"category","embeddable":true,"href":"https:\/\/www.europesays.com\/pt\/wp-json\/wp\/v2\/categories?post=218439"},{"taxonomy":"post_tag","embeddable":true,"href":"https:\/\/www.europesays.com\/pt\/wp-json\/wp\/v2\/tags?post=218439"}],"curies":[{"name":"wp","href":"https:\/\/api.w.org\/{rel}","templated":true}]}}