{"id":218471,"date":"2026-01-07T02:29:07","date_gmt":"2026-01-07T02:29:07","guid":{"rendered":"https:\/\/www.europesays.com\/pt\/218471\/"},"modified":"2026-01-07T02:29:07","modified_gmt":"2026-01-07T02:29:07","slug":"camila-pitanga-desabafa-sobre-saude-e-medico-chama-a-atencao-no-brasil-como-um-todo-e-rara","status":"publish","type":"post","link":"https:\/\/www.europesays.com\/pt\/218471\/","title":{"rendered":"Camila Pitanga desabafa sobre sa\u00fade e m\u00e9dico chama a aten\u00e7\u00e3o: &#8216;No Brasil como um todo, \u00e9 rara&#8217;"},"content":{"rendered":"<p>No ano de 2020, a atriz <strong><a href=\"https:\/\/caras.com.br\/tags\/camila-pitanga\" target=\"_blank\" rel=\"noopener nofollow\" data-mrf-link=\"https:\/\/caras.com.br\/tags\/camila-pitanga\">Camila Pitanga<\/a>\u00a0<\/strong>tornou p\u00fablica uma informa\u00e7\u00e3o de sua sa\u00fade e revelou que ela e a filha <a href=\"https:\/\/caras.com.br\/bem-estar\/camila-pitanga-e-a-filha-sao-diagnosticadas-com-malaria-10-dias-de-muito-sufoco.phtml#google_vignette\" target=\"_blank\" rel=\"noopener nofollow\">testaram positivo<\/a>\u00a0para a\u00a0mal\u00e1ria. \u00c0 \u00e9poca, ela detalhou sobre os <a href=\"https:\/\/caras.com.br\/bem-estar\/camila-pitanga-e-a-filha-sao-diagnosticadas-com-malaria-10-dias-de-muito-sufoco.phtml\" target=\"_blank\" rel=\"noopener nofollow\">sintomas<\/a> que apresentou. Hoje, ela est\u00e1 totalmente recuperada.<\/p>\n<p>\u201cForam 10 dias de muito sufoco. Entre picos de febre alta, calafrios e total incerteza [\u2026] os resultados dos exames sairam dando positivo para mal\u00e1ria. Eu e minha filha. Uma doen\u00e7a que ainda existe, \u00e9 cur\u00e1vel, mas precisa de cuidados. O tratamento \u00e9 gratuito [\u2026] Muito obrigada e parab\u00e9ns a todas e todos os profissionais de sa\u00fade desse pa\u00eds!!!\u201d, compartilhou Camila Pitanga nas redes sociais no ano de 2020.<\/p>\n<p> Opini\u00e3o do m\u00e9dico infectologista <\/p>\n<p>Para entender mais sobre o assunto, a <strong>CARAS Brasil <\/strong>entrevista o <strong>Dr. Igor Maia Marinho,\u00a0<\/strong>m\u00e9dico infectologista da Cl\u00ednica Sartor formado pela Faculdade de Medicina da USP\u00a0\u00a0e com resid\u00eancia m\u00e9dica em Mol\u00e9stias Infecciosas e Parasit\u00e1rias pelo Hospital das Cl\u00ednicas da Faculdade de Medicina da Universidade de S\u00e3o Paulo (HC-FMUSP), que explica sobre o assunto.<\/p>\n<p>\u201cA mal\u00e1ria \u00e9 uma doen\u00e7a infecciosa causada por parasitas do g\u00eanero Plasmodium, transmitida ao ser humano pela picada de mosquitos do g\u00eanero Anopheles infectados. N\u00e3o \u00e9 transmitida diretamente de pessoa para pessoa, somente atrav\u00e9s do mosquito ou, raramente, por transfus\u00e3o sangu\u00ednea ou de m\u00e3e para filho\u201d, declara.<\/p>\n<p>\t Quais s\u00e3o os sintomas? <\/p>\n<p>Os sintomas costumam aparecer alguns dias ap\u00f3s a picada e podem ser parecidos com outras infec\u00e7\u00f5es virais inicialmente. Os principais s\u00e3o:<\/p>\n<ul>\n<li>Febre alta;<\/li>\n<li>Calafrios e tremores;<\/li>\n<li>Suores profusos;<\/li>\n<li>Dor de cabe\u00e7a;<\/li>\n<li>Fadiga;<\/li>\n<li>N\u00e1useas;<\/li>\n<li>V\u00f4mitos;<\/li>\n<li>Em formas mais graves pode haver anemia, confus\u00e3o, convuls\u00f5es ou fal\u00eancia de \u00f3rg\u00e3os.<\/li>\n<\/ul>\n<p> Mal\u00e1ria exige aten\u00e7\u00e3o <\/p>\n<p>De acordo com a\u00a0Organiza\u00e7\u00e3o Mundial de Sa\u00fade (OMS), 263 milh\u00f5es de casos de mal\u00e1ria foram registrados em 2023 em 83 pa\u00edses end\u00eamicos. No Brasil, a regi\u00e3o amaz\u00f4nica \u00e9 considerada \u00e1rea end\u00eamica para mal\u00e1ria no pa\u00eds, registrando\u00a0mais de 99% dos casos aut\u00f3ctones. O Dr. Igor alerta.<\/p>\n<p>\u201cPara quem testa positivo para mal\u00e1ria, a principal orienta\u00e7\u00e3o \u00e9 iniciar o tratamento o mais r\u00e1pido poss\u00edvel e seguir rigorosamente a prescri\u00e7\u00e3o m\u00e9dica, sem interromper os medicamentos antes do tempo indicado, mesmo que os sintomas melhorem\u201d, orienta.<\/p>\n<p> \u00c9 rara? <\/p>\n<p>O Minist\u00e9rio da Sa\u00fade informa que, no Brasil, a regi\u00e3o amaz\u00f4nica \u00e9 considerada \u00e1rea end\u00eamica para mal\u00e1ria no pa\u00eds, registrando mais de 99% dos casos aut\u00f3ctones. Na regi\u00e3o extra-amaz\u00f4nica brasileira, a mal\u00e1ria \u00e9 menos frequente e corresponde a menos de 1% do total de casos do pa\u00eds.<\/p>\n<p>\u201cNo Brasil como um todo \u00e9 rara ou muito baixa a ocorr\u00eancia fora da Amaz\u00f4nia. Na Regi\u00e3o Amaz\u00f4nica, \u00e9 end\u00eamica, ou seja, a transmiss\u00e3o ocorre de forma cont\u00ednua e a doen\u00e7a \u00e9 relativamente comum ali. Aproximadamente 99% dos casos brasileiros s\u00e3o nessa regi\u00e3o\u201d, afirma o Dr. Igor Maia Marinho.<\/p>\n<p> Existe tratamento <\/p>\n<p>Segundo informa\u00e7\u00f5es do Minist\u00e9rio da Sa\u00fade, a confirma\u00e7\u00e3o da mal\u00e1ria, o paciente recebe o tratamento em regime ambulatorial, com comprimidos que s\u00e3o fornecidos gratuitamente em unidades do Sistema \u00danico de Sa\u00fade (SUS).<\/p>\n<p>\u201cO tratamento \u00e9 feito com medicamentos antimal\u00e1ricos, que variam conforme a esp\u00e9cie de Plasmodium, o local da infec\u00e7\u00e3o e fatores do paciente (como gravidez). No Brasil, esquemas comuns incluem combina\u00e7\u00f5es de derivados de artemisinina por 3 dias e uso de primaquina para eliminar formas persistentes do parasita. O diagn\u00f3stico e tratamento precoces reduzem muito o risco de complica\u00e7\u00f5es\u201d, finaliza o m\u00e9dico ao analisar casos como da <a href=\"https:\/\/www.instagram.com\/caiapitanga\/\" rel=\"nofollow noopener\" target=\"_blank\">atriz<\/a> Camila Pitanga.<\/p>\n<p><strong>Leia mais<\/strong>: <a href=\"https:\/\/caras.com.br\/bem-estar\/camila-pitanga-fala-sobre-doenca-e-medico-alerta-exige-atencao-medica-imediata.phtml\" rel=\"nofollow noopener\" target=\"_blank\">Camila Pitanga fala sobre doen\u00e7a e m\u00e9dico alerta: \u2018Exige aten\u00e7\u00e3o m\u00e9dica imediata\u2019<\/a><\/p>\n<p> CONFIRA UMA PUBLICA\u00c7\u00c3O RECENTE DA ATRIZ CAMILA PITANGA NAS REDES SOCIAIS: <\/p>\n<blockquote class=\"instagram-media\" style=\"background: #FFF; border: 0; border-radius: 3px; box-shadow: 0 0 1px 0 rgba(0,0,0,0.5),0 1px 10px 0 rgba(0,0,0,0.15); margin: 1px; max-width: 540px; min-width: 326px; padding: 0; width: calc(100% - 2px);\" data-instgrm-captioned=\"\" data-instgrm-permalink=\"https:\/\/www.instagram.com\/p\/DSvb802En5Z\/?utm_source=ig_embed&amp;utm_campaign=loading\" data-instgrm-version=\"14\"><\/blockquote>\n<p>        <a href=\"https:\/\/caras.com.br\/autor\/dr-igor-maia-marinho\" rel=\"nofollow noopener\" target=\"_blank\">&#13;<br \/>\n          <img loading=\"lazy\" decoding=\"async\" alt=\"Dr Igor Maia Marinho\" src=\"https:\/\/www.europesays.com\/pt\/wp-content\/uploads\/2026\/01\/Imagem-do-WhatsApp-de-2025-03-17-as-13.28.18_7df553a8-150x150.jpg\" class=\"avatar avatar-115 photo rounded-circle\" height=\"115\" width=\"115\"\/>        <\/a><\/p>\n<p>Dr. Igor Maia Marinho \u00e9 m\u00e9dico infectologista (CRMSP 175898) formado pela Faculdade de Medicina da USP, com resid\u00eancia m\u00e9dica em Mol\u00e9stias Infecciosas e Parasit\u00e1rias pelo Hospital das Cl\u00ednicas da Faculdade de Medicina da Universidade de S\u00e3o Paulo (HC-FMUSP), onde atualmente atua como preceptor e em atividades com os alunos e m\u00e9dicos em forma\u00e7\u00e3o. Atualmente, \u00e9 m\u00e9dico na Cl\u00ednica Sartor. Al\u00e9m da forma\u00e7\u00e3o no Brasil, possui fellowship em um dos melhores hospitais do mundo, a Cleveland Clinic (Ohio &#8211; MA) em Infectologia.<\/p>\n<p>\t                                            <script async src=\"\/\/www.instagram.com\/embed.js\"><\/script><\/p>\n","protected":false},"excerpt":{"rendered":"No ano de 2020, a atriz Camila Pitanga\u00a0tornou p\u00fablica uma informa\u00e7\u00e3o de sua sa\u00fade e revelou que ela&hellip;\n","protected":false},"author":2,"featured_media":218472,"comment_status":"","ping_status":"","sticky":false,"template":"","format":"standard","meta":{"footnotes":""},"categories":[145],"tags":[12716,211,210,114,115,20461,11486,32,33],"class_list":{"0":"post-218471","1":"post","2":"type-post","3":"status-publish","4":"format-standard","5":"has-post-thumbnail","7":"category-celebridades","8":"tag-camila-pitanga","9":"tag-celebridades","10":"tag-celebrities","11":"tag-entertainment","12":"tag-entretenimento","13":"tag-infectologista","14":"tag-malaria","15":"tag-portugal","16":"tag-pt"},"share_on_mastodon":{"url":"https:\/\/pubeurope.com\/@pt\/115851464693699222","error":""},"_links":{"self":[{"href":"https:\/\/www.europesays.com\/pt\/wp-json\/wp\/v2\/posts\/218471","targetHints":{"allow":["GET"]}}],"collection":[{"href":"https:\/\/www.europesays.com\/pt\/wp-json\/wp\/v2\/posts"}],"about":[{"href":"https:\/\/www.europesays.com\/pt\/wp-json\/wp\/v2\/types\/post"}],"author":[{"embeddable":true,"href":"https:\/\/www.europesays.com\/pt\/wp-json\/wp\/v2\/users\/2"}],"replies":[{"embeddable":true,"href":"https:\/\/www.europesays.com\/pt\/wp-json\/wp\/v2\/comments?post=218471"}],"version-history":[{"count":0,"href":"https:\/\/www.europesays.com\/pt\/wp-json\/wp\/v2\/posts\/218471\/revisions"}],"wp:featuredmedia":[{"embeddable":true,"href":"https:\/\/www.europesays.com\/pt\/wp-json\/wp\/v2\/media\/218472"}],"wp:attachment":[{"href":"https:\/\/www.europesays.com\/pt\/wp-json\/wp\/v2\/media?parent=218471"}],"wp:term":[{"taxonomy":"category","embeddable":true,"href":"https:\/\/www.europesays.com\/pt\/wp-json\/wp\/v2\/categories?post=218471"},{"taxonomy":"post_tag","embeddable":true,"href":"https:\/\/www.europesays.com\/pt\/wp-json\/wp\/v2\/tags?post=218471"}],"curies":[{"name":"wp","href":"https:\/\/api.w.org\/{rel}","templated":true}]}}