{"id":218492,"date":"2026-01-07T02:50:26","date_gmt":"2026-01-07T02:50:26","guid":{"rendered":"https:\/\/www.europesays.com\/pt\/218492\/"},"modified":"2026-01-07T02:50:26","modified_gmt":"2026-01-07T02:50:26","slug":"faltometro-da-saude-de-dezembro-aponta","status":"publish","type":"post","link":"https:\/\/www.europesays.com\/pt\/218492\/","title":{"rendered":"FALT\u00d4METRO DA SA\u00daDE DE DEZEMBRO APONTA&#8230;"},"content":{"rendered":"<p style=\"text-align: center;\"><strong>FALT\u00d4METRO DA SA\u00daDE DE DEZEMBRO APONTA REDU\u00c7\u00c3O NAS FALTAS, MAS \u00cdNDICE AINDA EXIGE ATEN\u00c7\u00c3O EM PEDERNEIRAS<\/strong><br \/>&#13;<br \/>\n\u00a0<\/p>\n<p>A Prefeitura de Pederneiras, por meio da Secretaria Municipal de Sa\u00fade, divulga o Falt\u00f4metro da Sa\u00fade referente ao m\u00eas de dezembro de 2025, que registra faltas em consultas, atendimentos especializados e exames na rede municipal de sa\u00fade.<\/p>\n<p>A Secretaria destaca que desde o m\u00eas de outubro os n\u00fameros v\u00eam apresentando redu\u00e7\u00e3o, reflexo das a\u00e7\u00f5es de conscientiza\u00e7\u00e3o junto \u00e0 popula\u00e7\u00e3o. Apesar desse avan\u00e7o, os \u00edndices ainda s\u00e3o elevados, e a expectativa \u00e9 que as faltas diminuam ainda mais nos pr\u00f3ximos meses, garantindo melhor aproveitamento das vagas e mais agilidade no atendimento \u00e0 popula\u00e7\u00e3o.<\/p>\n<p>As aus\u00eancias sem aviso pr\u00e9vio impactam diretamente o funcionamento do sistema de sa\u00fade, impedem que outras pessoas sejam atendidas, dificultam o planejamento das equipes e geram desperd\u00edcio de recursos p\u00fablicos.<\/p>\n<p><strong>FALTAS EM CONSULTAS E ATENDIMENTOS<\/strong><\/p>\n<p><strong>Centro de Especialidades Odontol\u00f3gicas (CEO)<\/strong><\/p>\n<p><strong>Centro Poliesportivo<\/strong><\/p>\n<p><strong>Centro da Mulher<\/strong><\/p>\n<ul>&#13;<\/p>\n<li>&#13;\n<p>Ginecologia: 266 faltas<\/p>\n<p>&#13;\n\t<\/li>\n<p>&#13;<\/p>\n<li>&#13;\n<p>Ultrassom: 77 faltas<\/p>\n<p>&#13;\n\t<\/li>\n<p>&#13;<\/p>\n<li>&#13;\n<p>Mamografia: 6 faltas<\/p>\n<p>&#13;\n\t<\/li>\n<p>&#13;\n<\/ul>\n<p><strong>CAPS<\/strong><\/p>\n<p><strong>Profissionais Multidisciplinares<\/strong><\/p>\n<p><strong>Espa\u00e7o Sa\u00fade<\/strong><\/p>\n<ul>&#13;<\/p>\n<li>&#13;\n<p>Cardiologista: 44 faltas<\/p>\n<p>&#13;\n\t<\/li>\n<p>&#13;<\/p>\n<li>&#13;\n<p>Dermatologista: 36 faltas<\/p>\n<p>&#13;\n\t<\/li>\n<p>&#13;<\/p>\n<li>&#13;\n<p>Endocrinologista: 24 faltas<\/p>\n<p>&#13;\n\t<\/li>\n<p>&#13;<\/p>\n<li>&#13;\n<p>Gastroenterologista: 32 faltas<\/p>\n<p>&#13;\n\t<\/li>\n<p>&#13;<\/p>\n<li>&#13;\n<p>Neurologista: 8 faltas<\/p>\n<p>&#13;\n\t<\/li>\n<p>&#13;<\/p>\n<li>&#13;\n<p>Neurologista pedi\u00e1trico: 21 faltas<\/p>\n<p>&#13;\n\t<\/li>\n<p>&#13;<\/p>\n<li>&#13;\n<p>Oftalmologista: 69 faltas<\/p>\n<p>&#13;\n\t<\/li>\n<p>&#13;<\/p>\n<li>&#13;\n<p>Ortopedia: 61 faltas<\/p>\n<p>&#13;\n\t<\/li>\n<p>&#13;<\/p>\n<li>&#13;\n<p>Otorrino: 35 faltas<\/p>\n<p>&#13;\n\t<\/li>\n<p>&#13;<\/p>\n<li>&#13;\n<p>Vascular: 42 faltas<\/p>\n<p>&#13;\n\t<\/li>\n<p>&#13;<\/p>\n<li>&#13;\n<p>Urologista: 18 faltas<\/p>\n<p>&#13;\n\t<\/li>\n<p>&#13;\n<\/ul>\n<p><strong>Centro de Doen\u00e7as Cr\u00f4nicas<\/strong><\/p>\n<p><strong>Total de faltas em consultas e atendimentos: 1.494<\/strong><\/p>\n<p>Al\u00e9m das consultas, os exames agendados nas unidades de sa\u00fade tamb\u00e9m apresentaram \u00edndice significativo de faltas. Em dezembro, foram 2.025 exames disponibilizados, dos quais 1.507 foram realizados, resultando em 518 exames n\u00e3o realizados por aus\u00eancia dos pacientes.<\/p>\n<p><strong>FALTAS EM EXAMES NAS UNIDADES DE SA\u00daDE<\/strong><\/p>\n<ul>&#13;<\/p>\n<li>&#13;\n<p>Assentamento \u2013 Gleba II: 12 faltas<\/p>\n<p>&#13;\n\t<\/li>\n<p>&#13;<\/p>\n<li>&#13;\n<p>EAP Claudeci dos Santos Tavares \u2013 Gleba I: 32 faltas<\/p>\n<p>&#13;\n\t<\/li>\n<p>&#13;<\/p>\n<li>&#13;\n<p>EAP Florindo da Silva \u2013 Guaianas: 6 faltas<\/p>\n<p>&#13;\n\t<\/li>\n<p>&#13;<\/p>\n<li>&#13;\n<p>EAP Gumercindo Guermandi \u2013 Santelmo: 37 faltas<\/p>\n<p>&#13;\n\t<\/li>\n<p>&#13;<\/p>\n<li>&#13;\n<p>EAP Silvia Adriana Reginato Pereira \u2013 Vangloria: 13 faltas<\/p>\n<p>&#13;\n\t<\/li>\n<p>&#13;<\/p>\n<li>&#13;\n<p>USF Estevan Maturana A. Sobrinho \u2013 CAIC: 55 faltas<\/p>\n<p>&#13;\n\t<\/li>\n<p>&#13;<\/p>\n<li>&#13;\n<p>USF Joaquim Cortegoso \u2013 Post\u00e3o: 51 faltas<\/p>\n<p>&#13;\n\t<\/li>\n<p>&#13;<\/p>\n<li>&#13;\n<p>USF Julio Bertolini \u2013 Michel Neme: 54 faltas<\/p>\n<p>&#13;\n\t<\/li>\n<p>&#13;<\/p>\n<li>&#13;\n<p>USF Julio Cesar Silva dos Santos \u2013 Planalto: 11 faltas<\/p>\n<p>&#13;\n\t<\/li>\n<p>&#13;<\/p>\n<li>&#13;\n<p>USF Lydia Rosin Alves \u2013 Cidade Nova: 84 faltas<\/p>\n<p>&#13;\n\t<\/li>\n<p>&#13;<\/p>\n<li>&#13;\n<p>USF Osvaldo Bueno Camargo \u2013 Vila Paulista: 24 faltas<\/p>\n<p>&#13;\n\t<\/li>\n<p>&#13;<\/p>\n<li>&#13;\n<p>USF Oswaldo Nachbar \u2013 Maria Elena: 96 faltas<\/p>\n<p>&#13;\n\t<\/li>\n<p>&#13;<\/p>\n<li>&#13;\n<p>USF Waldomiro Fernandes Mateus \u2013 Ant\u00f4nio de Conti: 43 faltas<\/p>\n<p>&#13;\n\t<\/li>\n<p>&#13;\n<\/ul>\n<p><strong>Total de exames n\u00e3o realizados: 518<\/strong><\/p>\n<p><strong>AVISAR TAMB\u00c9M \u00c9 CUIDAR<\/strong><\/p>\n<p>A Secretaria Municipal de Sa\u00fade refor\u00e7a que, caso o paciente n\u00e3o possa comparecer \u00e0 consulta ou exame, \u00e9 fundamental desmarcar com anteced\u00eancia. Esse simples gesto permite que a vaga seja destinada a outra pessoa que aguarda atendimento.<\/p>\n<p>Faltar sem avisar:<\/p>\n<ul>&#13;<\/p>\n<li>&#13;\n<p>Aumenta o tempo de espera nas filas;<\/p>\n<p>&#13;\n\t<\/li>\n<p>&#13;<\/p>\n<li>&#13;\n<p>Dificulta o planejamento das equipes;<\/p>\n<p>&#13;\n\t<\/li>\n<p>&#13;<\/p>\n<li>&#13;\n<p>Desperdi\u00e7a recursos p\u00fablicos.<\/p>\n<p>&#13;\n\t<\/li>\n<p>&#13;\n<\/ul>\n<p>Os n\u00fameros j\u00e1 est\u00e3o diminuindo desde outubro, mas podem cair ainda mais com a colabora\u00e7\u00e3o da popula\u00e7\u00e3o.<br \/>&#13;<br \/>\nA sa\u00fade \u00e9 um compromisso coletivo. Se n\u00e3o puder ir, avise. Sua atitude faz toda a diferen\u00e7a para Pederneiras.<\/p>\n<p>\n<img decoding=\"async\" alt=\"\" src=\"https:\/\/www.europesays.com\/pt\/wp-content\/uploads\/2026\/01\/WhatsApp Image 2026-01-06 at 09_25_40 (1).jpeg\" style=\"height:563px; width:450px\"\/>\u00a0 \u00a0<img decoding=\"async\" alt=\"\" src=\"https:\/\/www.europesays.com\/pt\/wp-content\/uploads\/2026\/01\/WhatsApp Image 2026-01-06 at 09_25_40.jpeg\" style=\"height:563px; width:450px\"\/><\/p>\n<p>&#13;<br \/>\n\u00a0<\/p>\n","protected":false},"excerpt":{"rendered":"FALT\u00d4METRO DA SA\u00daDE DE DEZEMBRO APONTA REDU\u00c7\u00c3O NAS FALTAS, MAS \u00cdNDICE AINDA EXIGE ATEN\u00c7\u00c3O EM PEDERNEIRAS&#13; \u00a0 A&hellip;\n","protected":false},"author":2,"featured_media":218493,"comment_status":"","ping_status":"","sticky":false,"template":"","format":"standard","meta":{"footnotes":""},"categories":[86],"tags":[116,32,33,117],"class_list":{"0":"post-218492","1":"post","2":"type-post","3":"status-publish","4":"format-standard","5":"has-post-thumbnail","7":"category-saude","8":"tag-health","9":"tag-portugal","10":"tag-pt","11":"tag-saude"},"share_on_mastodon":{"url":"https:\/\/pubeurope.com\/@pt\/115851547318745796","error":""},"_links":{"self":[{"href":"https:\/\/www.europesays.com\/pt\/wp-json\/wp\/v2\/posts\/218492","targetHints":{"allow":["GET"]}}],"collection":[{"href":"https:\/\/www.europesays.com\/pt\/wp-json\/wp\/v2\/posts"}],"about":[{"href":"https:\/\/www.europesays.com\/pt\/wp-json\/wp\/v2\/types\/post"}],"author":[{"embeddable":true,"href":"https:\/\/www.europesays.com\/pt\/wp-json\/wp\/v2\/users\/2"}],"replies":[{"embeddable":true,"href":"https:\/\/www.europesays.com\/pt\/wp-json\/wp\/v2\/comments?post=218492"}],"version-history":[{"count":0,"href":"https:\/\/www.europesays.com\/pt\/wp-json\/wp\/v2\/posts\/218492\/revisions"}],"wp:featuredmedia":[{"embeddable":true,"href":"https:\/\/www.europesays.com\/pt\/wp-json\/wp\/v2\/media\/218493"}],"wp:attachment":[{"href":"https:\/\/www.europesays.com\/pt\/wp-json\/wp\/v2\/media?parent=218492"}],"wp:term":[{"taxonomy":"category","embeddable":true,"href":"https:\/\/www.europesays.com\/pt\/wp-json\/wp\/v2\/categories?post=218492"},{"taxonomy":"post_tag","embeddable":true,"href":"https:\/\/www.europesays.com\/pt\/wp-json\/wp\/v2\/tags?post=218492"}],"curies":[{"name":"wp","href":"https:\/\/api.w.org\/{rel}","templated":true}]}}