{"id":218494,"date":"2026-01-07T02:54:08","date_gmt":"2026-01-07T02:54:08","guid":{"rendered":"https:\/\/www.europesays.com\/pt\/218494\/"},"modified":"2026-01-07T02:54:08","modified_gmt":"2026-01-07T02:54:08","slug":"bolsonaro-caiu-e-bateu-com-a-cabeca-na-prisao","status":"publish","type":"post","link":"https:\/\/www.europesays.com\/pt\/218494\/","title":{"rendered":"Bolsonaro caiu e bateu com a cabe\u00e7a na pris\u00e3o"},"content":{"rendered":"<p data-remotead-prev-elm=\"true\" data-remotead-elm-id=\"inread\">Bolsonaro, de 70 anos, caiu e bateu a cabe\u00e7a num m\u00f3vel na cela em que cumpre uma pena de 27 anos e tr\u00eas meses de pris\u00e3o na Superintend\u00eancia da Pol\u00edcia Federal, em Bras\u00edlia. De acordo com a &#8220;TV Globo&#8221;, o ex-presidente n\u00e3o ter\u00e1 pedido ajuda, mas, no dia seguinte, um agente da Pol\u00edcia Federal observou o corte no rosto de Bolsonaro e chamou ajuda.<\/p>\n<p>&#8220;Meu amor n\u00e3o est\u00e1 bem. Durante a madrugada, enquanto dormia, teve uma crise caiu e bateu a cabe\u00e7a no m\u00f3vel&#8221;, escreveu Michelle Bolsonaro, numa hist\u00f3ria publicada no Instagram. &#8220;Estou com o m\u00e9dico a aguradar o delegado para saber como foram os primeiros socorros&#8221;.<\/p>\n<p>Segundo a &#8220;GloboNews&#8221;, que cita o m\u00e9dico de Bolsonaro, Claudio Birolini, o ex-presidente teve um<strong> traumatismo cranioencef\u00e1lico leve.<\/strong> O quadro tem recupera\u00e7\u00e3o do estado mental normal em at\u00e9 24 horas, mas exige aten\u00e7\u00e3o.<\/p>\n<p>A queda acontece cerca de uma semana depois de Bolsonaro ter tido alta depois de passar por procedimentos m\u00e9dicos para tratar uma h\u00e9rnia inguinal bilateral e um quadro de solu\u00e7os.<\/p>\n","protected":false},"excerpt":{"rendered":"Bolsonaro, de 70 anos, caiu e bateu a cabe\u00e7a num m\u00f3vel na cela em que cumpre uma pena&hellip;\n","protected":false},"author":2,"featured_media":218495,"comment_status":"","ping_status":"","sticky":false,"template":"","format":"standard","meta":{"footnotes":""},"categories":[50],"tags":[726,27,28,15,16,14,1125,25,26,21,22,62,12,13,19,20,23,24,17,18,29,30,31,63,64,65],"class_list":{"0":"post-218494","1":"post","2":"type-post","3":"status-publish","4":"format-standard","5":"has-post-thumbnail","7":"category-mundo","8":"tag-brasil","9":"tag-breaking-news","10":"tag-breakingnews","11":"tag-featured-news","12":"tag-featurednews","13":"tag-headlines","14":"tag-jair-bolsonaro","15":"tag-latest-news","16":"tag-latestnews","17":"tag-main-news","18":"tag-mainnews","19":"tag-mundo","20":"tag-news","21":"tag-noticias","22":"tag-noticias-principais","23":"tag-noticiasprincipais","24":"tag-principais-noticias","25":"tag-principaisnoticias","26":"tag-top-stories","27":"tag-topstories","28":"tag-ultimas","29":"tag-ultimas-noticias","30":"tag-ultimasnoticias","31":"tag-world","32":"tag-world-news","33":"tag-worldnews"},"share_on_mastodon":{"url":"https:\/\/pubeurope.com\/@pt\/115851563062651767","error":""},"_links":{"self":[{"href":"https:\/\/www.europesays.com\/pt\/wp-json\/wp\/v2\/posts\/218494","targetHints":{"allow":["GET"]}}],"collection":[{"href":"https:\/\/www.europesays.com\/pt\/wp-json\/wp\/v2\/posts"}],"about":[{"href":"https:\/\/www.europesays.com\/pt\/wp-json\/wp\/v2\/types\/post"}],"author":[{"embeddable":true,"href":"https:\/\/www.europesays.com\/pt\/wp-json\/wp\/v2\/users\/2"}],"replies":[{"embeddable":true,"href":"https:\/\/www.europesays.com\/pt\/wp-json\/wp\/v2\/comments?post=218494"}],"version-history":[{"count":0,"href":"https:\/\/www.europesays.com\/pt\/wp-json\/wp\/v2\/posts\/218494\/revisions"}],"wp:featuredmedia":[{"embeddable":true,"href":"https:\/\/www.europesays.com\/pt\/wp-json\/wp\/v2\/media\/218495"}],"wp:attachment":[{"href":"https:\/\/www.europesays.com\/pt\/wp-json\/wp\/v2\/media?parent=218494"}],"wp:term":[{"taxonomy":"category","embeddable":true,"href":"https:\/\/www.europesays.com\/pt\/wp-json\/wp\/v2\/categories?post=218494"},{"taxonomy":"post_tag","embeddable":true,"href":"https:\/\/www.europesays.com\/pt\/wp-json\/wp\/v2\/tags?post=218494"}],"curies":[{"name":"wp","href":"https:\/\/api.w.org\/{rel}","templated":true}]}}