{"id":218500,"date":"2026-01-07T03:02:27","date_gmt":"2026-01-07T03:02:27","guid":{"rendered":"https:\/\/www.europesays.com\/pt\/218500\/"},"modified":"2026-01-07T03:02:27","modified_gmt":"2026-01-07T03:02:27","slug":"simu-liu-confirma-envolvimento-de-shang-chi-em-vingadores-guerras-secretas","status":"publish","type":"post","link":"https:\/\/www.europesays.com\/pt\/218500\/","title":{"rendered":"Simu Liu confirma envolvimento de Shang-Chi em Vingadores: Guerras Secretas"},"content":{"rendered":"<p class=\"wp-block-yoast-seo-estimated-reading-time yoast-reading-time__wrapper\">Estimated reading time: 2 minutos<\/p>\n<p>Preparando-se para iniciar as filmagens de <a href=\"https:\/\/ovicio.com.br\/filme\/vingadores-guerras-secretas\" target=\"_blank\" rel=\"noreferrer noopener nofollow\">Vingadores: Guerras Secretas<\/a>, <strong>Simu Liu <\/strong>confirma de uma vez por todas que <a href=\"https:\/\/ovicio.com.br\/tag\/shang-chi\" target=\"_blank\" rel=\"noreferrer noopener nofollow\">Shang-Chi<\/a>, definitivamente, estar\u00e1 no filme mais aguardado do MCU.<\/p>\n<p>Em declara\u00e7\u00e3o para a revista People, o astro expressou sua gratid\u00e3o por integrar o megaevento da franquia, citando que o Mestre do Kung-Fu est\u00e1 entre os personagens confirmados do longa de 2027.<\/p>\n<p><strong>&#8220;A pr\u00e9via mais imediata para meu retorno, claro, \u00e9 Doutor Destino (2026). Sim, estreia este ano, e tive muita sorte de participar e terei a sorte de estar tamb\u00e9m em sua sequ\u00eancias, Guerras Secretas.&#8221;<\/strong><\/p>\n<p><strong>Simu Liu<\/strong> \u00e9 o segundo ator que est\u00e1 confirmando diretamente seu envolvimento no maior filme evento da <strong>Saga do Multiverso<\/strong>, ap\u00f3s <strong>Letitia Wright <\/strong>tamb\u00e9m refor\u00e7ar a presen\u00e7a da <a href=\"https:\/\/ovicio.com.br\/tag\/pantera-negra\" rel=\"nofollow noopener\" target=\"_blank\">Pantera Negra<\/a> na trama.<\/p>\n<p><strong>Vingadores: Guerras Secretas<\/strong>, vale destacar, ser\u00e1 respons\u00e1vel pelo fim da atual saga do MCU e do especulado reset no universo que, segundo o pr\u00f3prio <a href=\"https:\/\/ovicio.com.br\/tag\/kevin-feige\" target=\"_blank\" rel=\"noreferrer noopener nofollow\">Kevin Feige<\/a>, deve acontecer.<\/p>\n<p>O lan\u00e7amento nos cinemas acontecer\u00e1 em dezembro de 2027, um ano depois de <a href=\"https:\/\/ovicio.com.br\/tag\/vingadores-doutor-destino\" target=\"_blank\" rel=\"noreferrer noopener nofollow\">Doutor Destino (2026).<\/a><\/p>\n<p>Leia mais sobre Vingadores e Simu Liu:<\/p>\n<p><strong>Fonte:<\/strong> <a href=\"https:\/\/screenrant.com\/avengers-secret-wars-shang-chi-return-simu-liu-confirmed\/\" target=\"_blank\" rel=\"noreferrer noopener nofollow\">Screen Rant<\/a>.<\/p>\n","protected":false},"excerpt":{"rendered":"Estimated reading time: 2 minutos Preparando-se para iniciar as filmagens de Vingadores: Guerras Secretas, Simu Liu confirma de&hellip;\n","protected":false},"author":2,"featured_media":218501,"comment_status":"","ping_status":"","sticky":false,"template":"","format":"standard","meta":{"footnotes":""},"categories":[140],"tags":[114,115,147,148,12733,146,32,33,29113,13308,38893,16368],"class_list":{"0":"post-218500","1":"post","2":"type-post","3":"status-publish","4":"format-standard","5":"has-post-thumbnail","7":"category-filmes","8":"tag-entertainment","9":"tag-entretenimento","10":"tag-film","11":"tag-filmes","12":"tag-marvel-studios","13":"tag-movies","14":"tag-portugal","15":"tag-pt","16":"tag-shang-chi","17":"tag-simu-liu","18":"tag-vingadores-doutor-destino","19":"tag-vingadores-guerras-secretas"},"share_on_mastodon":{"url":"https:\/\/pubeurope.com\/@pt\/115851594519875640","error":""},"_links":{"self":[{"href":"https:\/\/www.europesays.com\/pt\/wp-json\/wp\/v2\/posts\/218500","targetHints":{"allow":["GET"]}}],"collection":[{"href":"https:\/\/www.europesays.com\/pt\/wp-json\/wp\/v2\/posts"}],"about":[{"href":"https:\/\/www.europesays.com\/pt\/wp-json\/wp\/v2\/types\/post"}],"author":[{"embeddable":true,"href":"https:\/\/www.europesays.com\/pt\/wp-json\/wp\/v2\/users\/2"}],"replies":[{"embeddable":true,"href":"https:\/\/www.europesays.com\/pt\/wp-json\/wp\/v2\/comments?post=218500"}],"version-history":[{"count":0,"href":"https:\/\/www.europesays.com\/pt\/wp-json\/wp\/v2\/posts\/218500\/revisions"}],"wp:featuredmedia":[{"embeddable":true,"href":"https:\/\/www.europesays.com\/pt\/wp-json\/wp\/v2\/media\/218501"}],"wp:attachment":[{"href":"https:\/\/www.europesays.com\/pt\/wp-json\/wp\/v2\/media?parent=218500"}],"wp:term":[{"taxonomy":"category","embeddable":true,"href":"https:\/\/www.europesays.com\/pt\/wp-json\/wp\/v2\/categories?post=218500"},{"taxonomy":"post_tag","embeddable":true,"href":"https:\/\/www.europesays.com\/pt\/wp-json\/wp\/v2\/tags?post=218500"}],"curies":[{"name":"wp","href":"https:\/\/api.w.org\/{rel}","templated":true}]}}