{"id":218505,"date":"2026-01-07T03:06:08","date_gmt":"2026-01-07T03:06:08","guid":{"rendered":"https:\/\/www.europesays.com\/pt\/218505\/"},"modified":"2026-01-07T03:06:08","modified_gmt":"2026-01-07T03:06:08","slug":"primeiras-impressoes-sobre-lancamento-na-ces-2026","status":"publish","type":"post","link":"https:\/\/www.europesays.com\/pt\/218505\/","title":{"rendered":"primeiras impress\u00f5es sobre lan\u00e7amento na CES 2026"},"content":{"rendered":"<p class=\"bullet mt-0\" data-v-232111b4=\"\"><strong>Leve, confort\u00e1vel de segurar e compat\u00edvel com caneta<\/strong>. Ele pesa 189g e tem s\u00f3 6,99 mm de espessura. A Motorola destaca ainda sua estrutura de alum\u00ednio escovado usado em aeronaves e texturas de luxo na parte traseira inspiradas em sarja (num tom verde-dourado) e linho (tom azul-marinho).<\/p>\n<p class=\"bullet\" data-v-232111b4=\"\"><strong>Vida \u00fatil longa<\/strong>. A Motorola promete atualiza\u00e7\u00f5es de sistema operacional e de seguran\u00e7a por sete anos. Isso significa que a vida \u00fatil da linha \u00e9 maior que os demais modelos da marca, e que outros smartphones do mercado.<\/p>\n<p class=\"bullet\" data-v-232111b4=\"\"><strong>Processador de peso<\/strong>. A linha foi criada para ser premium n\u00e3o s\u00f3 nas c\u00e2meras, mas tamb\u00e9m em desempenho. Por isso o processador escolhido foi o Snadpragon 8 Gen 5, lan\u00e7ado no final do ano passado como um chip de alto desempenho.<\/p>\n<p class=\"bullet\" data-v-232111b4=\"\"><strong>Bem resistente<\/strong>. O lan\u00e7amento possui certifica\u00e7\u00f5es6 IP68 e IP69, que oferecem prote\u00e7\u00e3o contra \u00e1gua, poeira e condi\u00e7\u00f5es adversas.<\/p>\n<p class=\"bullet\" data-v-232111b4=\"\"><strong>Desenvolvido para n\u00e3o esquentar demais<\/strong>. Existe um novo sistema de resfriamento com uma uma c\u00e2mara de vapor 20% maior do que outras celulares da empresa. Junto a isso, o celular tem uma solu\u00e7\u00e3o t\u00e9rmica com metal l\u00edquido, para reduzir a temperatura do aparelho durante o uso, principalmente com rotinas que exigem mais do processador.<\/p>\n<p class=\"bullet\" data-v-232111b4=\"\"><strong>Bateria promete durar bastante<\/strong>: at\u00e9 57 horas de streaming de m\u00fasica e at\u00e9 28 horas de reprodu\u00e7\u00e3o de v\u00eddeo cont\u00ednua.<\/p>\n","protected":false},"excerpt":{"rendered":"Leve, confort\u00e1vel de segurar e compat\u00edvel com caneta. Ele pesa 189g e tem s\u00f3 6,99 mm de espessura.&hellip;\n","protected":false},"author":2,"featured_media":218506,"comment_status":"","ping_status":"","sticky":false,"template":"","format":"standard","meta":{"footnotes":""},"categories":[84],"tags":[109,107,108,32,33,105,103,104,106,110],"class_list":{"0":"post-218505","1":"post","2":"type-post","3":"status-publish","4":"format-standard","5":"has-post-thumbnail","7":"category-ciencia-e-tecnologia","8":"tag-ciencia","9":"tag-ciencia-e-tecnologia","10":"tag-cienciaetecnologia","11":"tag-portugal","12":"tag-pt","13":"tag-science","14":"tag-science-and-technology","15":"tag-scienceandtechnology","16":"tag-technology","17":"tag-tecnologia"},"share_on_mastodon":{"url":"https:\/\/pubeurope.com\/@pt\/115851610162477915","error":""},"_links":{"self":[{"href":"https:\/\/www.europesays.com\/pt\/wp-json\/wp\/v2\/posts\/218505","targetHints":{"allow":["GET"]}}],"collection":[{"href":"https:\/\/www.europesays.com\/pt\/wp-json\/wp\/v2\/posts"}],"about":[{"href":"https:\/\/www.europesays.com\/pt\/wp-json\/wp\/v2\/types\/post"}],"author":[{"embeddable":true,"href":"https:\/\/www.europesays.com\/pt\/wp-json\/wp\/v2\/users\/2"}],"replies":[{"embeddable":true,"href":"https:\/\/www.europesays.com\/pt\/wp-json\/wp\/v2\/comments?post=218505"}],"version-history":[{"count":0,"href":"https:\/\/www.europesays.com\/pt\/wp-json\/wp\/v2\/posts\/218505\/revisions"}],"wp:featuredmedia":[{"embeddable":true,"href":"https:\/\/www.europesays.com\/pt\/wp-json\/wp\/v2\/media\/218506"}],"wp:attachment":[{"href":"https:\/\/www.europesays.com\/pt\/wp-json\/wp\/v2\/media?parent=218505"}],"wp:term":[{"taxonomy":"category","embeddable":true,"href":"https:\/\/www.europesays.com\/pt\/wp-json\/wp\/v2\/categories?post=218505"},{"taxonomy":"post_tag","embeddable":true,"href":"https:\/\/www.europesays.com\/pt\/wp-json\/wp\/v2\/tags?post=218505"}],"curies":[{"name":"wp","href":"https:\/\/api.w.org\/{rel}","templated":true}]}}