{"id":218590,"date":"2026-01-07T05:05:07","date_gmt":"2026-01-07T05:05:07","guid":{"rendered":"https:\/\/www.europesays.com\/pt\/218590\/"},"modified":"2026-01-07T05:05:07","modified_gmt":"2026-01-07T05:05:07","slug":"zelensky-satisfeito-com-garantias-de-seguranca-concretas-do-ocidente","status":"publish","type":"post","link":"https:\/\/www.europesays.com\/pt\/218590\/","title":{"rendered":"Zelensky satisfeito com garantias de seguran\u00e7a concretas do Ocidente"},"content":{"rendered":"<p>        \u201c\u00c9 importante que a Coliga\u00e7\u00e3o tenha agora documentos substanciais, e n\u00e3o apenas palavras\u201d, frisou Zelensky numa confer\u00eancia de imprensa ap\u00f3s a reuni\u00e3o da Coliga\u00e7\u00e3o da Boa Vontade, em Paris.    <\/p>\n<p>O Presidente ucraniano, Volodymyr Zelensky, saudou hoje os compromissos alcan\u00e7ados sobre as garantias de seguran\u00e7a ocidentais para a Ucr\u00e2nia, considerando que n\u00e3o s\u00e3o \u201capenas palavras\u201d, ap\u00f3s uma reuni\u00e3o em Paris de pa\u00edses que apoiam Kiev.<\/p>\n<p class=\"text-paragraph\">\u201c\u00c9 importante que a Coliga\u00e7\u00e3o tenha agora documentos substanciais, e n\u00e3o apenas palavras\u201d, frisou Zelensky numa confer\u00eancia de imprensa ap\u00f3s a reuni\u00e3o da Coliga\u00e7\u00e3o da Boa Vontade, em Paris.<\/p>\n<p class=\"text-paragraph\">O governante ucraniano elogiou o \u201cconte\u00fado concreto\u201d que demonstra um compromisso em \u201ctrabalhar para uma seguran\u00e7a real\u201d.<\/p>\n<p class=\"text-paragraph\">\u201cJ\u00e1 foi definido quais os pa\u00edses que est\u00e3o prontos para assumir a lideran\u00e7a nos elementos de garantia de seguran\u00e7a em terra, no ar, no mar e na reconstru\u00e7\u00e3o\u201d da Ucr\u00e2nia, lembrou Zelensky.<\/p>\n<p class=\"text-paragraph\">Para o chefe de Estado ucraniano, \u00e9 tamb\u00e9m importante determinar como \u201ca for\u00e7a e o tamanho adequados do Ex\u00e9rcito ucraniano ser\u00e3o apoiados e financiados\u201d pelos aliados de Kiev.<\/p>\n<p class=\"text-paragraph\">Zelensky apontou ainda \u201cprogressos significativos\u201d com os negociadores norte-americanos, Steve Witkoff e Jared Kushner, com quem est\u00e3o em curso discuss\u00f5es sobre garantias de seguran\u00e7a bilaterais, para al\u00e9m das garantias coletivas, bem como mecanismos para monitorizar as \u201cviola\u00e7\u00f5es da paz\u201d em caso de acordo com Moscovo.<\/p>\n<p class=\"text-paragraph\">Segundo Zelensky, as garantias de seguran\u00e7a oferecidas \u00e0 Ucr\u00e2nia devem ser \u201cbaseadas em obriga\u00e7\u00f5es legais\u201d.<\/p>\n<p class=\"text-paragraph\">Apesar de considerar o resultado da cimeira de Paris como \u201cum grande passo em frente\u201d, lembrou que \u201cainda n\u00e3o \u00e9 suficiente\u201d.<\/p>\n<p class=\"text-paragraph\">A Coliga\u00e7\u00e3o da boa vontade, Kiev e os Estados Unidos reafirmaram hoje, em Paris, o compromisso com uma paz justa e duradoura na Ucr\u00e2nia, defendendo que qualquer acordo de paz dever\u00e1 ser sustentado por garantias de seguran\u00e7a robustas.<\/p>\n<p class=\"text-paragraph\">Entre as medidas acordadas est\u00e1 a participa\u00e7\u00e3o num mecanismo de monitoriza\u00e7\u00e3o e verifica\u00e7\u00e3o do cessar-fogo liderado pelos EUA, com envolvimento internacional e representa\u00e7\u00e3o da Coliga\u00e7\u00e3o da boa vontade sobre a Ucr\u00e2nia numa comiss\u00e3o especial destinada a analisar viola\u00e7\u00f5es e atribuir responsabilidades.<\/p>\n<p class=\"text-paragraph\">A Coliga\u00e7\u00e3o comprometeu-se ainda, com apoio norte-americano, a assegurar assist\u00eancia militar e fornecimento de armamento, a longo prazo, \u00e0s For\u00e7as Armadas da Ucr\u00e2nia, incluindo financiamento, acesso a reservas de defesa, apoio t\u00e9cnico e coopera\u00e7\u00e3o no or\u00e7amento nacional ucraniano.<\/p>\n<p class=\"text-paragraph\">O plano prev\u00ea tamb\u00e9m a cria\u00e7\u00e3o de uma for\u00e7a multinacional, composta por pa\u00edses dispostos a participar, para apoiar a reconstru\u00e7\u00e3o das for\u00e7as armadas ucranianas e refor\u00e7ar a dissuas\u00e3o, com planeamento militar coordenado para opera\u00e7\u00f5es no ar, no mar e em terra.<\/p>\n<p class=\"text-paragraph\">De acordo com a declara\u00e7\u00e3o, esta for\u00e7a ser\u00e1 liderada pela Europa, com participa\u00e7\u00e3o de membros n\u00e3o-europeus da Coliga\u00e7\u00e3o e envolvimento dos Estados Unidos, nomeadamente ao n\u00edvel dos servi\u00e7os de informa\u00e7\u00f5es e da log\u00edstica, incluindo o compromisso de apoio norte-americano em caso de ataque.<\/p>\n<p class=\"text-paragraph\">Os signat\u00e1rios assumiram igualmente a inten\u00e7\u00e3o de finalizar compromissos vinculativos para apoiar a Ucr\u00e2nia em caso de um futuro ataque armado da R\u00fassia, admitindo o recurso a capacidades militares, iniciativas diplom\u00e1ticas e san\u00e7\u00f5es adicionais.<\/p>\n<p class=\"text-paragraph\">Na declara\u00e7\u00e3o, fica ainda acordado aprofundar a coopera\u00e7\u00e3o de defesa a longo prazo com a Ucr\u00e2nia, incluindo forma\u00e7\u00e3o, produ\u00e7\u00e3o conjunta na ind\u00fastria de defesa e coopera\u00e7\u00e3o em mat\u00e9ria de intelig\u00eancia.<\/p>\n<p class=\"text-paragraph\">A declara\u00e7\u00e3o anuncia, por fim, a cria\u00e7\u00e3o de uma c\u00e9lula de coordena\u00e7\u00e3o entre os Estados Unidos, a Ucr\u00e2nia e a Coliga\u00e7\u00e3o no respetivo quartel-general operacional, em Paris.<\/p>\n","protected":false},"excerpt":{"rendered":"\u201c\u00c9 importante que a Coliga\u00e7\u00e3o tenha agora documentos substanciais, e n\u00e3o apenas palavras\u201d, frisou Zelensky numa confer\u00eancia de&hellip;\n","protected":false},"author":2,"featured_media":204091,"comment_status":"","ping_status":"","sticky":false,"template":"","format":"standard","meta":{"footnotes":""},"categories":[50],"tags":[27,28,15,16,14,25,26,21,22,62,12,13,19,20,23,24,17,18,29,30,31,63,64,65],"class_list":{"0":"post-218590","1":"post","2":"type-post","3":"status-publish","4":"format-standard","5":"has-post-thumbnail","7":"category-mundo","8":"tag-breaking-news","9":"tag-breakingnews","10":"tag-featured-news","11":"tag-featurednews","12":"tag-headlines","13":"tag-latest-news","14":"tag-latestnews","15":"tag-main-news","16":"tag-mainnews","17":"tag-mundo","18":"tag-news","19":"tag-noticias","20":"tag-noticias-principais","21":"tag-noticiasprincipais","22":"tag-principais-noticias","23":"tag-principaisnoticias","24":"tag-top-stories","25":"tag-topstories","26":"tag-ultimas","27":"tag-ultimas-noticias","28":"tag-ultimasnoticias","29":"tag-world","30":"tag-world-news","31":"tag-worldnews"},"share_on_mastodon":{"url":"https:\/\/pubeurope.com\/@pt\/115852078110919471","error":""},"_links":{"self":[{"href":"https:\/\/www.europesays.com\/pt\/wp-json\/wp\/v2\/posts\/218590","targetHints":{"allow":["GET"]}}],"collection":[{"href":"https:\/\/www.europesays.com\/pt\/wp-json\/wp\/v2\/posts"}],"about":[{"href":"https:\/\/www.europesays.com\/pt\/wp-json\/wp\/v2\/types\/post"}],"author":[{"embeddable":true,"href":"https:\/\/www.europesays.com\/pt\/wp-json\/wp\/v2\/users\/2"}],"replies":[{"embeddable":true,"href":"https:\/\/www.europesays.com\/pt\/wp-json\/wp\/v2\/comments?post=218590"}],"version-history":[{"count":0,"href":"https:\/\/www.europesays.com\/pt\/wp-json\/wp\/v2\/posts\/218590\/revisions"}],"wp:featuredmedia":[{"embeddable":true,"href":"https:\/\/www.europesays.com\/pt\/wp-json\/wp\/v2\/media\/204091"}],"wp:attachment":[{"href":"https:\/\/www.europesays.com\/pt\/wp-json\/wp\/v2\/media?parent=218590"}],"wp:term":[{"taxonomy":"category","embeddable":true,"href":"https:\/\/www.europesays.com\/pt\/wp-json\/wp\/v2\/categories?post=218590"},{"taxonomy":"post_tag","embeddable":true,"href":"https:\/\/www.europesays.com\/pt\/wp-json\/wp\/v2\/tags?post=218590"}],"curies":[{"name":"wp","href":"https:\/\/api.w.org\/{rel}","templated":true}]}}