{"id":218597,"date":"2026-01-07T05:15:33","date_gmt":"2026-01-07T05:15:33","guid":{"rendered":"https:\/\/www.europesays.com\/pt\/218597\/"},"modified":"2026-01-07T05:15:33","modified_gmt":"2026-01-07T05:15:33","slug":"prefeitura-de-nova-venecia-intensifica-campanha-de-combate-a-dengue-a-partir-de-janeiro","status":"publish","type":"post","link":"https:\/\/www.europesays.com\/pt\/218597\/","title":{"rendered":"Prefeitura de Nova Ven\u00e9cia intensifica campanha de combate \u00e0 dengue a partir de janeiro"},"content":{"rendered":"<p>        <a href=\"https:\/\/www.novavenecia.es.gov.br\/wp-content\/uploads\/2026\/01\/WhatsApp-Image-2026-01-05-at-14.37.49.jpeg\" data-caption=\"\" rel=\"nofollow noopener\" target=\"_blank\"><img decoding=\"async\" fetchpriority=\"high\" width=\"1068\" height=\"1419\" class=\"entry-thumb td-modal-image\" src=\"https:\/\/www.europesays.com\/pt\/wp-content\/uploads\/2026\/01\/WhatsApp-Image-2026-01-05-at-14.37.49-1068x1419.jpeg\"   alt=\"\" title=\"WhatsApp Image 2026-01-05 at 14.37.49\"\/><\/a><\/p>\n<p>A Prefeitura de Nova Ven\u00e9cia, por meio da Secretaria Municipal de Sa\u00fade, inicia neste m\u00eas de janeiro uma campanha intensiva de combate \u00e0 dengue. A a\u00e7\u00e3o tem como objetivo fortalecer o enfrentamento \u00e0 arbovirose por meio da intensifica\u00e7\u00e3o das atividades de conscientiza\u00e7\u00e3o da popula\u00e7\u00e3o e da realiza\u00e7\u00e3o de mutir\u00f5es nos bairros do munic\u00edpio.<\/p>\n<p>O planejamento prev\u00ea a\u00e7\u00f5es integradas que envolvem orienta\u00e7\u00e3o \u00e0 comunidade, elimina\u00e7\u00e3o de criadouros do mosquito, limpeza urbana e recolhimento de res\u00edduos. Para garantir maior efetividade, a Secretaria Municipal de Sa\u00fade contar\u00e1 com o apoio da Secretaria Municipal de Obras, que atuar\u00e1 junto aos agentes de sa\u00fade e de endemias durante os mutir\u00f5es, promovendo a limpeza dos bairros atendidos.<\/p>\n<p>A campanha refor\u00e7a a import\u00e2ncia da participa\u00e7\u00e3o da popula\u00e7\u00e3o, que tem papel fundamental no sucesso das a\u00e7\u00f5es. Durante os mutir\u00f5es, os moradores dever\u00e3o colocar o lixo para fora das resid\u00eancias, facilitando o recolhimento, al\u00e9m de permitir o acesso dos agentes \u00e0s casas para a realiza\u00e7\u00e3o das visitas domiciliares.<\/p>\n<p>De acordo com a coordenadora da Vigil\u00e2ncia Ambiental, Simone Freitas, a parceria com a comunidade \u00e9 essencial. \u201cA popula\u00e7\u00e3o tem que fazer a parte dela, contribuindo ao colocar o lixo para fora de casa nos bairros onde acontecer\u00e3o os mutir\u00f5es, abrindo as portas das resid\u00eancias para o trabalho dos agentes e ajudando a fiscalizar e eliminar os ambientes que podem se tornar focos da dengue. Solicitamos essa parceria porque, sem a popula\u00e7\u00e3o, \u00e9 imposs\u00edvel ter sucesso e alcan\u00e7ar o resultado almejado\u201d, destacou.<\/p>\n<p><img loading=\"lazy\" decoding=\"async\" width=\"491\" height=\"929\" data-id=\"40034\" src=\"https:\/\/www.europesays.com\/pt\/wp-content\/uploads\/2026\/01\/WhatsApp-Image-2026-01-05-at-14.37.50-1.jpeg\" alt=\"\" class=\"wp-image-40034\"  \/><\/p>\n<p><strong>Primeiro mutir\u00e3o acontece dia 13<\/strong><\/p>\n<p>O primeiro mutir\u00e3o da campanha j\u00e1 tem local e data marcados. Ser\u00e1 realizado no dia 13 de janeiro (ter\u00e7a-feira), no bairro Ascens\u00e3o, a partir das 7h30.<br \/>\u2022 Ponto de encontro: Vila Ol\u00edmpica (pr\u00f3ximo ao posto de sa\u00fade)<br \/>\u2022 Trabalho realizado:<br \/>o Visita domiciliar<br \/>o Elimina\u00e7\u00e3o de focos e criadouros<br \/>o A\u00e7\u00f5es educativas junto \u00e0 popula\u00e7\u00e3o<br \/>o Limpeza de vias p\u00fablicas<\/p>\n<p>As atividades ser\u00e3o realizadas em parceria entre os Agentes Comunit\u00e1rios de Endemias e de Sa\u00fade e a Secretaria Municipal de Obras. Os mutir\u00f5es seguintes ser\u00e3o anunciados com anteced\u00eancia.<\/p>\n<p><img loading=\"lazy\" decoding=\"async\" width=\"719\" height=\"938\" data-id=\"40033\" src=\"https:\/\/www.europesays.com\/pt\/wp-content\/uploads\/2026\/01\/WhatsApp-Image-2026-01-05-at-14.37.50.jpeg\" alt=\"\" class=\"wp-image-40033\"  \/><\/p>\n<p><strong>A\u00e7\u00e3o preventiva<\/strong><\/p>\n<p>A campanha contra a dengue tem car\u00e1ter preventivo e busca evitar uma poss\u00edvel epidemia no munic\u00edpio de Nova Ven\u00e9cia. Atualmente, o n\u00famero de focos do mosquito identificados est\u00e1 elevado, o que gera preocupa\u00e7\u00e3o. Apesar de os casos da doen\u00e7a ainda n\u00e3o serem altos, o aumento dos focos acende um alerta, especialmente no per\u00edodo de ver\u00e3o, quando o calor aliado \u00e0s chuvas cria condi\u00e7\u00f5es favor\u00e1veis para a prolifera\u00e7\u00e3o do Aedes aegypti.<\/p>\n<p>A coordenadora da Vigil\u00e2ncia Ambiental, Simone Freitas, tamb\u00e9m refor\u00e7a a import\u00e2ncia da notifica\u00e7\u00e3o dos casos suspeitos da doen\u00e7a. \u201c\u00c9 fundamental que, em casos de suspeita de dengue, a popula\u00e7\u00e3o procure o postinho de sa\u00fade de seu bairro para que a notifica\u00e7\u00e3o seja realizada. Sabemos que existem muitos casos da doen\u00e7a que n\u00e3o s\u00e3o notificados e nem registrados no sistema. Com isso, n\u00e3o temos o n\u00famero exato de casos, o que prejudica muito o planejamento e a execu\u00e7\u00e3o do trabalho de combate \u00e0 dengue\u201d, explicou.<\/p>\n<p><img loading=\"lazy\" decoding=\"async\" width=\"1024\" height=\"1000\" data-id=\"40035\" src=\"https:\/\/www.europesays.com\/pt\/wp-content\/uploads\/2026\/01\/WhatsApp-Image-2026-01-05-at-14.37.49-1-1024x1000.jpeg\" alt=\"\" class=\"wp-image-40035\"  \/><\/p>\n<p><strong>90% dos focos est\u00e3o nas resid\u00eancias e nos quintais<\/strong><\/p>\n<p>Voc\u00ea sabia que 90% dos focos de dengue identificados est\u00e3o nos lixos e nos quintais das resid\u00eancias? Outro desafio enfrentado pelos agentes \u00e9 o grande n\u00famero de casas fechadas, sem moradores no momento da visita. \u00c9 justamente nesses ambientes que s\u00e3o encontrados a maioria dos focos do mosquito, o que dificulta o trabalho e compromete os resultados da campanha.<\/p>\n<p>A Prefeitura refor\u00e7a que a colabora\u00e7\u00e3o da popula\u00e7\u00e3o \u00e9 fundamental para eliminar os focos do Aedes aegypti e proteger a sa\u00fade da popula\u00e7\u00e3o.<\/p>\n<p><img loading=\"lazy\" decoding=\"async\" width=\"1024\" height=\"576\" src=\"https:\/\/www.europesays.com\/pt\/wp-content\/uploads\/2026\/01\/WhatsApp-Image-2026-01-05-at-14.37.50-2-1024x576.jpeg\" alt=\"\" class=\"wp-image-40036\"  \/><\/p>\n","protected":false},"excerpt":{"rendered":"A Prefeitura de Nova Ven\u00e9cia, por meio da Secretaria Municipal de Sa\u00fade, inicia neste m\u00eas de janeiro uma&hellip;\n","protected":false},"author":2,"featured_media":218598,"comment_status":"","ping_status":"","sticky":false,"template":"","format":"standard","meta":{"footnotes":""},"categories":[86],"tags":[116,32,33,117],"class_list":{"0":"post-218597","1":"post","2":"type-post","3":"status-publish","4":"format-standard","5":"has-post-thumbnail","7":"category-saude","8":"tag-health","9":"tag-portugal","10":"tag-pt","11":"tag-saude"},"share_on_mastodon":{"url":"https:\/\/pubeurope.com\/@pt\/115852117522590177","error":""},"_links":{"self":[{"href":"https:\/\/www.europesays.com\/pt\/wp-json\/wp\/v2\/posts\/218597","targetHints":{"allow":["GET"]}}],"collection":[{"href":"https:\/\/www.europesays.com\/pt\/wp-json\/wp\/v2\/posts"}],"about":[{"href":"https:\/\/www.europesays.com\/pt\/wp-json\/wp\/v2\/types\/post"}],"author":[{"embeddable":true,"href":"https:\/\/www.europesays.com\/pt\/wp-json\/wp\/v2\/users\/2"}],"replies":[{"embeddable":true,"href":"https:\/\/www.europesays.com\/pt\/wp-json\/wp\/v2\/comments?post=218597"}],"version-history":[{"count":0,"href":"https:\/\/www.europesays.com\/pt\/wp-json\/wp\/v2\/posts\/218597\/revisions"}],"wp:featuredmedia":[{"embeddable":true,"href":"https:\/\/www.europesays.com\/pt\/wp-json\/wp\/v2\/media\/218598"}],"wp:attachment":[{"href":"https:\/\/www.europesays.com\/pt\/wp-json\/wp\/v2\/media?parent=218597"}],"wp:term":[{"taxonomy":"category","embeddable":true,"href":"https:\/\/www.europesays.com\/pt\/wp-json\/wp\/v2\/categories?post=218597"},{"taxonomy":"post_tag","embeddable":true,"href":"https:\/\/www.europesays.com\/pt\/wp-json\/wp\/v2\/tags?post=218597"}],"curies":[{"name":"wp","href":"https:\/\/api.w.org\/{rel}","templated":true}]}}