{"id":218603,"date":"2026-01-07T05:21:08","date_gmt":"2026-01-07T05:21:08","guid":{"rendered":"https:\/\/www.europesays.com\/pt\/218603\/"},"modified":"2026-01-07T05:21:08","modified_gmt":"2026-01-07T05:21:08","slug":"constitucional-torna-definitiva-pena-de-oito-anos-de-cadeia-para-ricardo-salgado-banca-financas","status":"publish","type":"post","link":"https:\/\/www.europesays.com\/pt\/218603\/","title":{"rendered":"Constitucional torna definitiva pena de oito anos de cadeia para Ricardo Salgado &#8211; Banca &#038; Finan\u00e7as"},"content":{"rendered":"<p class=\"\">&#13;<br \/>\n        O Tribunal Constitucional indeferiu a pretens\u00e3o apresentada pela defesa de Ricardo Salgado, que queria que a decis\u00e3o de condenar o antigo banqueiro a 8 anos de pris\u00e3o fosse declarada inconstitucional, <b><a href=\"https:\/\/sicnoticias.pt\/especiais\/operacao-marques\/2026-01-06-tribunal-constitucional-diz-basta-e-torna-definitiva-pena-de-oito-anos-de-cadeia-para-ricardo-salgado-140781fe\" target=\"_self\" rel=\"tag nofollow noopener\">avan\u00e7a a SIC Not\u00edcias<\/a><\/b>. &#13;\n    <\/p>\n<p class=\"\">&#13;<br \/>\n        A defesa, consideram os ju\u00edzes no ac\u00f3rd\u00e3o citado pelo canal de televis\u00e3o, usou meios \u201cmanifestamente an\u00f3malos\u201d para travar o processo. Os advogados de Salgado pretendiam que fosse declarado inconstitucional condenar a pris\u00e3o um arguido com 77 anos, com Alzheimer diagnosticada na fase de julgamento.&#13;\n    <\/p>\n<p class=\"\">&#13;<br \/>\n        \u201cA postura processual adotada pelo recorrente\/reclamante\/requerente, consistente na utiliza\u00e7\u00e3o de meios p\u00f3s-decis\u00f3rios manifestamente an\u00f3malos (como o legalmente inadmiss\u00edvel recurso para o Plen\u00e1rio e a consequente argui\u00e7\u00e3o de nulidade da decis\u00e3o que n\u00e3o o admitiu), indicia um prop\u00f3sito dilat\u00f3rio que n\u00e3o poder\u00e1 ser ignorado\u201d, entenderam os ju\u00edzes. &#13;\n    <\/p>\n<p class=\"\">&#13;<br \/>\n        Em causa est\u00e1 a condena\u00e7\u00e3o a oito anos de cadeia decidida em 2022 (inicialmente de seis anos de pris\u00e3o, pena que seria agravada em 2023 pelo Tribunal da Rela\u00e7\u00e3o de Lisboa para oito anos). Nesse processo, Salgado foi condenada pelo crime de abuso de confian\u00e7a, depois de se ter apropriado de mais de 10 milh\u00f5es de euros do banco. &#13;\n    <\/p>\n<p class=\"\">&#13;<br \/>\n        A decis\u00e3o agora tomada pelo Tribunal coloca um ponto final no processo, ap\u00f3s v\u00e1rios recursos e reclama\u00e7\u00f5es da defesa do antigo CEO do Banco Esp\u00edrito Santo (BES). O processo, acrescenta a SIC, vai agora descer \u00e0 Primeira Inst\u00e2ncia. &#13;\n    <\/p>\n","protected":false},"excerpt":{"rendered":"&#13; O Tribunal Constitucional indeferiu a pretens\u00e3o apresentada pela defesa de Ricardo Salgado, que queria que a decis\u00e3o&hellip;\n","protected":false},"author":2,"featured_media":218604,"comment_status":"","ping_status":"","sticky":false,"template":"","format":"standard","meta":{"footnotes":""},"categories":[8],"tags":[42448,27,28,15,16,14,25,26,21,22,12,13,19,20,32,23,24,694,33,42447,1751,28006,218,17,18,40599,29,30,31],"class_list":{"0":"post-218603","1":"post","2":"type-post","3":"status-publish","4":"format-standard","5":"has-post-thumbnail","7":"category-principais-noticias","8":"tag-banco-espirito-santo","9":"tag-breaking-news","10":"tag-breakingnews","11":"tag-featured-news","12":"tag-featurednews","13":"tag-headlines","14":"tag-latest-news","15":"tag-latestnews","16":"tag-main-news","17":"tag-mainnews","18":"tag-news","19":"tag-noticias","20":"tag-noticias-principais","21":"tag-noticiasprincipais","22":"tag-portugal","23":"tag-principais-noticias","24":"tag-principaisnoticias","25":"tag-prisao","26":"tag-pt","27":"tag-ricardo-salgado","28":"tag-sic","29":"tag-sic-noticias","30":"tag-televisao","31":"tag-top-stories","32":"tag-topstories","33":"tag-tribunal-constitucional-de-portugal","34":"tag-ultimas","35":"tag-ultimas-noticias","36":"tag-ultimasnoticias"},"share_on_mastodon":{"url":"","error":"Validation failed: Text character limit of 500 exceeded"},"_links":{"self":[{"href":"https:\/\/www.europesays.com\/pt\/wp-json\/wp\/v2\/posts\/218603","targetHints":{"allow":["GET"]}}],"collection":[{"href":"https:\/\/www.europesays.com\/pt\/wp-json\/wp\/v2\/posts"}],"about":[{"href":"https:\/\/www.europesays.com\/pt\/wp-json\/wp\/v2\/types\/post"}],"author":[{"embeddable":true,"href":"https:\/\/www.europesays.com\/pt\/wp-json\/wp\/v2\/users\/2"}],"replies":[{"embeddable":true,"href":"https:\/\/www.europesays.com\/pt\/wp-json\/wp\/v2\/comments?post=218603"}],"version-history":[{"count":0,"href":"https:\/\/www.europesays.com\/pt\/wp-json\/wp\/v2\/posts\/218603\/revisions"}],"wp:featuredmedia":[{"embeddable":true,"href":"https:\/\/www.europesays.com\/pt\/wp-json\/wp\/v2\/media\/218604"}],"wp:attachment":[{"href":"https:\/\/www.europesays.com\/pt\/wp-json\/wp\/v2\/media?parent=218603"}],"wp:term":[{"taxonomy":"category","embeddable":true,"href":"https:\/\/www.europesays.com\/pt\/wp-json\/wp\/v2\/categories?post=218603"},{"taxonomy":"post_tag","embeddable":true,"href":"https:\/\/www.europesays.com\/pt\/wp-json\/wp\/v2\/tags?post=218603"}],"curies":[{"name":"wp","href":"https:\/\/api.w.org\/{rel}","templated":true}]}}