{"id":218724,"date":"2026-01-07T08:55:15","date_gmt":"2026-01-07T08:55:15","guid":{"rendered":"https:\/\/www.europesays.com\/pt\/218724\/"},"modified":"2026-01-07T08:55:15","modified_gmt":"2026-01-07T08:55:15","slug":"corpo-de-nelida-pinon-e-retirado-da-abl-depois-de-criticas-06-01-2026-ilustrada","status":"publish","type":"post","link":"https:\/\/www.europesays.com\/pt\/218724\/","title":{"rendered":"Corpo de N\u00e9lida Pi\u00f1on \u00e9 retirado da ABL depois de cr\u00edticas &#8211; 06\/01\/2026 &#8211; Ilustrada"},"content":{"rendered":"<p>O corpo da escritora <a href=\"https:\/\/www1.folha.uol.com.br\/ilustrissima\/2022\/12\/nelida-pinon-trilhou-caminho-persistente-e-inovador-longe-de-modismos.shtml\" rel=\"nofollow noopener\" target=\"\">N\u00e9lida Pi\u00f1on<\/a> foi retirado do mausol\u00e9u da <a href=\"https:\/\/www1.folha.uol.com.br\/folha-topicos\/abl\/\" rel=\"nofollow noopener\" target=\"\">Academia Brasileira de Letras<\/a>, onde tradicionalmente se enterram todos os seus integrantes, e foi transferido nesta ter\u00e7a para um jazigo ao ar livre no cemit\u00e9rio S\u00e3o Jo\u00e3o Batista, no centro do <a href=\"https:\/\/www1.folha.uol.com.br\/folha-topicos\/rio-de-janeiro\/\" rel=\"nofollow noopener\" target=\"_blank\">Rio de Janeiro<\/a>.<\/p>\n<p>Morta em dezembro de 2022, em Lisboa, aos 88 anos, a autora de &#8220;Vozes do Deserto&#8221; foi a primeira mulher a presidir a <a href=\"https:\/\/www1.folha.uol.com.br\/folha-topicos\/abl\/\" rel=\"nofollow noopener\" target=\"_blank\">ABL<\/a>, bem no ano em que a institui\u00e7\u00e3o completou seu centen\u00e1rio, em 1997.<\/p>\n<p>Assistente da autora por mais de 15 anos, Karla Vasconcelos hoje cuida de seu patrim\u00f4nio e foi a respons\u00e1vel pela mudan\u00e7a, prometida desde 2023. J\u00e1 na \u00e9poca do vel\u00f3rio da escritora, <a href=\"https:\/\/f5.folha.uol.com.br\/voceviu\/2023\/02\/degradado-mausoleu-da-abl-tem-mofo-lapides-erradas-e-infiltracao-sobre-tumulo-de-machado-de-assis.shtml\" rel=\"nofollow noopener\" target=\"\">ela reclamava do estado em que se encontrava o t\u00famulo<\/a> que guardaria o corpo da amiga.<\/p>\n<p>Vasconcelos lamentou que o sepultamento da autora tenha sido feito enquanto a l\u00e1pide ainda trazia o nome de L\u00eada Boechat Rodrigues, vi\u00fava do acad\u00eamico Jos\u00e9 Hon\u00f3rio Rodrigues. Chamou o caso de &#8220;um desrespeito&#8221; e disse que e escritora &#8220;foi atirada ao limbo e est\u00e1 numa vala como uma indigente&#8221;.<\/p>\n<p>Agora, ela reitera as acusa\u00e7\u00f5es. &#8220;Se algu\u00e9m quer conhecer a ABL, v\u00e1 ao mausol\u00e9u, ali est\u00e1 a face exposta da Academia e quem ela \u00e9 na atualidade. As pessoas anseiam para ingressar na institui\u00e7\u00e3o com a promessa da &#8216;imortalidade&#8217;, mas na verdade est\u00e3o condenadas \u00e0 invisibilidade e indig\u00eancia.&#8221;<\/p>\n<p>Em nota enviada \u00e0 reportagem, a Academia afirma que N\u00e9lida Pi\u00f1on \u00e9 &#8220;uma das maiores escritoras brasileiras&#8221;, &#8220;admirada e respeitada por todos&#8221;, al\u00e9m de &#8220;uma das figuras mais not\u00e1veis da ABL&#8221;. Desde a morte da autora, segundo a institui\u00e7\u00e3o, sua assistente &#8220;conversou v\u00e1rias vezes com a ABL e todos os pedidos dela foram atendidos&#8221;. &#8220;O que precisava foi restaurado.&#8221;<\/p>\n<p>Vasconcelos afirma que, de fato, nunca pediu nada \u00e0 Academia Brasileira de Letras &#8220;al\u00e9m de autoriza\u00e7\u00e3o para visitar N\u00e9lida no mausol\u00e9u&#8221;. &#8220;Precisa de uma obra estrutural muito grande. N\u00e3o adianta fazer maquiagem.&#8221;<\/p>\n<p>H\u00e1 tr\u00eas anos, uma reportagem<strong> <\/strong><a href=\"https:\/\/f5.folha.uol.com.br\/voceviu\/2023\/02\/degradado-mausoleu-da-abl-tem-mofo-lapides-erradas-e-infiltracao-sobre-tumulo-de-machado-de-assis.shtml\" rel=\"nofollow noopener\" target=\"\">mostrou infiltra\u00e7\u00f5es<\/a>, paredes descascando e t\u00famulos sem l\u00e1pide no mausol\u00e9u da Academia, onde est\u00e3o enterrados nomes como Machado de Assis, Manuel Bandeira, Jo\u00e3o Cabral de Melo Neto e Jo\u00e3o Guimar\u00e3es Rosa. As condi\u00e7\u00f5es do espa\u00e7o, naquele momento, foram alvo de cr\u00edticas de outros pesquisadores e acad\u00eamicos.<\/p>\n<p>&#8220;O mausol\u00e9u da ABL \u00e9 uma obra de 1958, abriga 40 jazigos e \u00e9 um bem tombado pelo Iphan&#8221;, diz a nota enviada pela Academia nesta ter\u00e7a. &#8220;A manuten\u00e7\u00e3o do local com limpeza, capinagem, pintura, \u00e9 feita mensalmente. O mausol\u00e9u est\u00e1 sendo reformado aos poucos conforme as necessidades e uma obra mais profunda necessita da aprova\u00e7\u00e3o do Iphan, o que demanda muitos recursos e tempo.&#8221;<\/p>\n<p>Vasconcelos, que \u00e9 neuropsic\u00f3loga e conheceu N\u00e9lida Pi\u00f1on nos anos 1990 ap\u00f3s enviar uma carta confessando sua admira\u00e7\u00e3o pela escritora, fez um v\u00eddeo emocionado nesta ter\u00e7a para divulgar o novo jazigo, no mesmo cemit\u00e9rio Jo\u00e3o Batista onde fica o mausol\u00e9u. Na grava\u00e7\u00e3o, ela mesma narra uma mensagem \u00e0 amiga.<\/p>\n<p>&#8220;Recordo o canto 24 da &#8216;Il\u00edada&#8217;, onde Pr\u00edamo suplica a Aquiles pelo corpo de seu filho Heitor, para que possa realizar um honrado funeral. N\u00e3o sou Pr\u00edamo, mas aguardei tr\u00eas amargos anos para recolher seus despojos e te conduzir a um lugar digno da tua humanidade.&#8221;<\/p>\n<p>O novo jazigo ao ar livre tem uma foto da escritora em preto e branco, sorrindo, e cita\u00e7\u00f5es de sua autoria. Em destaque na l\u00e1pide, est\u00e1 a frase &#8220;o amor \u00e9 e ser\u00e1 sempre teu melhor gesto na terra&#8221;.<\/p>\n<p>&#8220;Para mim \u00e9 um al\u00edvio&#8221;, diz Vasconcelos sobre a transfer\u00eancia do corpo. &#8220;A \u00fanica coisa que me prendia \u00e0 ABL era a N\u00e9lida. Agora ela est\u00e1 livre, e eu tamb\u00e9m.&#8221;<\/p>\n","protected":false},"excerpt":{"rendered":"O corpo da escritora N\u00e9lida Pi\u00f1on foi retirado do mausol\u00e9u da Academia Brasileira de Letras, onde tradicionalmente se&hellip;\n","protected":false},"author":2,"featured_media":218725,"comment_status":"","ping_status":"","sticky":false,"template":"","format":"standard","meta":{"footnotes":""},"categories":[145],"tags":[9902,26947,211,210,114,115,1907,236,864,237,170,42459,32,33,2326,5279],"class_list":{"0":"post-218724","1":"post","2":"type-post","3":"status-publish","4":"format-standard","5":"has-post-thumbnail","7":"category-celebridades","8":"tag-abl","9":"tag-academia-brasileira-de-letras","10":"tag-celebridades","11":"tag-celebrities","12":"tag-entertainment","13":"tag-entretenimento","14":"tag-escritores","15":"tag-folha","16":"tag-literatura","17":"tag-livro","18":"tag-livros","19":"tag-nelida-pinon","20":"tag-portugal","21":"tag-pt","22":"tag-rio-de-janeiro","23":"tag-rio-de-janeiro-estado"},"share_on_mastodon":{"url":"https:\/\/pubeurope.com\/@pt\/115852982464583705","error":""},"_links":{"self":[{"href":"https:\/\/www.europesays.com\/pt\/wp-json\/wp\/v2\/posts\/218724","targetHints":{"allow":["GET"]}}],"collection":[{"href":"https:\/\/www.europesays.com\/pt\/wp-json\/wp\/v2\/posts"}],"about":[{"href":"https:\/\/www.europesays.com\/pt\/wp-json\/wp\/v2\/types\/post"}],"author":[{"embeddable":true,"href":"https:\/\/www.europesays.com\/pt\/wp-json\/wp\/v2\/users\/2"}],"replies":[{"embeddable":true,"href":"https:\/\/www.europesays.com\/pt\/wp-json\/wp\/v2\/comments?post=218724"}],"version-history":[{"count":0,"href":"https:\/\/www.europesays.com\/pt\/wp-json\/wp\/v2\/posts\/218724\/revisions"}],"wp:featuredmedia":[{"embeddable":true,"href":"https:\/\/www.europesays.com\/pt\/wp-json\/wp\/v2\/media\/218725"}],"wp:attachment":[{"href":"https:\/\/www.europesays.com\/pt\/wp-json\/wp\/v2\/media?parent=218724"}],"wp:term":[{"taxonomy":"category","embeddable":true,"href":"https:\/\/www.europesays.com\/pt\/wp-json\/wp\/v2\/categories?post=218724"},{"taxonomy":"post_tag","embeddable":true,"href":"https:\/\/www.europesays.com\/pt\/wp-json\/wp\/v2\/tags?post=218724"}],"curies":[{"name":"wp","href":"https:\/\/api.w.org\/{rel}","templated":true}]}}