{"id":21881,"date":"2025-08-09T01:28:08","date_gmt":"2025-08-09T01:28:08","guid":{"rendered":"https:\/\/www.europesays.com\/pt\/21881\/"},"modified":"2025-08-09T01:28:08","modified_gmt":"2025-08-09T01:28:08","slug":"vazaram-nudes-de-taylor-swift-entenda-o-caso-e-saiba-a-verdade-sobre-imagens-geradas-por-ia-cultura","status":"publish","type":"post","link":"https:\/\/www.europesays.com\/pt\/21881\/","title":{"rendered":"Vazaram nudes de Taylor Swift? Entenda o caso e saiba a verdade sobre imagens geradas por IA | Cultura"},"content":{"rendered":"<p>Nos \u00faltimos dias, o nome de <a href=\"https:\/\/www.oliberal.com\/?q=Taylor+Swift\" target=\"_blank\" rel=\"nofollow noopener\"><strong>Taylor Swift<\/strong><\/a> voltou a ser associado a mais uma pol\u00eamica envolvendo o uso indevido de <a href=\"https:\/\/www.oliberal.com\/tecnologia-e-mercado\/estudantes-podem-usar-ia-do-google-gratuitamente-por-12-meses-saiba-como-se-inscrever-1.1003428\" target=\"_blank\" rel=\"nofollow noopener\"><strong>intelig\u00eancia artificial (IA)<\/strong><\/a>. Circula nas redes a informa\u00e7\u00e3o de que nudes da cantora teriam vazado, mas a verdade \u00e9 que as imagens s\u00e3o falsas e foram geradas por uma ferramenta de IA vinculada a <a href=\"https:\/\/www.oliberal.com\/?q=Elon+Musk\" target=\"_blank\" rel=\"nofollow noopener\"><strong>Elon Musk<\/strong><\/a>.<\/p>\n<p>Segundo reportagem publicada pelo site norte-americano The Verge, o conte\u00fado foi criado usando o <strong>Grok Imagine<\/strong>, novo gerador de imagens integrado \u00e0<strong> IA Grok<\/strong>, dispon\u00edvel para assinantes da vers\u00e3o paga da rede social X (antigo Twitter). A plataforma permite gerar imagens e v\u00eddeos com base em descri\u00e7\u00f5es textuais, e conta com quatro modos distintos: Custom, Normal, Fun e Spicy (este \u00faltimo, em tradu\u00e7\u00e3o livre, significa &#8220;picante&#8221;).<\/p>\n<p><strong>VEJA MAIS<\/strong><\/p>\n<p>\n                  <a href=\"https:\/\/www.oliberal.com\/variedades\/restos-mortais-sao-encontrados-perto-da-mansao-de-taylor-swift-1.963287\" title=\"Restos mortais s\u00e3o encontrados perto da mans\u00e3o de Taylor Swift\" rel=\"nofollow noopener\" target=\"_blank\"><\/p>\n<p>  <img decoding=\"async\" class=\"delayed-image-load\" src=\"https:\/\/www.europesays.com\/pt\/wp-content\/uploads\/2025\/08\/Taylor-Swift.jpg\" data-alt=\"\" data-title=\"\" alt=\"image\"\/><\/p>\n<p>              <\/a><br \/>\n                <a href=\"https:\/\/www.oliberal.com\/variedades\/restos-mortais-sao-encontrados-perto-da-mansao-de-taylor-swift-1.963287\" title=\"Restos mortais s\u00e3o encontrados perto da mans\u00e3o de Taylor Swift\" rel=\"nofollow noopener\" target=\"_blank\"><br \/>\n          <b>Restos mortais s\u00e3o encontrados perto da mans\u00e3o de Taylor Swift<\/b><br \/>Parte de um corpo humano foi encontrado perto de uma das propriedades da cantora<br \/>\n        <\/a>\n      <\/p>\n<p>\n                  <a href=\"https:\/\/www.oliberal.com\/cultura\/taylor-swift-e-intimada-a-depor-em-caso-de-blake-lively-e-justin-baldoni-1.960311\" title=\"Taylor Swift \u00e9 intimada a depor em caso de Blake Lively e Justin Baldoni\" rel=\"nofollow noopener\" target=\"_blank\"><\/p>\n<p>  <img decoding=\"async\" class=\"delayed-image-load\" src=\"https:\/\/www.europesays.com\/pt\/wp-content\/uploads\/2025\/08\/1754702888_359_Taylor-Swift.jpg\" data-alt=\"Taylor Swift completa 35 anos em 13 de dezembro de 2024\" data-title=\"Taylor Swift completa 35 anos em 13 de dezembro de 2024\" alt=\"image\"\/><\/p>\n<p>              <\/a><br \/>\n                <a href=\"https:\/\/www.oliberal.com\/cultura\/taylor-swift-e-intimada-a-depor-em-caso-de-blake-lively-e-justin-baldoni-1.960311\" title=\"Taylor Swift \u00e9 intimada a depor em caso de Blake Lively e Justin Baldoni\" rel=\"nofollow noopener\" target=\"_blank\"><br \/>\n          <b>Taylor Swift \u00e9 intimada a depor em caso de Blake Lively e Justin Baldoni<\/b><br \/>O envolvimento de Swift com o caso come\u00e7ou em janeiro deste ano<br \/>\n        <\/a>\n      <\/p>\n<p>Como as imagens foram criadas?<\/p>\n<p>A rep\u00f3rter do The Verge teria testado a ferramenta pedindo que o Grok Imagine criasse imagens com o seguinte comando: &#8220;Taylor Swift festejando no Coachella com os meninos&#8221;. A IA gerou mais de 30 imagens, algumas em que a cantora aparecia em poses sugestivas e com roupas m\u00ednimas. Ao selecionar uma dessas imagens e ativar o modo Spicy, a ferramenta produziu um v\u00eddeo em que a artista simulava tirar a roupa e dan\u00e7ar de calcinha diante de uma multid\u00e3o tamb\u00e9m gerada por IA.<\/p>\n<p>Segundo o The Verge, embora o Grok n\u00e3o permita que o usu\u00e1rio pe\u00e7a diretamente por nudes no prompt, o modo Spicy consegue contornar essas limita\u00e7\u00f5es e criar conte\u00fados com nudismo expl\u00edcito de figuras p\u00fablicas \u2014 o que levanta s\u00e9rias preocupa\u00e7\u00f5es sobre o uso da IA para cria\u00e7\u00e3o de deepfakes n\u00e3o-consensuais.<\/p>\n<blockquote class=\"instagram-media\" data-instgrm-captioned=\"\" data-instgrm-permalink=\"https:\/\/www.instagram.com\/p\/DNBHSNeMg7s\/?utm_source=ig_embed&amp;utm_campaign=loading\" data-instgrm-version=\"13\" style=\" background:#FFF; border:0; border-radius:3px; box-shadow:0 0 1px 0 rgba(0,0,0,0.5),0 1px 10px 0 rgba(0,0,0,0.15); margin: 1px; max-width:540px; min-width:326px; padding:0; width:99.375%; width:-webkit-calc(100% - 2px); width:calc(100% - 2px);\"\/>\n<p>Repercuss\u00e3o e pol\u00eamica<\/p>\n<p>Essa n\u00e3o \u00e9 a primeira vez que o nome de Taylor Swift aparece ligado a casos de nudes falsos gerados por IA. Em 2024, a cantora foi v\u00edtima de uma onda de deepfakes er\u00f3ticos, que circularam em redes sociais e causaram revolta entre f\u00e3s e especialistas em seguran\u00e7a digital.<\/p>\n<p>O novo recurso do Grok j\u00e1 foi usado para criar mais de 34 milh\u00f5es de imagens entre os dias 4 e 5 de agosto, segundo informa\u00e7\u00f5es divulgadas por Elon Musk. Ainda assim, a funcionalidade vem sendo duramente criticada por especialistas, j\u00e1 que o sistema tem sido capaz de produzir conte\u00fado adulto com rostos de celebridades, al\u00e9m de j\u00e1 ter sido associado \u00e0 veicula\u00e7\u00e3o de mensagens antissemitas e outros conte\u00fados considerados ofensivos.<\/p>\n<p>O que diz a legisla\u00e7\u00e3o?<\/p>\n<p>Embora o uso da IA para criar imagens falsas de pessoas famosas ainda esteja em zona cinzenta em muitos pa\u00edses, a pr\u00e1tica j\u00e1 \u00e9 considerada crime em diversas jurisdi\u00e7\u00f5es, principalmente quando se trata de conte\u00fado sexual.<\/p>\n<p>A cria\u00e7\u00e3o e a dissemina\u00e7\u00e3o de deepfakes pornogr\u00e1ficos sem o consentimento da pessoa retratada pode configurar crime de viola\u00e7\u00e3o de direitos de imagem, difama\u00e7\u00e3o e viol\u00eancia virtual.<\/p>\n<p>                                    <script async src=\"\/\/www.instagram.com\/embed.js\"><\/script><\/p>\n","protected":false},"excerpt":{"rendered":"Nos \u00faltimos dias, o nome de Taylor Swift voltou a ser associado a mais uma pol\u00eamica envolvendo o&hellip;\n","protected":false},"author":2,"featured_media":21882,"comment_status":"","ping_status":"","sticky":false,"template":"","format":"standard","meta":{"footnotes":""},"categories":[84],"tags":[109,107,108,32,33,105,103,104,106,110],"class_list":{"0":"post-21881","1":"post","2":"type-post","3":"status-publish","4":"format-standard","5":"has-post-thumbnail","7":"category-ciencia-e-tecnologia","8":"tag-ciencia","9":"tag-ciencia-e-tecnologia","10":"tag-cienciaetecnologia","11":"tag-portugal","12":"tag-pt","13":"tag-science","14":"tag-science-and-technology","15":"tag-scienceandtechnology","16":"tag-technology","17":"tag-tecnologia"},"share_on_mastodon":{"url":"","error":""},"_links":{"self":[{"href":"https:\/\/www.europesays.com\/pt\/wp-json\/wp\/v2\/posts\/21881","targetHints":{"allow":["GET"]}}],"collection":[{"href":"https:\/\/www.europesays.com\/pt\/wp-json\/wp\/v2\/posts"}],"about":[{"href":"https:\/\/www.europesays.com\/pt\/wp-json\/wp\/v2\/types\/post"}],"author":[{"embeddable":true,"href":"https:\/\/www.europesays.com\/pt\/wp-json\/wp\/v2\/users\/2"}],"replies":[{"embeddable":true,"href":"https:\/\/www.europesays.com\/pt\/wp-json\/wp\/v2\/comments?post=21881"}],"version-history":[{"count":0,"href":"https:\/\/www.europesays.com\/pt\/wp-json\/wp\/v2\/posts\/21881\/revisions"}],"wp:featuredmedia":[{"embeddable":true,"href":"https:\/\/www.europesays.com\/pt\/wp-json\/wp\/v2\/media\/21882"}],"wp:attachment":[{"href":"https:\/\/www.europesays.com\/pt\/wp-json\/wp\/v2\/media?parent=21881"}],"wp:term":[{"taxonomy":"category","embeddable":true,"href":"https:\/\/www.europesays.com\/pt\/wp-json\/wp\/v2\/categories?post=21881"},{"taxonomy":"post_tag","embeddable":true,"href":"https:\/\/www.europesays.com\/pt\/wp-json\/wp\/v2\/tags?post=21881"}],"curies":[{"name":"wp","href":"https:\/\/api.w.org\/{rel}","templated":true}]}}