{"id":218891,"date":"2026-01-07T11:30:20","date_gmt":"2026-01-07T11:30:20","guid":{"rendered":"https:\/\/www.europesays.com\/pt\/218891\/"},"modified":"2026-01-07T11:30:20","modified_gmt":"2026-01-07T11:30:20","slug":"gosta-de-tetris-guia-para-transformar-pontes-em-grandes-viagens-sem-gastar-dias-de-ferias-com-os-feriados-de-2026","status":"publish","type":"post","link":"https:\/\/www.europesays.com\/pt\/218891\/","title":{"rendered":"Gosta de Tetris? Guia para transformar pontes em grandes viagens (sem gastar dias de f\u00e9rias) com os feriados de 2026"},"content":{"rendered":"<p data-path-to-node=\"7\">Todos os anos, o calend\u00e1rio oferece pequenas oportunidades para abrandar o ritmo, sair da rotina e descobrir novos destinos. Em 2026, essas oportunidades multiplicam-se. Ao contr\u00e1rio de anos anteriores, onde muitos feriados &#8220;morriam&#8221; ao fim de semana, este ano traz uma configura\u00e7\u00e3o curiosa: muitas <strong data-path-to-node=\"7\" data-index-in-node=\"299\">ter\u00e7as e quintas-feiras<\/strong>, o que exige negocia\u00e7\u00e3o antecipada, mas oferece recompensas maiores (as famosas pontes de 4 dias).<\/p>\n<p data-path-to-node=\"8\">Mais do que contabilizar dias, a chave est\u00e1 na estrat\u00e9gia. Onde vale a pena gastar dias de f\u00e9rias? Onde basta um fim de semana prolongado? <strong>Eis o plano de batalha para 2026.<\/strong><\/p>\n<p>Fevereiro: o carnaval de inverno<\/p>\n<p>Em 2026, o Entrudo chega cedo. O feriado \u00e9 a 17 de fevereiro (ter\u00e7a-feira).<\/p>\n<p><strong>A estrat\u00e9gia:<\/strong> \u00e9 a primeira ponte real do ano. Se garantir a segunda-feira (dia 16) de f\u00e9rias, ganha um bloco de 4 dias consecutivos. \u00c9 a altura ideal para quem n\u00e3o teve f\u00e9rias no Natal e j\u00e1 sente o cansa\u00e7o acumulado.<\/p>\n<p><strong>Para onde ir:<\/strong> com o Carnaval t\u00e3o cedo, as est\u00e2ncias de ski na Serra Nevada ou nos Piren\u00e9us est\u00e3o no auge da neve e com excelentes condi\u00e7\u00f5es.<\/p>\n<p>\t\t<img decoding=\"async\" src=\"https:\/\/www.europesays.com\/pt\/wp-content\/uploads\/2026\/01\/1767785415_662_thumbs.web.sapo.io.webp\"  alt=\"Lanzarote, nas Ilhas Can\u00e1rias\" loading=\"true\"\/><\/p>\n<p>      Lanzarote, nas Ilhas Can\u00e1rias<br \/>\n      Cr\u00e9ditos: Foto de JP Files | Unsplash<\/p>\n<p><strong>Fuga para o sol:<\/strong> se o frio aperta, a Madeira ou as Can\u00e1rias (Tenerife\/Lanzarote) s\u00e3o as op\u00e7\u00f5es mais seguras a curta dist\u00e2ncia para apanhar 20\u00baC.<\/p>\n<p><strong>A folia cl\u00e1ssica:<\/strong> Veneza (It\u00e1lia) ou Nice (Fran\u00e7a) t\u00eam os seus carnavais hist\u00f3ricos a decorrer, mas exigem reserva com meses de anteced\u00eancia.<\/p>\n<p>Abril: a P\u00e1scoa e o &#8220;despertar&#8221; da primavera<\/p>\n<p>A Sexta-feira Santa calha a 3 de abril.<\/p>\n<p><strong>A estrat\u00e9gia<\/strong>: \u00e9 um fim de semana prolongado autom\u00e1tico de 3 dias, mas se tiver crian\u00e7as, este per\u00edodo coincide com as f\u00e9rias escolares, permitindo esticar a viagem para uma semana completa.<\/p>\n<p><strong>Para onde ir:<\/strong> Sevilha, em Espanha. \u00c9 a semana ideal para ver a intensidade da Semana Santa, mas prepare-se para pre\u00e7os altos. Pode optar tamb\u00e9m por Amesterd\u00e3o, nos Pa\u00edses Baixos, uma vez que o in\u00edcio de abril \u00e9 o pico da \u00e9poca das tulipas.<\/p>\n<p>\t\t<img decoding=\"async\" src=\"https:\/\/www.europesays.com\/pt\/wp-content\/uploads\/2026\/01\/1767785416_402_thumbs.web.sapo.io.webp\"  alt=\"O parque Keukenhof, nos Pa\u00edses Baixos, estar\u00e1 aberto.\" loading=\"true\"\/><\/p>\n<p>      O parque Keukenhof, nos Pa\u00edses Baixos, estar\u00e1 aberto.<br \/>\n      Cr\u00e9ditos: Brett Beutell | Unsplash<\/p>\n<p><strong>City Break em fam\u00edlia: <\/strong>cidades como Londres ou Copenhaga come\u00e7am a ter dias longos e parques verdes, sendo ideais antes da confus\u00e3o do ver\u00e3o.<\/p>\n<p>Maio: o fim de semana do &#8220;bem-estar&#8221;<\/p>\n<p>O Dia do Trabalhador (1 de maio) calha a uma sexta-feira.<\/p>\n<p><strong>A estrat\u00e9gia:<\/strong> sem gastar dias de f\u00e9rias, tem 3 dias livres. \u00c9 o momento perfeito para viagens de &#8220;baixo stress&#8221;: curta dist\u00e2ncia, sem voos complicados, focadas em natureza e gastronomia.<\/p>\n<p><strong>Para onde ir:<\/strong> as cascatas do Ger\u00eas est\u00e3o cheias de \u00e1gua e o Douro j\u00e1 est\u00e1 verde, mas sem o calor sufocante de agosto.\u00a0Marraquexe, em Marrocos fica a um voo curto de dist\u00e2ncia e coloca-o num mundo diferente. Em maio, o calor j\u00e1 convida a piscina, mas ainda se consegue passear nos souks. Considere igualmente\u00a0Menorca, em Espanha. A mais tranquila das Baleares \u00e9 perfeita nesta altura. A \u00e1gua ainda pode estar fresca, mas a ilha est\u00e1 vazia e florescida.<\/p>\n<p>\t\t<img decoding=\"async\" src=\"https:\/\/www.europesays.com\/pt\/wp-content\/uploads\/2026\/01\/1767785417_521_thumbs.web.sapo.io.webp\"  alt=\"A beleza dos detalhes em Marraquexe\" loading=\"true\"\/><\/p>\n<p>      A beleza dos detalhes em Marraquexe<br \/>\n      Cr\u00e9ditos: Oussama sabri | Unsplash<\/p>\n<p>Junho: o m\u00eas do &#8220;Tetris&#8221; (e a grande oportunidade)<\/p>\n<p>Junho \u00e9 a j\u00f3ia da coroa de 2026. Temos o Corpo de Deus a 4 de junho (quinta-feira) e o Dia de Portugal a 10 de junho (quarta-feira).<\/p>\n<p><strong>A &#8220;super estrat\u00e9gia&#8221;:<\/strong> aqui \u00e9 preciso ousadia. Se tirar 3 dias de f\u00e9rias (5, 8 e 9 de junho), consegue unir os dois feriados e o fim de semana pelo meio, obtendo uma semana inteira de f\u00e9rias (de 4 a 10 de junho).<\/p>\n<p><strong>Nota para o norte:\u00a0<\/strong>no Porto e Braga, o S\u00e3o Jo\u00e3o (24 de junho) \u00e9 uma quarta-feira. Mais uma oportunidade para partir a semana ao meio. Este ano, o dia de Santo Ant\u00f3nio (feriado municipal em Lisboa e em v\u00e1rios outros concelhos do pa\u00eds) calha a um s\u00e1bado, dia 13 de junho.<\/p>\n<p>\t\t<img decoding=\"async\" src=\"https:\/\/www.europesays.com\/pt\/wp-content\/uploads\/2026\/01\/1767785417_526_thumbs.web.sapo.io.webp\"  alt=\"Quem resiste a uma praia na Sardenha?\" loading=\"true\"\/><\/p>\n<p>      Quem resiste a uma praia na Sardenha?<br \/>\n      Cr\u00e9ditos: Fadi Al Shami | Unsplash<\/p>\n<p><strong>Para onde ir:<\/strong> Sardenha, Algarve ou Costa Vicentina. Usufrua das praias europeias antes de as escolas acabarem e de os pre\u00e7os duplicarem em julho\/agosto. Ou as ilhas a\u00e7orianas Flores ou Corvo. A \u00e9poca das hort\u00eansias come\u00e7a. \u00c9 a altura ideal para explorar as ilhas mais remotas com tempo est\u00e1vel.<\/p>\n<p>Agosto: o desafio do ver\u00e3o<\/p>\n<p>O feriado de 15 de agosto calha a um s\u00e1bado. N\u00e3o h\u00e1 pontes.<\/p>\n<p><strong>A estrat\u00e9gia: <\/strong>sem a &#8220;ajuda&#8221; do feriado, a melhor t\u00e1tica \u00e9 jogar com a contra-sazonalidade. Evite o sul da Europa na primeira quinzena.<\/p>\n<p><strong>Para onde ir:\u00a0<\/strong>destinos no norte de Espanha como Ast\u00farias ou Cant\u00e1bria s\u00e3o conhecidos por se comer bem e dormir \u00e0 fresca. Pode ser mais ousado e visitar a Escandin\u00e1via. Su\u00e9cia ou Noruega oferecem dias intermin\u00e1veis e natureza bruta, longe das ondas de calor do Mediterr\u00e2neo.<\/p>\n<p>\t\t<img decoding=\"async\" src=\"https:\/\/www.europesays.com\/pt\/wp-content\/uploads\/2026\/01\/1767785418_253_thumbs.web.sapo.io.webp\"  alt=\"Descubra a beleza do ver\u00e3o em Hovden, na Noruega\" loading=\"true\"\/><\/p>\n<p>      Descubra a beleza do ver\u00e3o em Hovden, na Noruega<br \/>\n      Cr\u00e9ditos: Vidar Nordli-Mathisen | Unsplash<\/p>\n<p>Outubro: a reden\u00e7\u00e3o de outono<\/p>\n<p>Depois de um ver\u00e3o longo, a Implanta\u00e7\u00e3o da Rep\u00fablica (5 de outubro) oferece uma segunda-feira livre.<\/p>\n<p><strong>A estrat\u00e9gia:<\/strong> fim de semana de 3 dias para celebrar a entrada no outono. \u00c9 a melhor altura do ano para turismo gastron\u00f3mico e cultural.<\/p>\n<p><strong>Para onde ir:<\/strong> aproveite as vindimas tardias na Toscana (It\u00e1lia) ou Bord\u00e9us (Fran\u00e7a), que est\u00e3o tingidas de dourado e vermelho. Na Europa Central opte por Praga, Budapeste ou Viena. O frio ainda n\u00e3o morde, as \u00e1rvores est\u00e3o lindas e as cidades recuperam o ritmo local.<\/p>\n<p>\t\t<img decoding=\"async\" src=\"https:\/\/www.europesays.com\/pt\/wp-content\/uploads\/2026\/01\/1767785419_330_thumbs.web.sapo.io.webp\"  alt=\"Vinho, Bord\u00e9us e as pessoas que mais gostamos\" loading=\"true\"\/><\/p>\n<p>      Vinho, Bord\u00e9us e as pessoas que mais gostamos<br \/>\n      Cr\u00e9ditos: Foto de Jennifer Yung | Unsplash<\/p>\n<p>Dezembro: as pontes de compras e mercados<\/p>\n<p>Com a not\u00edcia triste de que o 1 de novembro (Dia de Todos os Santos) calha a um domingo, o ano fecha com uma configura\u00e7\u00e3o de luxo: duas ter\u00e7as-feiras feriado (Restaura\u00e7\u00e3o a dia 1 e Imaculada Concei\u00e7\u00e3o a dia 8).<\/p>\n<p><strong>A estrat\u00e9gia:<\/strong> tem duas op\u00e7\u00f5es. A primeira \u00e9 a &#8220;ponte simples&#8221;. Tire a segunda-feira (30 nov ou 7 dez) para um fim de semana de 4 dias. Ou a &#8220;ponte dupla&#8221; para os mais audazes. Tirar a semana pelo meio permite uma viagem de longo curso antes do Natal.<\/p>\n<p><strong>Para onde ir: <\/strong>abrace a \u00e9poca e aproveite os mercados de Natal com a cl\u00e1ssica rota da Als\u00e1cia (Estrasburgo\/Colmar) ou da Alemanha (Col\u00f3nia\/Nuremberga). Encaixam perfeitamente na ponte de 4 dias. Pode ainda visitar\u00a0Nova Iorque ou Londres e desfrutar das luzes, fazer as compras e sentir o esp\u00edrito natal\u00edcio cosmopolita.<\/p>\n<p>\t\t<img decoding=\"async\" src=\"https:\/\/www.europesays.com\/pt\/wp-content\/uploads\/2026\/01\/1767785420_689_thumbs.web.sapo.io.webp\"  alt=\"O calor de dezembro no Rio de Janeiro\" loading=\"true\"\/><\/p>\n<p>      O calor de dezembro no Rio de Janeiro<br \/>\n      Cr\u00e9ditos: Jo\u00e3o Pedro Vergara | Unsplash<\/p>\n<p>Se optar pela ponte dupla, tem tempo suficiente para ir dar um mergulho ao calor em Cabo Verde ou Brasil e voltar bronzeado para a Consoada (\u00e9 a uma sexta-feira, dando mais um fim de semana prolongado).<\/p>\n<p>Ano Novo 2026\/27: come\u00e7ar com o p\u00e9 direito<\/p>\n<p>E para fechar o ciclo, o dia 1 de janeiro de 2027 tamb\u00e9m calha a uma sexta-feira.<\/p>\n<p><strong>A estrat\u00e9gia:<\/strong> \u00e9 o cen\u00e1rio perfeito para quem gosta de festejar a passagem de ano sem olhar para o rel\u00f3gio. A recupera\u00e7\u00e3o est\u00e1 garantida com um fim de semana de 3 dias autom\u00e1tico, sem precisar de pedir o dia seguinte.<\/p>\n<p><strong>Para onde ir:<\/strong> a Madeira \u00e9 um cl\u00e1ssico dos cl\u00e1ssicos. Com o dia 1 a ser sexta-feira, justifica-se viajar na quarta ou quinta e ficar o fim de semana para ver o fogo de artif\u00edcio.\u00a0Se gostar do frio, nada bate o charme de come\u00e7ar o ano na Serra da Estrela ou junto \u00e0 lareira num turismo rural nas Beiras.<\/p>\n<p>\t\t<img decoding=\"async\" src=\"https:\/\/www.europesays.com\/pt\/wp-content\/uploads\/2026\/01\/1767785420_878_thumbs.web.sapo.io.webp\"  alt=\"Final de dezembro \u00e9 na Serra da Estrela\" loading=\"true\"\/><\/p>\n<p>      Final de dezembro \u00e9 na Serra da Estrela<br \/>\n      Cr\u00e9ditos: Rodrigo Dias | Unsplash<\/p>\n","protected":false},"excerpt":{"rendered":"Todos os anos, o calend\u00e1rio oferece pequenas oportunidades para abrandar o ritmo, sair da rotina e descobrir novos&hellip;\n","protected":false},"author":2,"featured_media":218892,"comment_status":"","ping_status":"","sticky":false,"template":"","format":"standard","meta":{"footnotes":""},"categories":[83],"tags":[88,89,90,32,33],"class_list":{"0":"post-218891","1":"post","2":"type-post","3":"status-publish","4":"format-standard","5":"has-post-thumbnail","7":"category-empresas","8":"tag-business","9":"tag-economy","10":"tag-empresas","11":"tag-portugal","12":"tag-pt"},"share_on_mastodon":{"url":"https:\/\/pubeurope.com\/@pt\/115853592170114439","error":""},"_links":{"self":[{"href":"https:\/\/www.europesays.com\/pt\/wp-json\/wp\/v2\/posts\/218891","targetHints":{"allow":["GET"]}}],"collection":[{"href":"https:\/\/www.europesays.com\/pt\/wp-json\/wp\/v2\/posts"}],"about":[{"href":"https:\/\/www.europesays.com\/pt\/wp-json\/wp\/v2\/types\/post"}],"author":[{"embeddable":true,"href":"https:\/\/www.europesays.com\/pt\/wp-json\/wp\/v2\/users\/2"}],"replies":[{"embeddable":true,"href":"https:\/\/www.europesays.com\/pt\/wp-json\/wp\/v2\/comments?post=218891"}],"version-history":[{"count":0,"href":"https:\/\/www.europesays.com\/pt\/wp-json\/wp\/v2\/posts\/218891\/revisions"}],"wp:featuredmedia":[{"embeddable":true,"href":"https:\/\/www.europesays.com\/pt\/wp-json\/wp\/v2\/media\/218892"}],"wp:attachment":[{"href":"https:\/\/www.europesays.com\/pt\/wp-json\/wp\/v2\/media?parent=218891"}],"wp:term":[{"taxonomy":"category","embeddable":true,"href":"https:\/\/www.europesays.com\/pt\/wp-json\/wp\/v2\/categories?post=218891"},{"taxonomy":"post_tag","embeddable":true,"href":"https:\/\/www.europesays.com\/pt\/wp-json\/wp\/v2\/tags?post=218891"}],"curies":[{"name":"wp","href":"https:\/\/api.w.org\/{rel}","templated":true}]}}