{"id":21894,"date":"2025-08-09T01:39:17","date_gmt":"2025-08-09T01:39:17","guid":{"rendered":"https:\/\/www.europesays.com\/pt\/21894\/"},"modified":"2025-08-09T01:39:17","modified_gmt":"2025-08-09T01:39:17","slug":"temos-de-encarar-a-segunda-mao-de-forma-muito-seria","status":"publish","type":"post","link":"https:\/\/www.europesays.com\/pt\/21894\/","title":{"rendered":"\u00abTemos de encarar a segunda m\u00e3o de forma muito s\u00e9ria\u00bb"},"content":{"rendered":"<p>O <a target=\"_black\" style=\"font-weight: bold;\" href=\"https:\/\/www.zerozero.pt\/equipa\/santa-clara\/32\" rel=\"nofollow noopener\">Santa Clara<\/a> deu um passo importante rumo ao playoff da Conference League\u00a0ao vencer o <a target=\"_black\" style=\"font-weight: bold;\" href=\"https:\/\/www.zerozero.pt\/equipa\/larne\/1959\" rel=\"nofollow noopener\">Larne<\/a> por 0-3 na primeira m\u00e3o da terceira pr\u00e9-eliminat\u00f3ria. No final da partida,\u00a0<a target=\"_black\" style=\"font-weight: bold;\" href=\"https:\/\/www.zerozero.pt\/treinador\/vasco-matos\/24431\" rel=\"nofollow noopener\">Vasco Matos<\/a> mostrou-se satisfeito com o desempenho da equipa, mas fez quest\u00e3o de sublinhar que nada est\u00e1 decidido.<\/p>\n<p>Veja Tamb\u00e9m<\/p>\n<p>\u00abEntr\u00e1mos muito bem no jogo. Uma primeira parte muito bem conseguida dentro daquilo que t\u00ednhamos falado e trabalhado. Fomos muito s\u00e9rios. O nosso jogo claramente a funcionar. Muito bem com bola, a procurar os espa\u00e7os que quer\u00edamos, a atrair o advers\u00e1rio e a libertar esses mesmos espa\u00e7os para atacar a \u00faltima linha do advers\u00e1rio\u00bb, analisou o t\u00e9cnico dos a\u00e7orianos.<\/p>\n<p>\u00abNa segunda parte, continu\u00e1mos a circular, a criar situa\u00e7\u00f5es. Acho que pod\u00edamos ter feito mais um ou dois golos\u00bb, referiu Vasco Matos, reconhecendo a superioridade da sua equipa ao longo de todo o encontro.<\/p>\n<p>Apesar do triunfo expressivo fora de portas, o treinador deixou um aviso para o jogo da segunda m\u00e3o.\u00a0\u00abObviamente que sa\u00edmos daqui com um resultado muito positivo, mas a eliminat\u00f3ria ainda tem mais um jogo. Temos de o encarar de forma muito s\u00e9ria. N\u00e3o podemos facilitar.\u00bb<\/p>\n<p>Vasco Matos destacou ainda a resposta dos jogadores que sa\u00edram do banco e a profundidade do plantel.\u00a0\u00abAcreditamos em todos os jogadores. Os jogadores que entraram deram uma boa resposta. Est\u00e3o prontos para os pr\u00f3ximos desafios. Contamos com todos. \u00c9 esse o caminho. Quando constru\u00edmos o plantel foi nesse sentido. Acreditamos muito no nosso trabalho.\u00bb<\/p>\n<p>A segunda m\u00e3o est\u00e1 agendada para o pr\u00f3ximo dia 14 de agosto pelas 20 horas.<\/p>\n<p><a href=\"https:\/\/www.zerozero.pt\/transfers.php\" rel=\"nofollow noopener\" target=\"_blank\"><img decoding=\"async\" src=\"https:\/\/www.zerozero.pt\/img\/banner_feed.svg?v=1754672408\" alt=\"\" class=\"w-full\"\/><\/a><\/p>\n","protected":false},"excerpt":{"rendered":"O Santa Clara deu um passo importante rumo ao playoff da Conference League\u00a0ao vencer o Larne por 0-3&hellip;\n","protected":false},"author":2,"featured_media":21895,"comment_status":"","ping_status":"","sticky":false,"template":"","format":"standard","meta":{"footnotes":""},"categories":[87],"tags":[135,526,524,13,32,33,527,525,134,523],"class_list":{"0":"post-21894","1":"post","2":"type-post","3":"status-publish","4":"format-standard","5":"has-post-thumbnail","7":"category-desporto","8":"tag-desporto","9":"tag-football","10":"tag-futebol","11":"tag-noticias","12":"tag-portugal","13":"tag-pt","14":"tag-resultados","15":"tag-soccer","16":"tag-sports","17":"tag-zerozero"},"share_on_mastodon":{"url":"","error":""},"_links":{"self":[{"href":"https:\/\/www.europesays.com\/pt\/wp-json\/wp\/v2\/posts\/21894","targetHints":{"allow":["GET"]}}],"collection":[{"href":"https:\/\/www.europesays.com\/pt\/wp-json\/wp\/v2\/posts"}],"about":[{"href":"https:\/\/www.europesays.com\/pt\/wp-json\/wp\/v2\/types\/post"}],"author":[{"embeddable":true,"href":"https:\/\/www.europesays.com\/pt\/wp-json\/wp\/v2\/users\/2"}],"replies":[{"embeddable":true,"href":"https:\/\/www.europesays.com\/pt\/wp-json\/wp\/v2\/comments?post=21894"}],"version-history":[{"count":0,"href":"https:\/\/www.europesays.com\/pt\/wp-json\/wp\/v2\/posts\/21894\/revisions"}],"wp:featuredmedia":[{"embeddable":true,"href":"https:\/\/www.europesays.com\/pt\/wp-json\/wp\/v2\/media\/21895"}],"wp:attachment":[{"href":"https:\/\/www.europesays.com\/pt\/wp-json\/wp\/v2\/media?parent=21894"}],"wp:term":[{"taxonomy":"category","embeddable":true,"href":"https:\/\/www.europesays.com\/pt\/wp-json\/wp\/v2\/categories?post=21894"},{"taxonomy":"post_tag","embeddable":true,"href":"https:\/\/www.europesays.com\/pt\/wp-json\/wp\/v2\/tags?post=21894"}],"curies":[{"name":"wp","href":"https:\/\/api.w.org\/{rel}","templated":true}]}}