{"id":218961,"date":"2026-01-07T12:14:19","date_gmt":"2026-01-07T12:14:19","guid":{"rendered":"https:\/\/www.europesays.com\/pt\/218961\/"},"modified":"2026-01-07T12:14:19","modified_gmt":"2026-01-07T12:14:19","slug":"o-que-fazer-quarta-e-dia-de-monologos-da-vagina-e-outras-percepcoes-lazer","status":"publish","type":"post","link":"https:\/\/www.europesays.com\/pt\/218961\/","title":{"rendered":"O que fazer? Quarta \u00e9 dia de Mon\u00f3logos da Vagina e outras Percep\u00e7\u00f5es | Lazer"},"content":{"rendered":"<p>Percep\u00e7\u00f5es<\/p>\n<p dir=\"ltr\"><strong>LISBOA Teatro do Bairro. De 7\/1 a 11\/1. Quarta a sexta, \u00e0s 21h30; s\u00e1bado e domingo, \u00e0s 18h. M\/12. 12\u20ac<\/strong><\/p>\n<p dir=\"ltr\">O Teatro dos Alo\u00e9s pega em temas \u201cquentes\u201d da actualidade, como \u201ca imigra\u00e7\u00e3o, a intoler\u00e2ncia, o papel das redes sociais na dissemina\u00e7\u00e3o do \u00f3dio\u201d e apresenta uma cria\u00e7\u00e3o work in progress onde reflecte sobre o papel da arte na constru\u00e7\u00e3o de um mundo melhor. Traduzida como um espelho do que nos divide e segrega, num mundo onde as percep\u00e7\u00f5es ganham terreno em detrimento dos factos, a pe\u00e7a reclama o lugar da humanidade em tempos em que \u201ca solidariedade e a empatia s\u00e3o vistas como uma fraqueza\u201d. A encena\u00e7\u00e3o \u00e9 de Elsa Valentim.<\/p>\n<p>Mon\u00f3logos da Vagina &#8211; A Despedida!<\/p>\n<p dir=\"ltr\"><strong>PORTO Coliseu Porto Ageas. Dia 7\/1, \u00e0s 21h. M\/16. 22,50\u20ac a 28\u20ac<\/strong><\/p>\n<p dir=\"ltr\">Marta Melro, Maria Sampaio e Ol\u00edvia Ortiz d\u00e3o corpo ao novo elenco da pe\u00e7a feita de \u201chist\u00f3rias reais, cruas e divertidas, que desvendam um pouco mais do desconcertante universo feminino\u201d, avisa a sinopse. Com o quotidiano como mat\u00e9ria-prima, abordam-se assuntos como a menstrua\u00e7\u00e3o, o orgasmo, a infidelidade, o amor, o ass\u00e9dio, a viola\u00e7\u00e3o, a mutila\u00e7\u00e3o genital feminina e, claro est\u00e1, a vagina \u201ccomo uma ferramenta de capacita\u00e7\u00e3o feminina e a personifica\u00e7\u00e3o m\u00e1xima da individualidade\u201d. Escrito por Eve Ensler, e interpretado por nomes sonantes como Jane Fonda, Whoopi Goldberg ou Meryl Streep, o texto \u00e9 levado \u00e0 cena portuguesa pela Yellow Star Company. A encena\u00e7\u00e3o \u00e9 de Paulo Sousa Costa.<\/p>\n<p>Concerto de Reis<\/p>\n<p dir=\"ltr\"><strong>PORTO Casa da M\u00fasica. Dia 7\/1, \u00e0s 21h. M\/6. 6\u20ac<\/strong><\/p>\n<p dir=\"ltr\">\u00c0 boleia do Dia dos Reis, sobe ao palco a Orquestra do Algarve e um programa que \u201ccelebra toda a vitalidade da orquestra atrav\u00e9s da m\u00fasica dos s\u00e9culos XX e XXI\u201d, faz saber a sala portuense. Nas pautas est\u00e3o Rond\u00f3 h\u00fangaro de Zolt\u00e1n Kod\u00e1ly, Serenata em F\u00e1 menor de Le\u00f3 Weiner, Midnight stirring de Nancy Galbraith e Dance suite de Pedro Lima. A direc\u00e7\u00e3o e apresenta\u00e7\u00e3o est\u00e3o por conta de Martim Sousa Tavares.<\/p>\n<p dir=\"ltr\">O espect\u00e1culo segue para Lisboa (dia 8, \u00e0s 19h, no Audit\u00f3rio Em\u00edlio Rui Vilar da Culturgest, com bilhetes a 6\u20ac) e Sagres (dia 11, \u00e0s 18h, no Pavilh\u00e3o Cl\u00e9sio Ricardo, com entrada livre).<\/p>\n<p>Paisagens Constru\u00eddas<\/p>\n<p dir=\"ltr\"><strong>VILA DO CONDE Centro de Mem\u00f3ria. De 22\/11 a 25\/1. Ter\u00e7a a sexta, das 10h \u00e0s 18h; s\u00e1bado e domingo, das 10h \u00e0s 13h e das 14h30 \u00e0s 18h. 2\u20ac<\/strong><\/p>\n<p dir=\"ltr\">Podem ver-se 16 obras de arquitectura portuguesa, publicadas no livro hom\u00f3nimo de Valdemar Cruz e fotografadas por In\u00eas d\u2019Orey. No seu conjunto, os edif\u00edcios retratados tra\u00e7am os m\u00faltiplos caminhos seguidos pelos arquitectos, desde o in\u00edcio do s\u00e9culo XX at\u00e9 \u00e0 actualidade.<\/p>\n<p>Concerto de Ano Novo<\/p>\n<p dir=\"ltr\"><strong>LISBOA Funda\u00e7\u00e3o Calouste Gulbenkian. De 7\/1 a 9\/1. Quarta e quinta, \u00e0s 20h; sexta, \u00e0s 19h. M\/6. 30\u20ac a 68\u20ac<\/strong><\/p>\n<p dir=\"ltr\">A chegada do novo ano d\u00e1 o mote ao concerto da Orquestra Gulbenkian, apresentado em dose tripla. Sob a direc\u00e7\u00e3o do maestro Hannu Lintu, o agrupamento interpreta pe\u00e7as do repert\u00f3rio franc\u00eas, assinadas por Hector Berlioz, Jules Massenet, Georges Bizet e Camille Saint-Sa\u00ebns, a que se juntam composi\u00e7\u00f5es do italiano Gioachino Rossini e do alem\u00e3o Jacques Offenbach. Ao palco vai tamb\u00e9m a meio-soprano Rihab Chaieb. O espect\u00e1culo tem transmiss\u00e3o em directo no site da funda\u00e7\u00e3o, dia 9 de Janeiro, \u00e0s 19h.<\/p>\n<p>O Pal\u00e1cio da Cidade de Keil do Amaral<\/p>\n<p dir=\"ltr\"><strong>LISBOA Museu de Lisboa &#8211; Pal\u00e1cio Pimenta. De 4\/4 a 11\/1. Ter\u00e7a a domingo, das 10h \u00e0s 18h. 3\u20ac<\/strong><\/p>\n<p dir=\"ltr\">\u00daltimos dias para visitar a exposi\u00e7\u00e3o apresentada a prop\u00f3sito dos 50 anos da morte de Francisco Keil do Amaral (1910-1975) e centrada na obra do arquitecto portugu\u00eas a quem coube a autoria de v\u00e1rios projectos municipais que trouxeram \u00e0 cidade \u201cmarcas de modernidade e de monumentalidade, ainda hoje presentes\u201d, explica a folha de sala. Podem tamb\u00e9m ser vistas propostas que nunca sa\u00edram do papel, reveladoras da evolu\u00e7\u00e3o do pensamento urban\u00edstico na capital.<\/p>\n<p>        &#13;<\/p>\n<p>&#13;<br \/>\n                &#13;\n            <\/p>\n<p>&#13;<\/p>\n","protected":false},"excerpt":{"rendered":"Percep\u00e7\u00f5es LISBOA Teatro do Bairro. De 7\/1 a 11\/1. Quarta a sexta, \u00e0s 21h30; s\u00e1bado e domingo, \u00e0s&hellip;\n","protected":false},"author":2,"featured_media":218962,"comment_status":"","ping_status":"","sticky":false,"template":"","format":"standard","meta":{"footnotes":""},"categories":[10],"tags":[1632,27,28,15,16,42500,287,14,25,26,294,21,22,150,12,13,19,20,1633,542,32,23,24,33,291,2387,17,18,29,30,31],"class_list":{"0":"post-218961","1":"post","2":"type-post","3":"status-publish","4":"format-standard","5":"has-post-thumbnail","7":"category-portugal","8":"tag-agenda","9":"tag-breaking-news","10":"tag-breakingnews","11":"tag-featured-news","12":"tag-featurednews","13":"tag-francisco-keil-do-amaral","14":"tag-fugas","15":"tag-headlines","16":"tag-latest-news","17":"tag-latestnews","18":"tag-lazer","19":"tag-main-news","20":"tag-mainnews","21":"tag-musica","22":"tag-news","23":"tag-noticias","24":"tag-noticias-principais","25":"tag-noticiasprincipais","26":"tag-o-que-fazer","27":"tag-para-redes","28":"tag-portugal","29":"tag-principais-noticias","30":"tag-principaisnoticias","31":"tag-pt","32":"tag-relaxar","33":"tag-teatro","34":"tag-top-stories","35":"tag-topstories","36":"tag-ultimas","37":"tag-ultimas-noticias","38":"tag-ultimasnoticias"},"share_on_mastodon":{"url":"https:\/\/pubeurope.com\/@pt\/115853765123650235","error":""},"_links":{"self":[{"href":"https:\/\/www.europesays.com\/pt\/wp-json\/wp\/v2\/posts\/218961","targetHints":{"allow":["GET"]}}],"collection":[{"href":"https:\/\/www.europesays.com\/pt\/wp-json\/wp\/v2\/posts"}],"about":[{"href":"https:\/\/www.europesays.com\/pt\/wp-json\/wp\/v2\/types\/post"}],"author":[{"embeddable":true,"href":"https:\/\/www.europesays.com\/pt\/wp-json\/wp\/v2\/users\/2"}],"replies":[{"embeddable":true,"href":"https:\/\/www.europesays.com\/pt\/wp-json\/wp\/v2\/comments?post=218961"}],"version-history":[{"count":0,"href":"https:\/\/www.europesays.com\/pt\/wp-json\/wp\/v2\/posts\/218961\/revisions"}],"wp:featuredmedia":[{"embeddable":true,"href":"https:\/\/www.europesays.com\/pt\/wp-json\/wp\/v2\/media\/218962"}],"wp:attachment":[{"href":"https:\/\/www.europesays.com\/pt\/wp-json\/wp\/v2\/media?parent=218961"}],"wp:term":[{"taxonomy":"category","embeddable":true,"href":"https:\/\/www.europesays.com\/pt\/wp-json\/wp\/v2\/categories?post=218961"},{"taxonomy":"post_tag","embeddable":true,"href":"https:\/\/www.europesays.com\/pt\/wp-json\/wp\/v2\/tags?post=218961"}],"curies":[{"name":"wp","href":"https:\/\/api.w.org\/{rel}","templated":true}]}}