{"id":219000,"date":"2026-01-07T12:41:16","date_gmt":"2026-01-07T12:41:16","guid":{"rendered":"https:\/\/www.europesays.com\/pt\/219000\/"},"modified":"2026-01-07T12:41:16","modified_gmt":"2026-01-07T12:41:16","slug":"mapa-da-guerra-ano-comeca-com-sete-grandes-conflitos-no-oriente-medio-africa-asia-e-europa","status":"publish","type":"post","link":"https:\/\/www.europesays.com\/pt\/219000\/","title":{"rendered":"Mapa da guerra: ano come\u00e7a com sete grandes conflitos no Oriente M\u00e9dio, \u00c1frica, \u00c1sia e Europa"},"content":{"rendered":"<p>O ano de 2026 n\u00e3o trouxe a tr\u00e9gua esperada. Pelo contr\u00e1rio, ao virar do calend\u00e1rio, sete focos de guerras ativas continuam drenando recursos, causando crises humanit\u00e1rias e mantendo a economia global em estado de alerta. Analistas internacionais descrevem o cen\u00e1rio como uma \u201cpolicrise militar\u201d, em que v\u00e1rios conflitos distintos simult\u00e2neos alimentam instabilidade e sofrimento de civis em larga escala, destacou o <a href=\"https:\/\/www.washingtonpost.com\/world\/2026\/01\/01\/global-conflict-2025-gaza-sudan-ukraine\/?utm_source=chatgpt.com\" target=\"_blank\" rel=\"noreferrer noopener nofollow\"><strong>The Washington Post<\/strong><\/a>.<\/p>\n<p>Dados de organiza\u00e7\u00f5es de monitoramento de conflitos, como o <a href=\"https:\/\/www.thenewhumanitarian.org\/analysis\/2026\/01\/05\/ten-humanitarian-trends-keep-eye-2026?utm_source=chatgpt.com\" target=\"_blank\" rel=\"noreferrer noopener nofollow\"><strong>The New Humanitarian<\/strong><\/a>, mostram que ataques com drones, combates convencionais e ofensivas insurgentes continuam a se intensificar em v\u00e1rias frentes, com civis pagando o pre\u00e7o mais alto.<\/p>\n<p><img data-lazyloaded=\"1\" fetchpriority=\"high\" decoding=\"async\" width=\"1024\" height=\"576\" src=\"https:\/\/www.europesays.com\/pt\/wp-content\/uploads\/2026\/01\/\u0645\u0642\u0628\u0631\u0629_\u0627\u0644\u0634\u064a\u062e_\u0631\u0636\u0648\u0627\u0646_\u0641\u064a_\u063a\u0632\u0629_\u062e\u0644\u0627\u0644_\u062d\u0631\u0628_23-25-e1767726719116-1024x576.jpg\" alt=\"\" class=\"wp-image-158030\"  data-\/>Cemit\u00e9rio em Gaza em foto de fevereiro de 2025 (Foto: WikiCommons)<\/p>\n<p>A persist\u00eancia simult\u00e2nea de sete frentes, da Europa ao Oriente M\u00e9dio, passando pela \u00c1frica e Sudeste Asi\u00e1tico, evidencia a falha da diplomacia internacional em concretizar solu\u00e7\u00f5es duradouras para conflitos que, em muitos casos, j\u00e1 se prolongam por anos. Ag\u00eancias humanit\u00e1rias alertam que, al\u00e9m das mortes e feridos, o n\u00famero de deslocados for\u00e7ados globalmente deve continuar crescendo em 2026, com proje\u00e7\u00f5es apontando para aumentos significativos conforme conflitos se arrastam e direitos b\u00e1sicos s\u00e3o negados em zonas de combate.<\/p>\n<p>Guerra na Ucr\u00e2nia: combates intensos, diplomacia tensa<\/p>\n<p>A guerra entre <a href=\"https:\/\/areferencia.com\/?s=R%C3%BAssia+\" rel=\"nofollow noopener\" target=\"_blank\"><strong>R\u00fassia<\/strong><\/a> e <a href=\"https:\/\/areferencia.com\/?s=Ucr%C3%A2nia\" rel=\"nofollow noopener\" target=\"_blank\"><strong>Ucr\u00e2nia<\/strong><\/a>, que come\u00e7ou em fevereiro de 2022, segue como o principal foco de conflito na Europa, sem ind\u00edcios claros de redu\u00e7\u00e3o das hostilidades. De acordo com a <strong><a href=\"https:\/\/www.reuters.com\/business\/aerospace-defense\/ukraine-targets-moscow-daily-with-drones-this-year-russia-says-apparent-2026-01-04\/?utm_source=chatgpt.com\" target=\"_blank\" rel=\"noreferrer noopener nofollow\">Reuters<\/a><\/strong>, a Ucr\u00e2nia tem lan\u00e7ado ataques di\u00e1rios com drones contra Moscou desde o in\u00edcio de 2026, uma aparente escalada que marca uma nova fase de combates e mostra a determina\u00e7\u00e3o de Kiev em atingir profundidades do territ\u00f3rio russo.<\/p>\n<p>Em paralelo, diplomatas dos Estados Unidos e da R\u00fassia est\u00e3o planejando encontros de alto n\u00edvel na Fl\u00f3rida para discutir possibilidades de paz, refletindo um reconhecimento t\u00e1cito de que a guerra continua a provocar destrui\u00e7\u00e3o maci\u00e7a e instabilidade regional.<\/p>\n<p><img loading=\"lazy\" data-lazyloaded=\"1\" decoding=\"async\" width=\"851\" height=\"479\" src=\"https:\/\/www.europesays.com\/pt\/wp-content\/uploads\/2026\/01\/GR-GbyfXwAAoOSa.jpg\" alt=\"\" class=\"wp-image-140651\"  data-\/>Hospital infantil de Okhmatdyt destru\u00eddo na guerra da Ucr\u00e2nia, julho de 2024 (Foto: governo da Ucr\u00e2nia)<\/p>\n<p>O presidente ucraniano, Volodymyr Zelensky, reafirmou que Kiev busca a paz em 2026, \u201cmas n\u00e3o a qualquer pre\u00e7o\u201d, rejeitando acordos que comprometam sua soberania ou deixem for\u00e7as estrangeiras ocupando territ\u00f3rio ucraniano, detalhou a <a href=\"https:\/\/www.reuters.com\/video\/watch\/idRW342701012026RP1\/?utm_source=chatgpt.com\" target=\"_blank\" rel=\"noreferrer noopener nofollow\"><strong>Reuters<\/strong><\/a>. Essa combina\u00e7\u00e3o de ofensivas militares intensificadas e negocia\u00e7\u00f5es diplom\u00e1ticas cautelosas define o conflito como uma guerra total cuja resolu\u00e7\u00e3o ainda est\u00e1 distante.<\/p>\n<p>Em meio a esse cen\u00e1rio, o boom da ind\u00fastria de defesa da\u00a0R\u00fassia, impulsionado pela invas\u00e3o da\u00a0Ucr\u00e2nia\u00a0e pelo aumento recorde dos gastos militares, <a href=\"https:\/\/areferencia.com\/europa\/boom-da-industria-de-defesa-da-russia-da-sinais-de-esgotamento-em-2025\/\" rel=\"nofollow noopener\" target=\"_blank\"><strong>come\u00e7ou a dar sinais claros de desacelera\u00e7\u00e3o<\/strong><\/a> em 2025. Ap\u00f3s dois anos de forte expans\u00e3o, indicadores oficiais e an\u00e1lises independentes apontam limites estruturais e financeiros para a sustenta\u00e7\u00e3o do atual modelo de crescimento baseado na economia de guerra.\u00a0<\/p>\n<p>Guerra Civil no Sud\u00e3o: crise humanit\u00e1ria sem precedentes<\/p>\n<p>No <a href=\"https:\/\/areferencia.com\/?s=Sud%C3%A3o\" rel=\"nofollow noopener\" target=\"_blank\"><strong>Sud\u00e3o<\/strong><\/a>, o amplo conflito civil entre as For\u00e7as Armadas Sudanesas e as For\u00e7as de Apoio R\u00e1pido (RSF) mergulhou o pa\u00eds numa das piores crises humanit\u00e1rias do mundo. Segundo dados recentes, a guerra que come\u00e7ou em 2023 resultou em mais de 150 mil mortes at\u00e9 o fim de 2025, com combates sangrentos em diversas regi\u00f5es e grande parte da popula\u00e7\u00e3o enfrentando inseguran\u00e7a alimentar severa, descreveu a <a href=\"https:\/\/ansabrasil.com.br\/brasil\/noticias\/ultimo_momento\/2025\/12\/31\/2025-e-um-dos-anos-mais-sombrios-para-paz-desde-fim-da-2-gm_32744aea-819f-4da4-ba31-e13088d25435.html?utm_source=chatgpt.com\" target=\"_blank\" rel=\"noreferrer noopener nofollow\"><strong>ANSA Brasil<\/strong><\/a>.<\/p>\n<p>A cidade de El-Obeid, na regi\u00e3o de Kordofan, tornou-se um s\u00edmbolo da implos\u00e3o social e pol\u00edtica no Sud\u00e3o, cercada por for\u00e7as rebeldes que cortam suprimentos e deixam a popula\u00e7\u00e3o civil \u00e0 merc\u00ea de bombardeios e doen\u00e7as, informou o <a href=\"https:\/\/www.lemonde.fr\/en\/le-monde-africa\/article\/2025\/12\/30\/sudan-inside-besieged-el-obeid-the-war-s-new-frontline_6748949_124.html?utm_source=chatgpt.com\" target=\"_blank\" rel=\"noreferrer noopener nofollow\"><strong>Le Monde<\/strong><\/a>. A crise de deslocados \u00e9 igualmente grave: mais de 11,7 milh\u00f5es de pessoas foram for\u00e7adas a deixar suas casas, tornando-se refugiados em pa\u00edses vizinhos ou deslocados internos, o maior \u00eaxodo no mundo neste conflito.<\/p>\n<p><img loading=\"lazy\" data-lazyloaded=\"1\" decoding=\"async\" width=\"777\" height=\"438\" src=\"https:\/\/www.europesays.com\/pt\/wp-content\/uploads\/2026\/01\/Sem-titulo-e1740495773338.jpg\" alt=\"\" class=\"wp-image-151697\"  data-\/>Comboio com membros da Sudan Shield Forces (Foto: Canal do Telegram Sudanshield0\/Reprodu\u00e7\u00e3o)<\/p>\n<p>Apesar de confer\u00eancias internacionais em 2025 terem buscado impulsionar negocia\u00e7\u00f5es de paz, a guerra no Sud\u00e3o continua profundamente entrincheirada e com agravamento de <a href=\"https:\/\/areferencia.com\/africa\/agencia-da-onu-relata-dificuldades-para-entregar-ajuda-em-areas-de-fome-no-sudao\/\" rel=\"nofollow noopener\" target=\"_blank\"><strong>fome<\/strong><\/a>, viol\u00eancia e colapso institucional, sem sinais de um cessar-fogo duradouro.<\/p>\n<p>Conflitos em Gaza e Cisjord\u00e2nia: paz fr\u00e1gil e viol\u00eancia persistente<\/p>\n<p>No Oriente M\u00e9dio, a situa\u00e7\u00e3o em Gaza e na Cisjord\u00e2nia permanece tensa mesmo ap\u00f3s os cessar-fogo parciais que surgiram em 2025. Nas \u00faltimas semanas, opera\u00e7\u00f5es militares e confrontos com grupos armados continuam, e <a href=\"https:\/\/areferencia.com\/destaque-home-secundario\/israel-anuncia-proibicao-de-ongs-humanitarias-em-gaza-e-suspende-medicos-sem-fronteiras\/\" rel=\"nofollow noopener\" target=\"_blank\"><strong>restri\u00e7\u00f5es \u00e0 ajuda humanit\u00e1ria<\/strong><\/a> por Israel t\u00eam agravado a situa\u00e7\u00e3o de civis j\u00e1 devastados pela guerra anterior, de acordo com informa\u00e7\u00f5es da <a href=\"https:\/\/www.aljazeera.com\/news\/2026\/1\/2\/countries-demand-israel-lift-gaza-aid-restrictions-as-palestinians-suffer?utm_source=chatgpt.com\" target=\"_blank\" rel=\"noreferrer noopener nofollow\"><strong>Al Jazeera<\/strong><\/a>.<\/p>\n<p>Reportagens recentes destacam que condi\u00e7\u00f5es meteorol\u00f3gicas severas e vulnerabilidade generalizada continuam a afetar os mais feridos e deslocados em Gaza, evidenciando que, apesar de acordos tempor\u00e1rios, o ciclo de viol\u00eancia e sofrimento segue em 2026. Em paralelo, o ataque de Israel a civis palestinos em Gaza no come\u00e7o deste ano refor\u00e7a que a popula\u00e7\u00e3o permanece sob constante risco mesmo sob um regime aparentemente de cessar-fogo, com consequ\u00eancias econ\u00f4micas e sociais duradouras, informou a <a href=\"https:\/\/www.reuters.com\/world\/one-defining-photo-every-week-2025-clone-2026-01-03\/?utm_source=chatgpt.com\" target=\"_blank\" rel=\"noreferrer noopener nofollow\"><strong>Reuters<\/strong><\/a>.<\/p>\n<p><img data-lazyloaded=\"1\" loading=\"lazy\" decoding=\"async\" width=\"1024\" height=\"577\" src=\"https:\/\/www.europesays.com\/pt\/wp-content\/uploads\/2026\/01\/Damage_in_Gaza_Strip_during_the_October_2023_-_19-e1700581609400-1024x577.jpg\" alt=\"\" class=\"wp-image-118920\"  data-\/>Palestinos transportam os feridos para o Hospital Indon\u00e9sio em Jabalia, ao norte da Faixa de Gaza, em 9 de outubro de 2023 (Foto: WikiCommons)<\/p>\n<p>Entre Gaza e a Cisjord\u00e2nia, a expans\u00e3o de assentamentos israelenses e confrontos cont\u00ednuos em \u00e1reas como Jenin tamb\u00e9m intensificam a inseguran\u00e7a e minam qualquer perspectiva imediata de paz duradoura, segundo relat\u00f3rio do<strong> <a href=\"https:\/\/www.securitycouncilreport.org\/monthly-forecast\/2026-01\/the-middle-east-including-the-palestinian-question-23.php?utm_source=chatgpt.com\" target=\"_blank\" rel=\"noreferrer noopener nofollow\">Conselho de Seguran\u00e7a<\/a><\/strong> da ONU (Organiza\u00e7\u00e3o das Na\u00e7\u00f5es Unidas).<\/p>\n<p>A expuls\u00e3o ou restri\u00e7\u00e3o de v\u00e1rias ONGs humanit\u00e1rias em 2026, denunciada por l\u00edderes da ONU e organiza\u00e7\u00f5es de direitos humanos, amea\u00e7a deixar milhares de civis sem acesso a servi\u00e7os b\u00e1sicos em um momento cr\u00edtico, disse o<strong> <a href=\"https:\/\/www.ft.com\/content\/7abb519c-ebb6-493d-8637-5a25ff508e5d?utm_source=chatgpt.com\" target=\"_blank\" rel=\"noreferrer noopener nofollow\">Financial Times<\/a><\/strong>.<\/p>\n<p>Al\u00e9m disso, a reconstru\u00e7\u00e3o de\u00a0Gaza\u00a0surge como um dos maiores desafios humanit\u00e1rios e pol\u00edticos do s\u00e9culo 21. Ap\u00f3s meses de guerra entre\u00a0Israel\u00a0e\u00a0Hamas, o enclave enfrenta um n\u00edvel de destrui\u00e7\u00e3o compar\u00e1vel ao de cidades europeias ap\u00f3s a\u00a0Segunda Guerra Mundial. Especialistas alertam que, sem planejamento realista e coordena\u00e7\u00e3o internacional, o <a href=\"https:\/\/areferencia.com\/oriente-medio\/como-evitar-que-a-reconstrucao-de-gaza-se-transforme-em-um-projeto-de-decadas\/\" rel=\"nofollow noopener\" target=\"_blank\"><strong>processo pode se arrastar por d\u00e9cadas<\/strong><\/a>.<\/p>\n<p>Guerra Civil em Mianmar: fronteiras do conflito em expans\u00e3o<\/p>\n<p>No Sudeste Asi\u00e1tico, <a href=\"https:\/\/areferencia.com\/?s=Mianmar+\" rel=\"nofollow noopener\" target=\"_blank\"><strong>Mianmar<\/strong><\/a> segue em guerra civil desde o golpe militar de 2021, com fac\u00e7\u00f5es de resist\u00eancia continuando intensos combates contra a junta militar em muitas prov\u00edncias. Organiza\u00e7\u00f5es internacionais estimam que mais de 3,6 milh\u00f5es de pessoas j\u00e1 foram for\u00e7adas a fugir de suas casas devido aos confrontos, e a inseguran\u00e7a alimentar e a viol\u00eancia dirigida contra civis continuam a se agravar, descreveu o <a href=\"https:\/\/www.thenewhumanitarian.org\/analysis\/2026\/01\/05\/ten-humanitarian-trends-keep-eye-2026?utm_source=chatgpt.com\" target=\"_blank\" rel=\"noreferrer noopener nofollow\"><strong>The New Humanitarian<\/strong><\/a>.<\/p>\n<p>A fragmenta\u00e7\u00e3o das for\u00e7as rebeldes e a multiplica\u00e7\u00e3o de grupos armados tornaram o conflito mais complexo, com cada frente operando com estrat\u00e9gias e apoios distintos, resultando em uma guerra prolongada em um territ\u00f3rio vasto e de dif\u00edcil controle centralizado.<\/p>\n<p><img data-lazyloaded=\"1\" loading=\"lazy\" decoding=\"async\" width=\"1024\" height=\"577\" src=\"https:\/\/www.europesays.com\/pt\/wp-content\/uploads\/2026\/01\/15511239256_c32bcbd82f_k-e1699385136461-1024x577.jpg\" alt=\"\" class=\"wp-image-117491\"  data-\/>Grupo \u00e9tnico armado de Mianmar destr\u00f3i minas terrestres (Foto: Geneva Call\/Flickr)<\/p>\n<p>O partido alinhado aos militares venceu de forma ampla a <a href=\"https:\/\/areferencia.com\/asia-e-pacifico\/com-oposicao-banida-e-um-terco-do-pais-fora-de-controle-mianmar-tenta-legitimar-ditadura-nas-urnas\/\" rel=\"nofollow noopener\" target=\"_blank\"><strong>primeira etapa das elei\u00e7\u00f5es gerais<\/strong><\/a> em Mianmar, segundo dados divulgados pela comiss\u00e3o eleitoral indicada pela junta, segundo a <a href=\"https:\/\/www3.nhk.or.jp\/nhkworld\/pt\/news\/20260105_18\/\" rel=\"nofollow noopener\" target=\"_blank\"><strong>NHK<\/strong><\/a>. Trata-se do primeiro processo eleitoral desde o golpe de 2021, apresentado pelos militares como parte de uma transi\u00e7\u00e3o para o governo civil, mas amplamente questionado pela comunidade internacional, que aponta falta de legitimidade.<\/p>\n<p>De acordo com os organizadores do pleito, a sigla governista garantiu 91 das 102 cadeiras em disputa na C\u00e2mara Baixa. A junta afirma que 52% do eleitorado participou da vota\u00e7\u00e3o realizada em 28 de dezembro.<\/p>\n<p>Instabilidade no Sahel: insurg\u00eancias e governos em duelo<\/p>\n<p>Na regi\u00e3o do <a href=\"https:\/\/areferencia.com\/?s=Sahel\" rel=\"nofollow noopener\" target=\"_blank\"><strong>Sahel<\/strong><\/a>, especialmente em Mali, Burkina Faso e N\u00edger, a viol\u00eancia insurgente continua a desafiar as for\u00e7as governamentais. Grupos ligados ao <a href=\"https:\/\/areferencia.com\/?s=Estado+Isl%C3%A2mico\" rel=\"nofollow noopener\" target=\"_blank\"><strong>Estado Isl\u00e2mico<\/strong><\/a> no Grande Sahel (EIGS) e \u00e0 <a href=\"https:\/\/areferencia.com\/?s=Al+Qaeda\" rel=\"nofollow noopener\" target=\"_blank\"><strong>Al Qaeda<\/strong><\/a> intensificam ataques contra soldados e civis, enquanto governos militares lutam para controlar vastas \u00e1reas rurais, segundo o <a href=\"https:\/\/www.thenewhumanitarian.org\/analysis\/2026\/01\/05\/ten-humanitarian-trends-keep-eye-2026?utm_source=chatgpt.com\" target=\"_blank\" rel=\"noreferrer noopener nofollow\"><strong>The New Humanitarian<\/strong><\/a>.<\/p>\n<p>A crise humanit\u00e1ria \u00e9 agravada pela retirada de alguns pa\u00edses da jurisdi\u00e7\u00e3o de institui\u00e7\u00f5es internacionais e pela falta de uma presen\u00e7a governamental forte e coordenada, criando um v\u00e1cuo de poder explorado por mil\u00edcias com diversas agendas, segundo informa\u00e7\u00e3o das <a href=\"https:\/\/brasil.un.org\/pt-br\/296394-onu-alerta-para-risco-iminente-de-fome-em-cinco-pa%C3%ADses?utm_source=chatgpt.com\" target=\"_blank\" rel=\"noreferrer noopener nofollow\"><strong>Na\u00e7\u00f5es Unidas Brasil<\/strong><\/a>.<\/p>\n<p>A instabilidade tem implica\u00e7\u00f5es regionais profundas, pois fronteiras perme\u00e1veis facilitam o tr\u00e1fico de armas e combatentes, e a inseguran\u00e7a alimentar atinge n\u00edveis cr\u00edticos, com o Sahel figurando entre os pontos mais preocupantes para fome extrema conforme relat\u00f3rios da ONU.<\/p>\n<p>Conflito no leste do Congo: mil\u00edcias continuam ativas<\/p>\n<p>Na \u00c1frica Central, o leste da Rep\u00fablica Democr\u00e1tica do Congo (RDC) segue dominado por confrontos entre o Estado e grupos armados como grupo\u00a0<a href=\"https:\/\/areferencia.com\/?s=m23\" rel=\"nofollow noopener\" target=\"_blank\"><strong>M23<\/strong><\/a>, apoiado por\u00a0<a href=\"https:\/\/areferencia.com\/?s=ruanda\" rel=\"nofollow noopener\" target=\"_blank\"><strong>Ruanda<\/strong><\/a>. A ofensiva do M23 em 2025 resultou na captura de cidades-chave como Bukavu e Goma, intensificando o deslocamento de civis e rompendo qualquer estabilidade fr\u00e1gil que pudesse ter sido alcan\u00e7ada na regi\u00e3o.<\/p>\n<p>Esses grupos operam em meio a uma densa rede de mil\u00edcias com interesses variados, muitas vezes ligadas ao controle de recursos naturais e rotas de contrabando. A incapacidade do Estado congol\u00eas de garantir seguran\u00e7a e servi\u00e7os b\u00e1sicos em grandes \u00e1reas rurais significa que a viol\u00eancia se torna uma rotina cotidiana, com impactos profundos sobre o tecido social e econ\u00f4mico das comunidades locais.<\/p>\n<p><img data-lazyloaded=\"1\" loading=\"lazy\" decoding=\"async\" width=\"1024\" height=\"576\" src=\"https:\/\/www.europesays.com\/pt\/wp-content\/uploads\/2026\/01\/m23-congo-1024x576.jpg\" alt=\"\" class=\"wp-image-64678\"  data-\/>Soldados do M23, movimento armado da RD Congo (Foto: Wikimedia Commons)<\/p>\n<p>O conflito tem ra\u00edzes nas consequ\u00eancias do genoc\u00eddio de 1994 em Ruanda e na disputa por riquezas minerais. Desde janeiro, a situa\u00e7\u00e3o se agravou rapidamente, com os combatentes do M23\u00a0<a href=\"https:\/\/areferencia.com\/africa\/ofensiva-do-m23-coloca-a-capital-da-rd-congo-em-alerta-para-um-eventual-golpe-de-estado\/\" rel=\"nofollow noopener\" target=\"_blank\"><strong>capturando as duas maiores cidades do leste congol\u00eas<\/strong><\/a>, resultando em milhares de mortes e deslocamento de centenas de milhares de pessoas.<\/p>\n<p>A cont\u00ednua atividade de mil\u00edcias e o fracasso de sucessivas iniciativas de paz ressaltam que a crise no leste da RDC n\u00e3o \u00e9 apenas um problema local, mas um desafio regional, com potenciais ramifica\u00e7\u00f5es transfronteiri\u00e7as para Ruanda, Burundi e Uganda.<\/p>\n<p>Guerra Civil no I\u00eamen: instabilidade persistente no Oriente M\u00e9dio<\/p>\n<p>No <a href=\"https:\/\/areferencia.com\/?s=I%C3%AAmen\" rel=\"nofollow noopener\" target=\"_blank\"><strong>I\u00eamen<\/strong><\/a>, a guerra civil que envolve os <a href=\"https:\/\/areferencia.com\/?s=Houthis+\" rel=\"nofollow noopener\" target=\"_blank\"><strong>Houthis<\/strong><\/a> no norte e uma coaliz\u00e3o apoiada por pa\u00edses do Golfo no sul continua a alimentar confrontos intermitentes, mesmo quando algumas zonas veem per\u00edodos de menor intensidade. Observadores internacionais destacam que o conflito, agora em seu d\u00e9cimo ano, produziu uma das mais profundas cat\u00e1strofes humanit\u00e1rias do planeta, segundo o <a href=\"https:\/\/www.thenewhumanitarian.org\/analysis\/2026\/01\/05\/ten-humanitarian-trends-keep-eye-2026?utm_source=chatgpt.com\" target=\"_blank\" rel=\"noreferrer noopener nofollow\"><strong>The New Humanitarian<\/strong><\/a>.<\/p>\n<p>A tens\u00e3o <a href=\"https:\/\/areferencia.com\/destaque-home-secundario\/tensao-no-iemen-cresce-com-avanco-de-separatistas-e-alerta-de-ataques-sauditas\/\" rel=\"nofollow noopener\" target=\"_blank\"><strong>voltou a aumentar em dezembro<\/strong><\/a> ap\u00f3s o avan\u00e7o do Conselho de Transi\u00e7\u00e3o do Sul (STC, da sigla em ingl\u00eas), grupo separatista apoiado pelos\u00a0<a href=\"https:\/\/areferencia.com\/?s=Emirados+%C3%81rabes\" rel=\"nofollow noopener\" target=\"_blank\"><strong>Emirados \u00c1rabes Unidos<\/strong><\/a>, sobre \u00e1reas estrat\u00e9gicas no leste do pa\u00eds. Cerca de 20 mil soldados apoiados pela\u00a0<a href=\"https:\/\/areferencia.com\/?s=Ar%C3%A1bia+Saudita\" rel=\"nofollow noopener\" target=\"_blank\"><strong>Ar\u00e1bia Saudita<\/strong><\/a>\u00a0est\u00e3o sendo concentrados na fronteira iemenita, enquanto crescem as press\u00f5es para que os separatistas recuem.<\/p>\n<p>Apesar de cessar-fogo tempor\u00e1rios e negocia\u00e7\u00f5es fragmentadas, as trocas de fogo regulares e as tens\u00f5es entre grupos rivais continuam a impedir a reconstru\u00e7\u00e3o e a pacifica\u00e7\u00e3o do pa\u00eds. A crise sanit\u00e1ria, alimentar e de infraestrutura persiste, com a popula\u00e7\u00e3o civil sofrendo pela falta de acesso a servi\u00e7os b\u00e1sicos, \u00e1gua pot\u00e1vel e cuidados m\u00e9dicos.<\/p>\n<p><img data-lazyloaded=\"1\" loading=\"lazy\" decoding=\"async\" width=\"1023\" height=\"575\" src=\"https:\/\/www.europesays.com\/pt\/wp-content\/uploads\/2026\/01\/Yemeni_Houthi_troops_ride_on_the_back_of_a_police_patrol_truck_after_participating_in_a_Houthi_gathe.jpeg\" alt=\"\" class=\"wp-image-157736\"  data-\/>Tropas houthi viajam na traseira de uma caminhonete da pol\u00edcia ap\u00f3s participarem de um encontro do movimento Houthi em Sanaa, em fevereiro de 2020 (Foto: WikiCommons)<\/p>\n","protected":false},"excerpt":{"rendered":"O ano de 2026 n\u00e3o trouxe a tr\u00e9gua esperada. Pelo contr\u00e1rio, ao virar do calend\u00e1rio, sete focos de&hellip;\n","protected":false},"author":2,"featured_media":219001,"comment_status":"","ping_status":"","sticky":false,"template":"","format":"standard","meta":{"footnotes":""},"categories":[50],"tags":[27,28,42511,21047,15,16,532,4006,42512,14,6400,42513,25,26,21,22,27571,62,12,13,19,20,23,24,16776,42514,23461,7290,17,18,840,29,30,31,2415,63,64,65],"class_list":{"0":"post-219000","1":"post","2":"type-post","3":"status-publish","4":"format-standard","5":"has-post-thumbnail","7":"category-mundo","8":"tag-breaking-news","9":"tag-breakingnews","10":"tag-conflitos-armados","11":"tag-crise-humanitaria","12":"tag-featured-news","13":"tag-featurednews","14":"tag-gaza","15":"tag-geopolitica","16":"tag-guerras-em-2026","17":"tag-headlines","18":"tag-iemen","19":"tag-instabilidade-global","20":"tag-latest-news","21":"tag-latestnews","22":"tag-main-news","23":"tag-mainnews","24":"tag-mianmar","25":"tag-mundo","26":"tag-news","27":"tag-noticias","28":"tag-noticias-principais","29":"tag-noticiasprincipais","30":"tag-principais-noticias","31":"tag-principaisnoticias","32":"tag-republica-democratica-do-congo","33":"tag-sahel","34":"tag-seguranca-internacional","35":"tag-sudao","36":"tag-top-stories","37":"tag-topstories","38":"tag-ucrania","39":"tag-ultimas","40":"tag-ultimas-noticias","41":"tag-ultimasnoticias","42":"tag-vladimir-putin","43":"tag-world","44":"tag-world-news","45":"tag-worldnews"},"share_on_mastodon":{"url":"","error":"Validation failed: Text character limit of 500 exceeded"},"_links":{"self":[{"href":"https:\/\/www.europesays.com\/pt\/wp-json\/wp\/v2\/posts\/219000","targetHints":{"allow":["GET"]}}],"collection":[{"href":"https:\/\/www.europesays.com\/pt\/wp-json\/wp\/v2\/posts"}],"about":[{"href":"https:\/\/www.europesays.com\/pt\/wp-json\/wp\/v2\/types\/post"}],"author":[{"embeddable":true,"href":"https:\/\/www.europesays.com\/pt\/wp-json\/wp\/v2\/users\/2"}],"replies":[{"embeddable":true,"href":"https:\/\/www.europesays.com\/pt\/wp-json\/wp\/v2\/comments?post=219000"}],"version-history":[{"count":0,"href":"https:\/\/www.europesays.com\/pt\/wp-json\/wp\/v2\/posts\/219000\/revisions"}],"wp:featuredmedia":[{"embeddable":true,"href":"https:\/\/www.europesays.com\/pt\/wp-json\/wp\/v2\/media\/219001"}],"wp:attachment":[{"href":"https:\/\/www.europesays.com\/pt\/wp-json\/wp\/v2\/media?parent=219000"}],"wp:term":[{"taxonomy":"category","embeddable":true,"href":"https:\/\/www.europesays.com\/pt\/wp-json\/wp\/v2\/categories?post=219000"},{"taxonomy":"post_tag","embeddable":true,"href":"https:\/\/www.europesays.com\/pt\/wp-json\/wp\/v2\/tags?post=219000"}],"curies":[{"name":"wp","href":"https:\/\/api.w.org\/{rel}","templated":true}]}}