{"id":219046,"date":"2026-01-07T13:09:07","date_gmt":"2026-01-07T13:09:07","guid":{"rendered":"https:\/\/www.europesays.com\/pt\/219046\/"},"modified":"2026-01-07T13:09:07","modified_gmt":"2026-01-07T13:09:07","slug":"a-desinformacao-nao-vota-mas-influencia","status":"publish","type":"post","link":"https:\/\/www.europesays.com\/pt\/219046\/","title":{"rendered":"A desinforma\u00e7\u00e3o n\u00e3o vota, mas influencia"},"content":{"rendered":"<p>                A campanha \u00e9 lan\u00e7ada a menos de duas semanas das elei\u00e7\u00f5es presidenciais &#8220;<b>num contexto de aumento da desinforma\u00e7\u00e3o durante atos eleitorais e da necessidade de proteger a integridade do processo democr\u00e1tico<\/b>&#8220;, sublinha a CNE em comunicado enviado \u00e0s reda\u00e7\u00f5es.<\/p>\n<p>&#13;<br \/>\n<b>Alertar para os perigos da desinforma\u00e7\u00e3o e ajudar a identificar, filtrar e separar a informa\u00e7\u00e3o da desinforma\u00e7\u00e3o<\/b> s\u00e3o os objetivos da iniciativa agora lan\u00e7ada. &#13;\n<\/p>\n<p>Nesta medida, a CNE criou um <a href=\"https:\/\/desinformacao.cne.pt\" target=\"_blank\" rel=\"nofollow noopener\">microsite <\/a>que disponibiliza informa\u00e7\u00e3o sobre como reconhecer os sinais de desinforma\u00e7\u00e3o eleitoral e quais os passos necess\u00e1rios para avaliar a origem, conte\u00fado e contexto da informa\u00e7\u00e3o.<\/p>\n<p>&#13;<br \/>\n<b>S\u00e3o ainda disponibilizados canais &#8220;seguros e confidenciais&#8221; para denunciar a\u00e7\u00f5es de desinforma\u00e7\u00e3o eleitoral, nomeadamente atrav\u00e9s de um formul\u00e1rio digital.<\/b> O microsite cont\u00e9m ainda guias pr\u00e1ticos que pretendem ajudar os cidad\u00e3os a reconhecer os sinais de manipula\u00e7\u00e3o da informa\u00e7\u00e3o.&#13;\n<\/p>\n<p>&#13;<br \/>\nA campanha ser\u00e1 divulgada atrav\u00e9s de v\u00e1rios meios, entre as quais as redes sociais, e atrav\u00e9s de publicidade digital em \u00f3rg\u00e3os de comunica\u00e7\u00e3o social regionais e locais.&#13;<\/p>\n","protected":false},"excerpt":{"rendered":"A campanha \u00e9 lan\u00e7ada a menos de duas semanas das elei\u00e7\u00f5es presidenciais &#8220;num contexto de aumento da desinforma\u00e7\u00e3o&hellip;\n","protected":false},"author":2,"featured_media":219047,"comment_status":"","ping_status":"","sticky":false,"template":"","format":"standard","meta":{"footnotes":""},"categories":[50],"tags":[27,28,11423,2745,1705,13129,15,16,14,25,26,21,22,62,12,13,19,20,23,24,17,18,29,30,31,63,64,65],"class_list":{"0":"post-219046","1":"post","2":"type-post","3":"status-publish","4":"format-standard","5":"has-post-thumbnail","7":"category-mundo","8":"tag-breaking-news","9":"tag-breakingnews","10":"tag-comissao-nacional-de-eleicoes","11":"tag-desinformacao","12":"tag-eleicoes-presidenciais","13":"tag-fake-news","14":"tag-featured-news","15":"tag-featurednews","16":"tag-headlines","17":"tag-latest-news","18":"tag-latestnews","19":"tag-main-news","20":"tag-mainnews","21":"tag-mundo","22":"tag-news","23":"tag-noticias","24":"tag-noticias-principais","25":"tag-noticiasprincipais","26":"tag-principais-noticias","27":"tag-principaisnoticias","28":"tag-top-stories","29":"tag-topstories","30":"tag-ultimas","31":"tag-ultimas-noticias","32":"tag-ultimasnoticias","33":"tag-world","34":"tag-world-news","35":"tag-worldnews"},"share_on_mastodon":{"url":"https:\/\/pubeurope.com\/@pt\/115853981394289659","error":""},"_links":{"self":[{"href":"https:\/\/www.europesays.com\/pt\/wp-json\/wp\/v2\/posts\/219046","targetHints":{"allow":["GET"]}}],"collection":[{"href":"https:\/\/www.europesays.com\/pt\/wp-json\/wp\/v2\/posts"}],"about":[{"href":"https:\/\/www.europesays.com\/pt\/wp-json\/wp\/v2\/types\/post"}],"author":[{"embeddable":true,"href":"https:\/\/www.europesays.com\/pt\/wp-json\/wp\/v2\/users\/2"}],"replies":[{"embeddable":true,"href":"https:\/\/www.europesays.com\/pt\/wp-json\/wp\/v2\/comments?post=219046"}],"version-history":[{"count":0,"href":"https:\/\/www.europesays.com\/pt\/wp-json\/wp\/v2\/posts\/219046\/revisions"}],"wp:featuredmedia":[{"embeddable":true,"href":"https:\/\/www.europesays.com\/pt\/wp-json\/wp\/v2\/media\/219047"}],"wp:attachment":[{"href":"https:\/\/www.europesays.com\/pt\/wp-json\/wp\/v2\/media?parent=219046"}],"wp:term":[{"taxonomy":"category","embeddable":true,"href":"https:\/\/www.europesays.com\/pt\/wp-json\/wp\/v2\/categories?post=219046"},{"taxonomy":"post_tag","embeddable":true,"href":"https:\/\/www.europesays.com\/pt\/wp-json\/wp\/v2\/tags?post=219046"}],"curies":[{"name":"wp","href":"https:\/\/api.w.org\/{rel}","templated":true}]}}