{"id":219054,"date":"2026-01-07T13:15:07","date_gmt":"2026-01-07T13:15:07","guid":{"rendered":"https:\/\/www.europesays.com\/pt\/219054\/"},"modified":"2026-01-07T13:15:07","modified_gmt":"2026-01-07T13:15:07","slug":"vem-ai-em-amor-a-prova-cris-e-o-pai-biologico-de-nico-novelas","status":"publish","type":"post","link":"https:\/\/www.europesays.com\/pt\/219054\/","title":{"rendered":"Vem a\u00ed em \u00abAmor \u00e0 Prova\u00bb: Cris \u00e9 o pai biol\u00f3gico de Nico &#8211; Novelas"},"content":{"rendered":"<p>Em \u00abAmor \u00e0 Prova\u00bb, Cris (Jos\u00e9 Condessa) quer acabar com o suspense e pergunta quem \u00e9 afinal o pai da crian\u00e7a. Alice (Mafalda Marafusta) revela que \u00e9 Cris e as rea\u00e7\u00f5es s\u00e3o intensas. Sara (Joana de Vernona) fica de olhar perdido e sai. Bruno (Jo\u00e3o Arrais) vai atr\u00e1s dela.<\/p>\n<p>Sara sai para a rua transtornada e acaba por chocar com Melanie (Beatriz da Costa), que andava \u00e0 procura de uma morada. Melanie percebe que ela n\u00e3o est\u00e1 bem, mas Sara afasta-se. Bruno vai atr\u00e1s de Sara e Melanie pergunta se \u00e9 ali que est\u00e3o a alugar um quarto. Bruno diz que sim, mas pede-lhe para voltar amanh\u00e3.<\/p>\n<p>Cris est\u00e1 at\u00f3nito com a not\u00edcia de ter um filho. Alice pede desculpa por todo o transtorno que causou, mas promete que nada vai mudar na vida de Cris. Am\u00e1lia (Ana Guiomar) acha que ele precisa de ficar sozinho para digerir a not\u00edcia. Bruno quer ajudar o amigo, mas n\u00e3o sabe bem o que dizer e vai buscar cervejas.<\/p>\n","protected":false},"excerpt":{"rendered":"Em \u00abAmor \u00e0 Prova\u00bb, Cris (Jos\u00e9 Condessa) quer acabar com o suspense e pergunta quem \u00e9 afinal o&hellip;\n","protected":false},"author":2,"featured_media":219055,"comment_status":"","ping_status":"","sticky":false,"template":"","format":"standard","meta":{"footnotes":""},"categories":[142],"tags":[979,17049,160,3768,41057,166,114,115,157,167,42503,42501,8203,164,42502,161,158,165,159,32,33,156,42504,163,151,162],"class_list":{"0":"post-219054","1":"post","2":"type-post","3":"status-publish","4":"format-standard","5":"has-post-thumbnail","7":"category-tv","8":"tag-alice","9":"tag-amor-a-prova","10":"tag-ana-guiomar","11":"tag-bruno","12":"tag-cris","13":"tag-cristina-ferreira","14":"tag-entertainment","15":"tag-entretenimento","16":"tag-festa-e-festa","17":"tag-ficcao","18":"tag-joana-de-verona","19":"tag-joao-arrais","20":"tag-jose-condessa","21":"tag-jose-fidalgo","22":"tag-mafalda-marafusta","23":"tag-novelas","24":"tag-para-sempre","25":"tag-pedro-sousa","26":"tag-pedro-teixeira","27":"tag-portugal","28":"tag-pt","29":"tag-queridos-papas","30":"tag-sara","31":"tag-tiago-teotonio-pereira","32":"tag-tv","33":"tag-tvi"},"share_on_mastodon":{"url":"https:\/\/pubeurope.com\/@pt\/115854004914649559","error":""},"_links":{"self":[{"href":"https:\/\/www.europesays.com\/pt\/wp-json\/wp\/v2\/posts\/219054","targetHints":{"allow":["GET"]}}],"collection":[{"href":"https:\/\/www.europesays.com\/pt\/wp-json\/wp\/v2\/posts"}],"about":[{"href":"https:\/\/www.europesays.com\/pt\/wp-json\/wp\/v2\/types\/post"}],"author":[{"embeddable":true,"href":"https:\/\/www.europesays.com\/pt\/wp-json\/wp\/v2\/users\/2"}],"replies":[{"embeddable":true,"href":"https:\/\/www.europesays.com\/pt\/wp-json\/wp\/v2\/comments?post=219054"}],"version-history":[{"count":0,"href":"https:\/\/www.europesays.com\/pt\/wp-json\/wp\/v2\/posts\/219054\/revisions"}],"wp:featuredmedia":[{"embeddable":true,"href":"https:\/\/www.europesays.com\/pt\/wp-json\/wp\/v2\/media\/219055"}],"wp:attachment":[{"href":"https:\/\/www.europesays.com\/pt\/wp-json\/wp\/v2\/media?parent=219054"}],"wp:term":[{"taxonomy":"category","embeddable":true,"href":"https:\/\/www.europesays.com\/pt\/wp-json\/wp\/v2\/categories?post=219054"},{"taxonomy":"post_tag","embeddable":true,"href":"https:\/\/www.europesays.com\/pt\/wp-json\/wp\/v2\/tags?post=219054"}],"curies":[{"name":"wp","href":"https:\/\/api.w.org\/{rel}","templated":true}]}}