{"id":219056,"date":"2026-01-07T13:19:30","date_gmt":"2026-01-07T13:19:30","guid":{"rendered":"https:\/\/www.europesays.com\/pt\/219056\/"},"modified":"2026-01-07T13:19:30","modified_gmt":"2026-01-07T13:19:30","slug":"viva-o-cinema-avatar-fogo-e-cinzas-lidera-a-bilheteria-pela-terceira-semana-consecutiva","status":"publish","type":"post","link":"https:\/\/www.europesays.com\/pt\/219056\/","title":{"rendered":"Viva o cinema! \u00bb \u201cAvatar: Fogo e Cinzas\u201d lidera a bilheteria pela terceira semana consecutiva!"},"content":{"rendered":"<p>Confira o\u00a0<strong>TOP 3<\/strong>\u00a0em bilheteria da semana e fique ligado em nossas redes sociais para acompanhar todas as novidades e os pr\u00f3ximos lan\u00e7amentos. A Moviecom est\u00e1 sempre trazendo o melhor do cinema para voc\u00ea.<\/p>\n<p><img loading=\"lazy\" decoding=\"async\" class=\"aligncenter\" src=\"https:\/\/www.europesays.com\/pt\/wp-content\/uploads\/2026\/01\/aLBkIyClYVUU54T05DkvJYEfPb8.jpg\" width=\"667\" height=\"375\"\/><\/p>\n<p><a href=\"https:\/\/moviecom.com.br\/?filmes=avatar-fogo-e-cinzas\" rel=\"nofollow noopener\" target=\"_blank\"><strong>Avatar: Fogo e Cinzas<\/strong><\/a> levou 609,56 mil espectadores aos cinemas de todo o pa\u00eds no \u00faltimo fim de semana. Com isso, o filme j\u00e1 soma impressionantes 3,44 milh\u00f5es de ingressos vendidos no Brasil, reafirmando a for\u00e7a da franquia e o apelo da experi\u00eancia cinematogr\u00e1fica em tela grande. J\u00e1 veio assistir?<\/p>\n<p><img loading=\"lazy\" decoding=\"async\" class=\"aligncenter\" src=\"https:\/\/www.europesays.com\/pt\/wp-content\/uploads\/2026\/01\/aHc9BJbkUCBKuSWgeWdDViJzaCP.jpg\" width=\"669\" height=\"376\"\/><\/p>\n<p>Em segundo lugar no ranking,\u00a0<a href=\"https:\/\/moviecom.com.br\/?filmes=zootopia-2\" rel=\"nofollow noopener\" target=\"_blank\"><strong>Zootopia 2<\/strong><\/a> continua atraindo fam\u00edlias e f\u00e3s da anima\u00e7\u00e3o. O longa registrou 285,47 mil espectadores nas salas brasileiras e j\u00e1 acumula uma arrecada\u00e7\u00e3o global de US$ 81,7 milh\u00f5es. Sucesso!<\/p>\n<p><img loading=\"lazy\" decoding=\"async\" class=\"aligncenter\" src=\"https:\/\/www.europesays.com\/pt\/wp-content\/uploads\/2026\/01\/9pOh1eQ0bjbFiBGqT3mYaeRPLru.jpg\" width=\"667\" height=\"375\"\/><\/p>\n<p><a href=\"https:\/\/moviecom.com.br\/?filmes=anaconda\" rel=\"nofollow noopener\" target=\"_blank\"><strong>Anaconda<\/strong><\/a> fecha o ranking em terceiro e \u00faltimo lugar.\u00a0O filme arrecadou at\u00e9 o momento US$ 23,4 milh\u00f5es ao redor do mundo e contabilizou 185,76 mil ingressos vendidos no Brasil apenas no \u00faltimo fim de semana. Corre pra assistir!<\/p>\n<p>N\u00e3o perca tempo! Garanta j\u00e1 o seu\u00a0<a href=\"http:\/\/moviecom.com.br\/venda\" rel=\"nofollow noopener\" target=\"_blank\"><strong>ingresso<\/strong><\/a>\u00a0para experimentar a magia do cinema na Moviecom.<\/p>\n<p>COMPARTILHAR<\/p>\n","protected":false},"excerpt":{"rendered":"Confira o\u00a0TOP 3\u00a0em bilheteria da semana e fique ligado em nossas redes sociais para acompanhar todas as novidades&hellip;\n","protected":false},"author":2,"featured_media":219057,"comment_status":"","ping_status":"","sticky":false,"template":"","format":"standard","meta":{"footnotes":""},"categories":[140],"tags":[114,115,147,148,146,32,33],"class_list":{"0":"post-219056","1":"post","2":"type-post","3":"status-publish","4":"format-standard","5":"has-post-thumbnail","7":"category-filmes","8":"tag-entertainment","9":"tag-entretenimento","10":"tag-film","11":"tag-filmes","12":"tag-movies","13":"tag-portugal","14":"tag-pt"},"share_on_mastodon":{"url":"https:\/\/pubeurope.com\/@pt\/115854020753088892","error":""},"_links":{"self":[{"href":"https:\/\/www.europesays.com\/pt\/wp-json\/wp\/v2\/posts\/219056","targetHints":{"allow":["GET"]}}],"collection":[{"href":"https:\/\/www.europesays.com\/pt\/wp-json\/wp\/v2\/posts"}],"about":[{"href":"https:\/\/www.europesays.com\/pt\/wp-json\/wp\/v2\/types\/post"}],"author":[{"embeddable":true,"href":"https:\/\/www.europesays.com\/pt\/wp-json\/wp\/v2\/users\/2"}],"replies":[{"embeddable":true,"href":"https:\/\/www.europesays.com\/pt\/wp-json\/wp\/v2\/comments?post=219056"}],"version-history":[{"count":0,"href":"https:\/\/www.europesays.com\/pt\/wp-json\/wp\/v2\/posts\/219056\/revisions"}],"wp:featuredmedia":[{"embeddable":true,"href":"https:\/\/www.europesays.com\/pt\/wp-json\/wp\/v2\/media\/219057"}],"wp:attachment":[{"href":"https:\/\/www.europesays.com\/pt\/wp-json\/wp\/v2\/media?parent=219056"}],"wp:term":[{"taxonomy":"category","embeddable":true,"href":"https:\/\/www.europesays.com\/pt\/wp-json\/wp\/v2\/categories?post=219056"},{"taxonomy":"post_tag","embeddable":true,"href":"https:\/\/www.europesays.com\/pt\/wp-json\/wp\/v2\/tags?post=219056"}],"curies":[{"name":"wp","href":"https:\/\/api.w.org\/{rel}","templated":true}]}}