{"id":219058,"date":"2026-01-07T13:20:12","date_gmt":"2026-01-07T13:20:12","guid":{"rendered":"https:\/\/www.europesays.com\/pt\/219058\/"},"modified":"2026-01-07T13:20:12","modified_gmt":"2026-01-07T13:20:12","slug":"rafael-obrador-com-pretendente-na-serie-a","status":"publish","type":"post","link":"https:\/\/www.europesays.com\/pt\/219058\/","title":{"rendered":"Rafael Obrador com pretendente na Serie A"},"content":{"rendered":"<p>&#8211; Advertisement &#8211;<\/p>\n<p><strong>Rafael Obrador pode deixar o Benfica neste mercado de transfer\u00eancias. O jogador est\u00e1 a ser pretendido pelo Torino.<\/strong><\/p>\n<p>Rafael Obrador pode abandonar o Benfica neste m\u00eas de janeiro. De acordo com o jornalista Alfredo Pedull\u00e0, o Torino est\u00e1 interessado em garantir a contrata\u00e7\u00e3o do lateral esquerdo, embora n\u00e3o revele qual o modelo de neg\u00f3cio que ser\u00e1 aplicado.<\/p>\n<p>O espanhol chegou \u00e0 Luz no \u00faltimo mercado de ver\u00e3o, comprado por cinco milh\u00f5es de euros ao Real Madrid, perfilando-se como sucessor de \u00c1lvaro Carreras, que rumou ao Bernab\u00e9u. Contudo, o espanhol \u00e9 visto apenas como terceira op\u00e7\u00e3o para o posto, atr\u00e1s de Samuel Dahl e Jos\u00e9 Neto.<\/p>\n<p>Rafael Obrador participou somente em um encontro pela forma\u00e7\u00e3o principal do Benfica, numa fase em que<a href=\"https:\/\/bolanarede.pt\/etiqueta\/bruno-lage\/\" target=\"_blank\" rel=\"noreferrer noopener nofollow\"> Bruno Lage <\/a>ainda era treinador. Realizou mais duas partidas pelos B\u2019s, com uma assist\u00eancia. O seu contrato \u00e9 v\u00e1lido at\u00e9 2030 e tem uma cl\u00e1usula de rescis\u00e3o de 50 milh\u00f5es de euros.<\/p>\n","protected":false},"excerpt":{"rendered":"&#8211; Advertisement &#8211; Rafael Obrador pode deixar o Benfica neste mercado de transfer\u00eancias. O jogador est\u00e1 a ser&hellip;\n","protected":false},"author":2,"featured_media":219059,"comment_status":"","ping_status":"","sticky":false,"template":"","format":"standard","meta":{"footnotes":""},"categories":[87],"tags":[260,51,135,478,32,33,10641,2101,134,2102],"class_list":{"0":"post-219058","1":"post","2":"type-post","3":"status-publish","4":"format-standard","5":"has-post-thumbnail","7":"category-desporto","8":"tag-atualidade","9":"tag-benfica","10":"tag-desporto","11":"tag-destaques-bnr","12":"tag-portugal","13":"tag-pt","14":"tag-rafael-obrador","15":"tag-serie-a","16":"tag-sports","17":"tag-torino"},"share_on_mastodon":{"url":"https:\/\/pubeurope.com\/@pt\/115854024586203726","error":""},"_links":{"self":[{"href":"https:\/\/www.europesays.com\/pt\/wp-json\/wp\/v2\/posts\/219058","targetHints":{"allow":["GET"]}}],"collection":[{"href":"https:\/\/www.europesays.com\/pt\/wp-json\/wp\/v2\/posts"}],"about":[{"href":"https:\/\/www.europesays.com\/pt\/wp-json\/wp\/v2\/types\/post"}],"author":[{"embeddable":true,"href":"https:\/\/www.europesays.com\/pt\/wp-json\/wp\/v2\/users\/2"}],"replies":[{"embeddable":true,"href":"https:\/\/www.europesays.com\/pt\/wp-json\/wp\/v2\/comments?post=219058"}],"version-history":[{"count":0,"href":"https:\/\/www.europesays.com\/pt\/wp-json\/wp\/v2\/posts\/219058\/revisions"}],"wp:featuredmedia":[{"embeddable":true,"href":"https:\/\/www.europesays.com\/pt\/wp-json\/wp\/v2\/media\/219059"}],"wp:attachment":[{"href":"https:\/\/www.europesays.com\/pt\/wp-json\/wp\/v2\/media?parent=219058"}],"wp:term":[{"taxonomy":"category","embeddable":true,"href":"https:\/\/www.europesays.com\/pt\/wp-json\/wp\/v2\/categories?post=219058"},{"taxonomy":"post_tag","embeddable":true,"href":"https:\/\/www.europesays.com\/pt\/wp-json\/wp\/v2\/tags?post=219058"}],"curies":[{"name":"wp","href":"https:\/\/api.w.org\/{rel}","templated":true}]}}