{"id":219089,"date":"2026-01-07T13:40:11","date_gmt":"2026-01-07T13:40:11","guid":{"rendered":"https:\/\/www.europesays.com\/pt\/219089\/"},"modified":"2026-01-07T13:40:11","modified_gmt":"2026-01-07T13:40:11","slug":"china-proibe-exportacao-para-o-japao-de-bens-que-possam-ter-fins-militares-asia","status":"publish","type":"post","link":"https:\/\/www.europesays.com\/pt\/219089\/","title":{"rendered":"China pro\u00edbe exporta\u00e7\u00e3o para o Jap\u00e3o de bens que possam ter fins militares | \u00c1sia"},"content":{"rendered":"<p>A China deu mais um passo no <a href=\"https:\/\/www.publico.pt\/2025\/11\/14\/mundo\/noticia\/tensao-oriente-eua-vendem-armas-taiwan-china-avisa-japao-derrota-esmagadora-2154669\" rel=\"nofollow noopener\" target=\"_blank\">agravamento da crise diplom\u00e1tica<\/a> com o Jap\u00e3o e proibiu na ter\u00e7a-feira a exporta\u00e7\u00e3o de bens de dupla utiliza\u00e7\u00e3o para o pa\u00eds, para \u201csalvaguardar a seguran\u00e7a e os interesses\u201d da China.<\/p>\n<p>Pequim justifica a decis\u00e3o com o facto de a primeira-ministra do Jap\u00e3o, <a href=\"https:\/\/www.publico.pt\/2025\/10\/21\/mundo\/noticia\/sanae-takaichi-eleita-primeira-mulher-liderar-governo-japao-2151545\" rel=\"nofollow noopener\" target=\"_blank\">Sanae Takaichi<\/a>, ter anunciado que o pa\u00eds ir\u00e1 rever neste ano os seus tr\u00eas principais documentos de seguran\u00e7a nacional.<\/p>\n<p>Takaichi fez essa afirma\u00e7\u00e3o em Outubro, no discurso da tomada de posse, prometendo um refor\u00e7o do investimento militar face \u00e0 necessidade de o pa\u00eds \u201crefor\u00e7ar drasticamente as suas capacidades de defesa\u201d.<\/p>\n<p>A l\u00edder do Governo japon\u00eas tamb\u00e9m admitiu a possibilidade de uma <a href=\"https:\/\/www.publico.pt\/2025\/11\/10\/mundo\/noticia\/toquio-afirma-ataque-militar-taiwan-justificaria-intervencao-forcas-japonesas-2154005\" target=\"_blank\" rel=\"nofollow noopener\">interven\u00e7\u00e3o militar japonesa<\/a> em <a href=\"https:\/\/www.publico.pt\/2025\/11\/03\/mundo\/noticia\/trump-garantias-china-nao-vai-invadir-taiwan-presidente-2153159\" rel=\"nofollow noopener\" target=\"_blank\">Taiwan<\/a>, na eventualidade de um ataque chin\u00eas contra o territ\u00f3rio que <a href=\"https:\/\/www.publico.pt\/2024\/01\/13\/mundo\/analise\/pertence-taiwan-china-2076740\" target=\"_blank\" rel=\"nofollow noopener\">Pequim reivindica<\/a> como prov\u00edncia da Rep\u00fablica Popular da China, se estivesse em causa uma \u201camea\u00e7a \u00e0 sobreviv\u00eancia\u201d do Jap\u00e3o \u2014 afirma\u00e7\u00f5es consideradas \u201cprovocat\u00f3rias\u201d pela China.<\/p>\n<p>Depois disso, em Outubro, o ministro da Defesa japon\u00eas confirmou <a href=\"https:\/\/www.publico.pt\/2025\/11\/24\/mundo\/noticia\/japao-vai-posicionar-misseis-perto-taiwan-acusado-china-querer-provocar-confronto-militar-2155786\" target=\"_blank\" rel=\"nofollow noopener\">planos para instalar m\u00edsseis terra-ar<\/a> na ilha de Yonaguni, a cem quil\u00f3metros de Taiwan, levando as autoridades chinesas a acusarem o Jap\u00e3o de querer provocar um conflito militar.<\/p>\n<p>Passados dois meses, Pequim volta a pegar nas declara\u00e7\u00f5es de Takaichi dizendo que reflectem a \u201ctend\u00eancia perigosa do Jap\u00e3o de se \u2018remilitarizar\u2019 o mais rapidamente, o que certamente prejudicar\u00e1 a paz e a <a href=\"https:\/\/www.publico.pt\/2025\/12\/29\/mundo\/noticia\/china-lanca-exercicios-militares-redor-taiwan-podem-transformados-guerra-qualquer-momento-2159519\" rel=\"nofollow noopener\" target=\"_blank\">estabilidade regional<\/a>\u201d.<\/p>\n<p>Pequim n\u00e3o especifica quais s\u00e3o os bens, tecnologias ou servi\u00e7os que podem ter aplica\u00e7\u00e3o em fins civis ou militares e \u201ccontribuir para um aumento no potencial militar\u201d ou \u201cprodu\u00e7\u00e3o de armas de destrui\u00e7\u00e3o em massa\u201d, mas uma porta-voz do Minist\u00e9rio dos Neg\u00f3cios Estrangeiros da China, citada pela ag\u00eancia noticiosa Xinhua, diz que \u201ca comunidade internacional deve permanecer em alerta m\u00e1ximo\u201d perante as inten\u00e7\u00f5es japonesas.<\/p>\n<p>O Japan Times d\u00e1 conta nesta quarta-feira que as restri\u00e7\u00f5es \u00e0 exporta\u00e7\u00e3o impostas pela China \u201cpodem colocar em risco\u201d os fluxos comerciais entre os dois pa\u00edses, porque a lista de produtos de dupla utiliza\u00e7\u00e3o potencialmente abrangidos pela proibi\u00e7\u00e3o \u00e9 \u201campla e diversificada\u201d.<\/p>\n<p>O jornal refere que esta medida se segue a outras como a suspens\u00e3o de <a href=\"https:\/\/www.publico.pt\/2025\/11\/20\/mundo\/noticia\/presidente-taiwan-mostra-apoio-japao-disputa-china-comendo-sushi-japones-2155339\" target=\"_blank\" rel=\"nofollow noopener\">importa\u00e7\u00f5es de marisco japon\u00eas<\/a> ou o apelo aos cidad\u00e3os chineses para <a href=\"https:\/\/www.publico.pt\/2025\/11\/15\/mundo\/noticia\/china-desaconselha-viagens-japao-apos-declaracoes-primeiraministra-taiwan-2154748\" target=\"_blank\" rel=\"nofollow noopener\">evitarem viagens para o Jap\u00e3o<\/a> desde as declara\u00e7\u00f5es de Takaichi no ano passado sobre Taiwan, em que a chefe de Governo sugeriu que uma resposta militar poderia ser justificada se a ilha fosse atacada pela China.<\/p>\n<p>A lista de controlo de bens de dupla utiliza\u00e7\u00e3o da China abrange mais de 800 itens em dez categorias que incluem \u201ccomponentes e tecnologias essenciais com utiliza\u00e7\u00f5es e aplica\u00e7\u00f5es militares \u00f3bvias, como produtos qu\u00edmicos, minerais, electr\u00f3nica, sensores, sistemas de navega\u00e7\u00e3o, software e tecnologias aeroespaciais\u201d, mas tamb\u00e9m v\u00e1rios outros produtos de bens de consumo, \u201cincluindo c\u00e2maras de alta velocidade\u201d, refere o Japan Times.<\/p>\n<p>Um economista da Funda\u00e7\u00e3o T\u00f3quio ouvido pelo jornal frisou que \u201cse a China for longe demais [na restri\u00e7\u00e3o de exporta\u00e7\u00f5es], as suas pr\u00f3prias empresas sofrer\u00e3o um duro golpe\u201d, mas tamb\u00e9m admitiu \u201co risco de um impacto generalizado nas ind\u00fastrias autom\u00f3vel e electr\u00f3nica do Jap\u00e3o\u201d no caso da falta de componentes e materiais, como as terras raras, em que a China \u00e9 l\u00edder mundial.<\/p>\n<p>A Reuters tamb\u00e9m noticiou nesta quarta-feira que o Minist\u00e9rio do Com\u00e9rcio da China anunciou uma investiga\u00e7\u00e3o anti-dumping sobre as importa\u00e7\u00f5es japonesas de diclorossilano, um composto qu\u00edmico utilizado principalmente na ind\u00fastria de semicondutores.<\/p>\n<p>A China afirmou que a investiga\u00e7\u00e3o foi iniciada a pedido dos seus produtores nacionais de diclorossilano, que alegaram que os volumes importados do Jap\u00e3o apresentaram uma tend\u00eancia geral de aumento entre 2022 e 2024, enquanto os pre\u00e7os ca\u00edram 31%, causando preju\u00edzos \u00e0 produ\u00e7\u00e3o e ao funcionamento da ind\u00fastria local.<\/p>\n<p>No comunicado de ter\u00e7a-feira, a porta-voz do Minist\u00e9rio dos Neg\u00f3cios Estrangeiros chin\u00eas tamb\u00e9m acusou a l\u00edder japonesa de ter feito \u201cdeclara\u00e7\u00f5es enganadoras em rela\u00e7\u00e3o \u00e0 regi\u00e3o de Taiwan, na China, sugerindo uma possibilidade de interven\u00e7\u00e3o militar [japonesa] no Estreito de <a href=\"http:\/\/diclorossilano\" rel=\"nofollow\">Taiwan<\/a>\u201d.<\/p>\n<p>Nos \u00faltimos dias de 2025, as For\u00e7as Armadas chinesas realizaram uma s\u00e9rie de <a href=\"https:\/\/www.publico.pt\/2025\/12\/30\/mundo\/noticia\/trump-desvaloriza-exercicios-militares-china-torno-taiwan-relacao-xi-2159638\" target=\"_blank\" rel=\"nofollow noopener\">exerc\u00edcios militares em redor de Taiwan<\/a>, considerando-as um \u201caviso s\u00e9rio\u201d \u00e0s \u201cfor\u00e7as separatistas\u201d da ilha e uma \u201cac\u00e7\u00e3o leg\u00edtima e necess\u00e1ria para salvaguardar a soberania e a unidade nacional\u201d da China.<\/p>\n","protected":false},"excerpt":{"rendered":"A China deu mais um passo no agravamento da crise diplom\u00e1tica com o Jap\u00e3o e proibiu na ter\u00e7a-feira&hellip;\n","protected":false},"author":2,"featured_media":219090,"comment_status":"","ping_status":"","sticky":false,"template":"","format":"standard","meta":{"footnotes":""},"categories":[50],"tags":[367,27,28,358,3398,15,16,14,461,25,26,21,22,62,12,13,19,20,23,24,2365,17,18,29,30,31,63,64,65],"class_list":{"0":"post-219089","1":"post","2":"type-post","3":"status-publish","4":"format-standard","5":"has-post-thumbnail","7":"category-mundo","8":"tag-asia","9":"tag-breaking-news","10":"tag-breakingnews","11":"tag-china","12":"tag-comercio","13":"tag-featured-news","14":"tag-featurednews","15":"tag-headlines","16":"tag-japao","17":"tag-latest-news","18":"tag-latestnews","19":"tag-main-news","20":"tag-mainnews","21":"tag-mundo","22":"tag-news","23":"tag-noticias","24":"tag-noticias-principais","25":"tag-noticiasprincipais","26":"tag-principais-noticias","27":"tag-principaisnoticias","28":"tag-taiwan","29":"tag-top-stories","30":"tag-topstories","31":"tag-ultimas","32":"tag-ultimas-noticias","33":"tag-ultimasnoticias","34":"tag-world","35":"tag-world-news","36":"tag-worldnews"},"share_on_mastodon":{"url":"https:\/\/pubeurope.com\/@pt\/115854103316206140","error":""},"_links":{"self":[{"href":"https:\/\/www.europesays.com\/pt\/wp-json\/wp\/v2\/posts\/219089","targetHints":{"allow":["GET"]}}],"collection":[{"href":"https:\/\/www.europesays.com\/pt\/wp-json\/wp\/v2\/posts"}],"about":[{"href":"https:\/\/www.europesays.com\/pt\/wp-json\/wp\/v2\/types\/post"}],"author":[{"embeddable":true,"href":"https:\/\/www.europesays.com\/pt\/wp-json\/wp\/v2\/users\/2"}],"replies":[{"embeddable":true,"href":"https:\/\/www.europesays.com\/pt\/wp-json\/wp\/v2\/comments?post=219089"}],"version-history":[{"count":0,"href":"https:\/\/www.europesays.com\/pt\/wp-json\/wp\/v2\/posts\/219089\/revisions"}],"wp:featuredmedia":[{"embeddable":true,"href":"https:\/\/www.europesays.com\/pt\/wp-json\/wp\/v2\/media\/219090"}],"wp:attachment":[{"href":"https:\/\/www.europesays.com\/pt\/wp-json\/wp\/v2\/media?parent=219089"}],"wp:term":[{"taxonomy":"category","embeddable":true,"href":"https:\/\/www.europesays.com\/pt\/wp-json\/wp\/v2\/categories?post=219089"},{"taxonomy":"post_tag","embeddable":true,"href":"https:\/\/www.europesays.com\/pt\/wp-json\/wp\/v2\/tags?post=219089"}],"curies":[{"name":"wp","href":"https:\/\/api.w.org\/{rel}","templated":true}]}}