{"id":219091,"date":"2026-01-07T13:41:08","date_gmt":"2026-01-07T13:41:08","guid":{"rendered":"https:\/\/www.europesays.com\/pt\/219091\/"},"modified":"2026-01-07T13:41:08","modified_gmt":"2026-01-07T13:41:08","slug":"tendencia-favoravel-da-gas-a-seguro-na-pressao-a-esquerda-observador","status":"publish","type":"post","link":"https:\/\/www.europesays.com\/pt\/219091\/","title":{"rendered":"&#8220;Tend\u00eancia favor\u00e1vel&#8221; d\u00e1 g\u00e1s a Seguro na press\u00e3o \u00e0 esquerda \u2013 Observador"},"content":{"rendered":"<p>A tentativa de entrar nesse campo tem sido clara nestes primeiros dias de campanha, com o candidato a repetir a cada canto que visita \u2014 e de forma mais vincada no dia em que a <a href=\"https:\/\/observador.pt\/2026\/01\/05\/antonio-jose-seguro-sobe-para-a-lideranca-e-marques-mendes-cai-para-quinto-lugar-em-nova-sondagem\/\" rel=\"nofollow noopener\" target=\"_blank\">sondagem da CNN Portugal o colocou na frente<\/a> \u2014 que \u00e9 o \u00fanico \u00e0 esquerda como hip\u00f3teses: \u201cS\u00f3 h\u00e1 um candidato do centro-esquerda e da esquerda que pode passar \u00e0 segunda volta.\u201d A ideia de que pode chegar l\u00e1 d\u00e1 um empurr\u00e3o grande a esta linha de argumenta\u00e7\u00e3o.<\/p>\n<p>\u201cVamos l\u00e1 ver: os dados s\u00e3o muito simples, <strong>s\u00f3 h\u00e1 um candidato<\/strong> do centro-esquerda e da esquerda que pode passar \u00e0 segunda volta. Essa \u00e9 uma realidade. \u00c9 um facto. E, portanto, aquilo que eu apelo \u00e9 a todos os portugueses que queiram ter esse candidato na segunda volta, que votem em Seguro\u201d, disse o pr\u00f3prio sobre si mesmo. E descreve este voto precisamente dentro das linhas que agradam \u00e0 esquerda, ou seja, \u00e9 aquele que \u201cgarante que quem defende a dignidade, quem defende o Estado Social, quem defende a nossa Constitui\u00e7\u00e3o, esteja na segunda volta.\u201d<\/p>\n<p>J\u00e1 quando os jornalistas lhe perguntam se tem afinado esta linha porque ainda acredita na desist\u00eancia de alguma candidatura \u00e0 sua esquerda a seu favor, o socialista desvia-se: \u201cN\u00e3o, eu dirijo-me aos eleitores e aos portugueses e dou-lhes raz\u00f5es para votarem na minha candidatura. A minha candidatura \u00e9 a candidatura que conta.\u201d<\/p>\n<p>Na ter\u00e7a-feira, no debate televisivo com todos os candidatos, na RTP, Seguro jurou que n\u00e3o tentou acordos \u00e0 esquerda, com a desist\u00eancia de algum dos candidatos em vista, e que \u00e9 assim que vai manter-se at\u00e9 ao fim da campanha. Anda assim foi com indisfar\u00e7\u00e1vel agrado que ouviu Jorge Pinto declarar a dada altura: \u201c<strong>N\u00e3o ser\u00e1 por mim<\/strong> que Ant\u00f3nio Jos\u00e9 Seguro n\u00e3o ser\u00e1 Presidente de Portugal\u201d.<\/p>\n<p>A poucos dias do voto antecipado, esta abertura da porta de sa\u00edda da corrida por parte do candidato apoiado pelo Livre parece confirmar a expectativa de alguns socialistas, que j\u00e1 punham fichas nesta desist\u00eancia. J\u00e1 quanto \u00e0 de Ant\u00f3nio Filipe ou a de Catarina Martins, <strong>ningu\u00e9m<\/strong> <strong>acredita<\/strong> que possa vir a ser uma realidade.<\/p>\n<p>A confirmar-se, a sa\u00eddade de cena de Jorge Pinto seria um importante empurr\u00e3o para Seguro nesta altura. E vai colocar uma press\u00e3o adicional sobre a restante esquerda, a quem o candidato tem deixado alguns avisos nos \u00faltimos dias. E at\u00e9 j\u00e1 deixou uma esp\u00e9cie de li\u00e7\u00e3o, quando ouviu Catarina Martins lembrar que, em 2012, Seguro ajudou a \u201cviabilizar cortes contra a Constitui\u00e7\u00e3o\u201d e recusou responder-lhe: <strong>\u201cEu n\u00e3o me engano nos meus advers\u00e1rios.\u201d<\/strong><\/p>\n<p>\u201cConcentrar os votos\u201d. \u00c9 a express\u00e3o que mais tem usado nestes dias e que repetiu a cada esquina em Gr\u00e2ndola, terra de esquerda, certo, mas que nas \u00faltimas aut\u00e1rquicas caiu do PCP para o lado do PS. Nesse p\u00e9riplo pelas ruas da \u201cvila morena\u201d chegou mesmo a juntar-se a tr\u00eas apoiantes alentejanos que, na esquina do museu, cantavam o hino da esquerda que foi uma das senhas usadas para o in\u00edcio da Revolu\u00e7\u00e3o de 1974. Proclamou-se como \u201co candidato da liberdade\u201d e seguiu caminho nessa tentativa de concentrar assim os votos da esquerda.<\/p>\n<p>No dia anterior tinha usado ainda outro argumento para tentar puxar para si os que pensam votar em Ant\u00f3nio Filipe, Catarina Martins ou Jorge Pinto. Disse que votar neles seria <strong>\u201cmeio voto\u201d<\/strong> no partido que quer combater, o Chega, e \u201cn\u00e3o ajuda o candidato da esquerda que est\u00e1 em condi\u00e7\u00f5es de passar \u00e0 segunda volta\u201d. \u00c9 argumento que serve na press\u00e3o \u00e0 esquerda, mas simultaneamente na tentativa de tornar esta campanha numa luta entre duas frentes: a do populista influente sobre o PSD e o \u00fanico que \u00e0 esquerda pode passar.<\/p>\n<p>Qualquer candidato sabe que se concorresse contra Ventura numa primeira volta, a Presid\u00eancia ficaria automaticamente a um pequeno passo. No caso de Seguro, o candidato ainda sabe que a estrat\u00e9gia de amalgamar a direita sob o mesmo chap\u00e9u do populismo tem funcionado para a congrega\u00e7\u00e3o da esquerda \u2014 que o diga Ant\u00f3nio Costa e a sua maioria absoluta de 2022. J\u00e1 funcionou uma vez, ser\u00e1 que voltar\u00e1 a funcionar?<\/p>\n","protected":false},"excerpt":{"rendered":"A tentativa de entrar nesse campo tem sido clara nestes primeiros dias de campanha, com o candidato a&hellip;\n","protected":false},"author":2,"featured_media":219092,"comment_status":"","ping_status":"","sticky":false,"template":"","format":"standard","meta":{"footnotes":""},"categories":[10],"tags":[26091,27,28,1077,15,16,14,25,26,21,22,12,13,19,20,302,32,1076,23,24,455,33,17,18,29,30,31],"class_list":{"0":"post-219091","1":"post","2":"type-post","3":"status-publish","4":"format-standard","5":"has-post-thumbnail","7":"category-portugal","8":"tag-antu00f3nio-josu00e9-seguro","9":"tag-breaking-news","10":"tag-breakingnews","11":"tag-eleiu00e7u00f5es","12":"tag-featured-news","13":"tag-featurednews","14":"tag-headlines","15":"tag-latest-news","16":"tag-latestnews","17":"tag-main-news","18":"tag-mainnews","19":"tag-news","20":"tag-noticias","21":"tag-noticias-principais","22":"tag-noticiasprincipais","23":"tag-polu00edtica","24":"tag-portugal","25":"tag-presidenciais-2026","26":"tag-principais-noticias","27":"tag-principaisnoticias","28":"tag-ps","29":"tag-pt","30":"tag-top-stories","31":"tag-topstories","32":"tag-ultimas","33":"tag-ultimas-noticias","34":"tag-ultimasnoticias"},"share_on_mastodon":{"url":"https:\/\/pubeurope.com\/@pt\/115854107223327689","error":""},"_links":{"self":[{"href":"https:\/\/www.europesays.com\/pt\/wp-json\/wp\/v2\/posts\/219091","targetHints":{"allow":["GET"]}}],"collection":[{"href":"https:\/\/www.europesays.com\/pt\/wp-json\/wp\/v2\/posts"}],"about":[{"href":"https:\/\/www.europesays.com\/pt\/wp-json\/wp\/v2\/types\/post"}],"author":[{"embeddable":true,"href":"https:\/\/www.europesays.com\/pt\/wp-json\/wp\/v2\/users\/2"}],"replies":[{"embeddable":true,"href":"https:\/\/www.europesays.com\/pt\/wp-json\/wp\/v2\/comments?post=219091"}],"version-history":[{"count":0,"href":"https:\/\/www.europesays.com\/pt\/wp-json\/wp\/v2\/posts\/219091\/revisions"}],"wp:featuredmedia":[{"embeddable":true,"href":"https:\/\/www.europesays.com\/pt\/wp-json\/wp\/v2\/media\/219092"}],"wp:attachment":[{"href":"https:\/\/www.europesays.com\/pt\/wp-json\/wp\/v2\/media?parent=219091"}],"wp:term":[{"taxonomy":"category","embeddable":true,"href":"https:\/\/www.europesays.com\/pt\/wp-json\/wp\/v2\/categories?post=219091"},{"taxonomy":"post_tag","embeddable":true,"href":"https:\/\/www.europesays.com\/pt\/wp-json\/wp\/v2\/tags?post=219091"}],"curies":[{"name":"wp","href":"https:\/\/api.w.org\/{rel}","templated":true}]}}