{"id":219095,"date":"2026-01-07T13:43:10","date_gmt":"2026-01-07T13:43:10","guid":{"rendered":"https:\/\/www.europesays.com\/pt\/219095\/"},"modified":"2026-01-07T13:43:10","modified_gmt":"2026-01-07T13:43:10","slug":"mc-guime-e-noiva-desabafam-apos-filha-receber-diagnostico-delicado-nossa-menina-terra","status":"publish","type":"post","link":"https:\/\/www.europesays.com\/pt\/219095\/","title":{"rendered":"MC Guim\u00ea e noiva desabafam ap\u00f3s filha receber diagn\u00f3stico delicado: &#039;Nossa menina&#039; &#8211; Terra"},"content":{"rendered":"<ol>\n<li><a href=\"https:\/\/news.google.com\/rss\/articles\/CBMi-AFBVV95cUxNRVJOejF0UFpwek5OblVDYk5yNjZXNVdoNWV6YmNaYlpJbVJJTkRvc1J0Q1R3QWVOaWFDZklBTkdRQldYdW9UeEJ4Zlh1Z1JHMEVHeGVudmU1UHROc2Q3enJ0cTJTUUtEa0pBOGRUQUNVTm5XZVV5N3QyT0ZLcF9TMi1rZXIzd2sySlNfN1c4d2t2eDA2NkF4akdnRXp3T0xXclRPOHRPWFY1VzlCeXJCUTZHTzM5cTBISlR3TlQzdl90eXBMbW9GbUw0VEVBenFWOHNxRG1BWG9RSGVydndaSURfR2tzZ1ExVHlxX09TcjhzbmhNT1J2ZA?oc=5\" target=\"_blank\" rel=\"nofollow noopener\">MC Guim\u00ea e noiva desabafam ap\u00f3s filha receber diagn\u00f3stico delicado: &#8216;Nossa menina&#8217;<\/a>&nbsp;&nbsp;Terra<\/li>\n<li><a href=\"https:\/\/news.google.com\/rss\/articles\/CBMi7wFBVV95cUxOcUdnLU9idDltWnM5Si1pUjFLb0FvTWJreV9xQVRLWnUwSUFZdzNYOGxJWm5sUGMwQXFhQ1FwQ3hJSDRnSXJLZFRzWGpHOURUYUNTTkVQWVBGczlmNHg1a1BldEwxSUhWSjJTMHY1NXh5VnRDTlNlS0EyZmJaaHVFUTJGbVM2MHBleW56VkVNM1pVN3NsSWJCYm11U3VROHh6UEMtUlM2bmZubmk1aktTc3d4VHl2YUZkMW1vanR2cjJoOVA4cjBpSmQ2VGZScWpOVVowSHRhdWJybkxXcHluSkkwMUJlaDF4RElWenZmMNIB_gFBVV95cUxPcmZhbmx4X0VZS2UtcUs2WDNlVlVSSExnbGZqTmlkVWJkV0pQU3FuSGNRSFZud3hxeXltVkE3dWF1Ri1jNnQ5d1dwV0FhU0tQVUJkSnY4U0pfdk9PWWhfLVNONTB3S0dDTUk0VE1XYzluX3FWSW5xaGlCTUZqUWdLN05qQzZ2Ti1BcUxyZVhhVVdiMTljeGwyYnI4NUd5SHdkUVd3Sk1IeDQwWG5aTm1pNUJRSHBxOWpfLVpyNjlKT1VXRjl5bjM3QTJZdWprbWIxU2V1RU9lTk5CaGNMWkhfczZ4d1BlUUx2RzlnVm9PdU43QXFONmRRXzlZZ2Q0QQ?oc=5\" target=\"_blank\" rel=\"nofollow noopener\">MC Guim\u00ea revela que filha foi diagnosticada com APLV: &#8216;Ficamos muito preocupados&#8217;<\/a>&nbsp;&nbsp;Globo<\/li>\n<li><a href=\"https:\/\/news.google.com\/rss\/articles\/CBMi8gFBVV95cUxPTTM1VlNncVIzYnJHV1dLUkh3WkttY2NrWDQ2cF80b2I0RHA1eWdSWXFDNEcwVkpuVWJRMlB5cl9pN0ItRHExMlUxRE95dVlMcm1hWWdpakp1ekdyeS11TkI3bFg3S0xNZy03NE5KZmtaWGFhUFBTTnI3X050a0JPdWZvN193SU4zOVV3eDZjUm94RV92cUVHUDVadlQtYkgtbWhUTnJGb2hVaFphMHBnUWV2cGdwWllYU1V1aEpJZE8yZDQ2UGNWWENHX0tSNTZtaHVHSWhxaG5qb0czQTRqX2dELU96emZWd1ZnVmFnWXBUUQ?oc=5\" target=\"_blank\" rel=\"nofollow noopener\">MC Guim\u00ea descobre condi\u00e7\u00e3o da filha rec\u00e9m-nascida e desabafa: &#8216;Muito esfor\u00e7o&#8217;<\/a>&nbsp;&nbsp;Terra<\/li>\n<li><a href=\"https:\/\/news.google.com\/rss\/articles\/CBMiuAFBVV95cUxNSEwtdVIydG5VM1BNWEZZaHlpYS0zdHZ6WUVldGlBN1NvSGZQR09wajY0SUdZYnhfZm9kemc0ZmRjQ0NxYVZJMTF4a1I3SGp1R0V0WkVsUTc4UlVxNFVpT0lBeXJIemVwMDhHb1hJTWNMUUVXVjFlNGNvVHlRRWJ2NnFlcmhjQjdyeFM3UDQwSFJURkp2ZVA3QWEtV0xjN0NTLUVNbFBXWmh0cGhNQWJnc1lzM09fREVm?oc=5\" target=\"_blank\" rel=\"nofollow noopener\">MC Guim\u00ea revela diagn\u00f3stico da filha e faz alerta: \u201cN\u00e3o \u00e9 brincadeira\u201d V\u00eddeo<\/a>&nbsp;&nbsp;Metr\u00f3poles<\/li>\n<li><a href=\"https:\/\/news.google.com\/rss\/articles\/CBMinAFBVV95cUxNU3FlSlROYURnYl9WVURoakkzTFhVNU42NVNvMkk1X05IV0VzbjZmRmRIUFNOTC03amF0WXZUUGVwUUpybmZ4Y3c5cEhVWWpsXzdtNlBhbDA3Zm9wRkE4X1JGdnB2bEE4VTkwMEZ2UDE0ZHJiYi00ZTU5d1J6MGMzaTJINDZnS2hzcDdVczZRVzJQZlNwcUZjMEVYbDM?oc=5\" target=\"_blank\" rel=\"nofollow noopener\">Filha rec\u00e9m-nascida de MC Guim\u00ea recebe diagn\u00f3stico ap\u00f3s sintomas<\/a>&nbsp;&nbsp;CARAS Brasil<\/li>\n<\/ol>\n","protected":false},"excerpt":{"rendered":"MC Guim\u00ea e noiva desabafam ap\u00f3s filha receber diagn\u00f3stico delicado: &#8216;Nossa menina&#8217;&nbsp;&nbsp;Terra MC Guim\u00ea revela que filha foi&hellip;\n","protected":false},"author":2,"featured_media":196976,"comment_status":"","ping_status":"","sticky":false,"template":"","format":"standard","meta":{"footnotes":""},"categories":[145],"tags":[211,210,114,115,32,33],"class_list":{"0":"post-219095","1":"post","2":"type-post","3":"status-publish","4":"format-standard","5":"has-post-thumbnail","7":"category-celebridades","8":"tag-celebridades","9":"tag-celebrities","10":"tag-entertainment","11":"tag-entretenimento","12":"tag-portugal","13":"tag-pt"},"share_on_mastodon":{"url":"https:\/\/pubeurope.com\/@pt\/115854115008564645","error":""},"_links":{"self":[{"href":"https:\/\/www.europesays.com\/pt\/wp-json\/wp\/v2\/posts\/219095","targetHints":{"allow":["GET"]}}],"collection":[{"href":"https:\/\/www.europesays.com\/pt\/wp-json\/wp\/v2\/posts"}],"about":[{"href":"https:\/\/www.europesays.com\/pt\/wp-json\/wp\/v2\/types\/post"}],"author":[{"embeddable":true,"href":"https:\/\/www.europesays.com\/pt\/wp-json\/wp\/v2\/users\/2"}],"replies":[{"embeddable":true,"href":"https:\/\/www.europesays.com\/pt\/wp-json\/wp\/v2\/comments?post=219095"}],"version-history":[{"count":0,"href":"https:\/\/www.europesays.com\/pt\/wp-json\/wp\/v2\/posts\/219095\/revisions"}],"wp:featuredmedia":[{"embeddable":true,"href":"https:\/\/www.europesays.com\/pt\/wp-json\/wp\/v2\/media\/196976"}],"wp:attachment":[{"href":"https:\/\/www.europesays.com\/pt\/wp-json\/wp\/v2\/media?parent=219095"}],"wp:term":[{"taxonomy":"category","embeddable":true,"href":"https:\/\/www.europesays.com\/pt\/wp-json\/wp\/v2\/categories?post=219095"},{"taxonomy":"post_tag","embeddable":true,"href":"https:\/\/www.europesays.com\/pt\/wp-json\/wp\/v2\/tags?post=219095"}],"curies":[{"name":"wp","href":"https:\/\/api.w.org\/{rel}","templated":true}]}}