{"id":219104,"date":"2026-01-07T13:51:09","date_gmt":"2026-01-07T13:51:09","guid":{"rendered":"https:\/\/www.europesays.com\/pt\/219104\/"},"modified":"2026-01-07T13:51:09","modified_gmt":"2026-01-07T13:51:09","slug":"fechou-uma-das-mais-famosas-marisqueiras-de-matosinhos-vai-ser-um-projeto-imobiliario-nit","status":"publish","type":"post","link":"https:\/\/www.europesays.com\/pt\/219104\/","title":{"rendered":"Fechou uma das mais famosas marisqueiras de Matosinhos. Vai ser um projeto imobili\u00e1rio \u2014 NiT"},"content":{"rendered":"<p>A not\u00edcia chegou de forma discreta e apanhou muitos clientes de surpresa. A Maurit\u00e2nia Grill, uma das marisqueiras mais conhecidas de Matosinhos e uma presen\u00e7a hist\u00f3rica na primeira linha de mar de Le\u00e7a da Palmeira, anunciou o encerramento ap\u00f3s mais de tr\u00eas d\u00e9cadas de funcionamento. O encerramento foi revelado nas redes sociais esta segunda-feira, 5 de janeiro, atrav\u00e9s de um comunicado publicado pelo pr\u00f3prio restaurante.<\/p>\n<p>\u201cO Maurit\u00e2nia Grill encerra, mas fica a gratid\u00e3o profunda por cada cliente que nos escolheu, por cada amigo que fez da nossa casa um ponto de encontro, por cada parceiro que caminhou connosco e, acima de tudo, por cada elemento da equipa que deu o melhor de si, todos os dias\u201d, l\u00ea-se na mensagem partilhada pela equipa. O texto termina com uma despedida sentida: \u201cO Maurit\u00e2nia Grill despede-se, mas a marca que deixou continuar\u00e1 viva em cada um de n\u00f3s.\u201d<\/p>\n<p>Se o an\u00fancio foi repentino, a decis\u00e3o de p\u00f4r fim a esta hist\u00f3ria vinha a ser discutida h\u00e1 bem mais tempo. Segundo Nuno Rocha, s\u00f3cio-gerente do restaurante, o encerramento resulta de \u201cum conjunto de fatores\u201d que se foram acumulando ao longo dos \u00faltimos anos. \u201cN\u00e3o \u00e9 por nenhum motivo econ\u00f3mico, n\u00e3o \u00e9 por nada. \u00c9 simplesmente um conjunto de fatores que levaram \u00e0 decis\u00e3o\u201d, sublinha.<\/p>\n<p>O Maurit\u00e2nia Grill abriu em 1992 e chegou a ser um dos maiores espa\u00e7os do g\u00e9nero na regi\u00e3o. No ver\u00e3o, com a esplanada, tinha capacidade para cerca de 400 pessoas. Para isso, o parque de estacionamento adjacente era essencial. \u201cEstamos a falar de um restaurante que no ver\u00e3o chegava a ter cerca de 500 carros por m\u00eas a passar pelo parque\u201d, explica o respons\u00e1vel. Esse parque, contudo, nunca pertenceu \u00e0 sociedade. Era um terreno privado, utilizado h\u00e1 muitos anos, que acabou por ser vendido para dar lugar a um hotel.<\/p>\n<p><strong>\u201cQuando o terreno foi vendido, fic\u00e1mos sem parque de estacionamento. E para um restaurante desta dimens\u00e3o, isso \u00e9 fundamental\u201d, refere Nuno Rocha.<\/strong> A situa\u00e7\u00e3o arrasta-se h\u00e1 cerca de tr\u00eas anos e acabou por pesar de forma decisiva no futuro do espa\u00e7o.<\/p>\n<p>A isto juntaram-se outros fatores estruturais. O chef e s\u00f3cio fundador chegou \u00e0 idade da reforma, o que implicaria uma mudan\u00e7a profunda na sociedade. Ao mesmo tempo, o edif\u00edcio precisava de obras e de um investimento significativo para continuar a funcionar nos mesmos moldes. \u201cT\u00ednhamos um dilema: investir, reformular o conceito e tornar o restaurante mais pequeno, ou seguir outro caminho\u201d, resume.<\/p>\n<p>Durante esse per\u00edodo, foram surgindo v\u00e1rias propostas para a aquisi\u00e7\u00e3o do im\u00f3vel, num contexto em que a zona se tornou particularmente atrativa para a promo\u00e7\u00e3o imobili\u00e1ria. \u201cAo final de tr\u00eas anos, teve de se tomar uma decis\u00e3o\u201d, explica o s\u00f3cio-gerente. \u201cOu gast\u00e1vamos dinheiro a renovar, com amea\u00e7as s\u00e9rias \u00e0 atividade ou opt\u00e1vamos pela imobili\u00e1ria.\u201d<\/p>\n<p>A escolha acabou por recair nessa segunda op\u00e7\u00e3o. O im\u00f3vel pertence a Joaquim da Rocha, s\u00f3cio principal do Maurit\u00e2nia Grill, que mant\u00e9m outros restaurantes com o mesmo nome em Matosinhos e que tamb\u00e9m atua na \u00e1rea imobili\u00e1ria. \u201cTrinta e tal anos depois, optou-se pela imobili\u00e1ria\u201d, resume Nuno Rocha.<\/p>\n<p>O futuro do espa\u00e7o j\u00e1 est\u00e1 definido.<strong> Segundo o respons\u00e1vel, no terreno onde funcionava o restaurante vai nascer um edif\u00edcio de habita\u00e7\u00e3o. J\u00e1 o antigo parque de estacionamento dar\u00e1 lugar a um projeto hoteleiro que est\u00e1 aprovado e dever\u00e1 avan\u00e7ar em breve.<\/strong><\/p>\n","protected":false},"excerpt":{"rendered":"A not\u00edcia chegou de forma discreta e apanhou muitos clientes de surpresa. A Maurit\u00e2nia Grill, uma das marisqueiras&hellip;\n","protected":false},"author":2,"featured_media":219105,"comment_status":"","ping_status":"","sticky":false,"template":"","format":"standard","meta":{"footnotes":""},"categories":[85],"tags":[114,115,32,33],"class_list":{"0":"post-219104","1":"post","2":"type-post","3":"status-publish","4":"format-standard","5":"has-post-thumbnail","7":"category-entretenimento","8":"tag-entertainment","9":"tag-entretenimento","10":"tag-portugal","11":"tag-pt"},"share_on_mastodon":{"url":"https:\/\/pubeurope.com\/@pt\/115854146611058525","error":""},"_links":{"self":[{"href":"https:\/\/www.europesays.com\/pt\/wp-json\/wp\/v2\/posts\/219104","targetHints":{"allow":["GET"]}}],"collection":[{"href":"https:\/\/www.europesays.com\/pt\/wp-json\/wp\/v2\/posts"}],"about":[{"href":"https:\/\/www.europesays.com\/pt\/wp-json\/wp\/v2\/types\/post"}],"author":[{"embeddable":true,"href":"https:\/\/www.europesays.com\/pt\/wp-json\/wp\/v2\/users\/2"}],"replies":[{"embeddable":true,"href":"https:\/\/www.europesays.com\/pt\/wp-json\/wp\/v2\/comments?post=219104"}],"version-history":[{"count":0,"href":"https:\/\/www.europesays.com\/pt\/wp-json\/wp\/v2\/posts\/219104\/revisions"}],"wp:featuredmedia":[{"embeddable":true,"href":"https:\/\/www.europesays.com\/pt\/wp-json\/wp\/v2\/media\/219105"}],"wp:attachment":[{"href":"https:\/\/www.europesays.com\/pt\/wp-json\/wp\/v2\/media?parent=219104"}],"wp:term":[{"taxonomy":"category","embeddable":true,"href":"https:\/\/www.europesays.com\/pt\/wp-json\/wp\/v2\/categories?post=219104"},{"taxonomy":"post_tag","embeddable":true,"href":"https:\/\/www.europesays.com\/pt\/wp-json\/wp\/v2\/tags?post=219104"}],"curies":[{"name":"wp","href":"https:\/\/api.w.org\/{rel}","templated":true}]}}