{"id":219106,"date":"2026-01-07T13:52:50","date_gmt":"2026-01-07T13:52:50","guid":{"rendered":"https:\/\/www.europesays.com\/pt\/219106\/"},"modified":"2026-01-07T13:52:50","modified_gmt":"2026-01-07T13:52:50","slug":"inteligencia-artificial-e-uma-grande-aliada-no-consumo-de-conteudo-na-tv-diz-executivo-da-samsung-veja-novidades-o-globo","status":"publish","type":"post","link":"https:\/\/www.europesays.com\/pt\/219106\/","title":{"rendered":"&#039;Intelig\u00eancia artificial \u00e9 uma grande aliada no consumo de conte\u00fado na TV&#039;, diz executivo da Samsung. Veja novidades &#8211; O Globo"},"content":{"rendered":"<ol>\n<li><a href=\"https:\/\/news.google.com\/rss\/articles\/CBMi-wFBVV95cUxPdjVBRzBxWGk2SUl6Yy1yLUV3UUVaN3dVR001aUVlYVpuQlBXT2x6a2x5RGw2VG5UNWt4OERUY3FZMnA0c2NXejdCa3lHcVVsejVHcFFkdWRyTGdQOVZ3NDljREI5WVRLWEZsYnZrWGJHSEFXaFljYXlEVWtxNm5lYm9ob2RBd1NxSzljS0RyM2Jfbmlpbm94WE1mQ2hnWHg2a3hMVjYwbS00Rlh6bDIxM0libmpPYTV6RkxWekJDMTZ1V0pacGhQNk9nOEVfX0d5NVdFeE4tMDUyQlJJR2NKUXFjY09aY3puYjlCNFlTb0NyLWlIUnJvd3BSd9IBigJBVV95cUxOdWt5YzQxRUJNM0dLWEpvanRVTFMzNG1ibHY5SWxranp4R2hFYVNZMXo5UlpvTDdPX3JSZU0wMGRCOV9ITzl0LTc1bTl5blVfVEpGWG00V094OUJiWGxNNTJzbDhzeHY3emZyZGpONGktcjVPZ3daY0FSejF2c05RWHBSUEF2WFlKSmt3MTk1R0JzMlBvNGRtVUZzNjlWeFVjb2htQ2M5eTFSYktjeDZDUzBBZ1RTLVNvdC1JQm5oTl9TVVIycnM4dUMwaEt0NVdnZzFrU2RqZU1QNmhVX3JDLUZkZ21OeUI1aHVVT0tMYlI4RzJQbFpTU0pCZlQ2blZRSVpqd3AzZERoZw?oc=5\" target=\"_blank\" rel=\"nofollow noopener\">&#8216;Intelig\u00eancia artificial \u00e9 uma grande aliada no consumo de conte\u00fado na TV&#8217;, diz executivo da Samsung. Veja novidades<\/a>&nbsp;&nbsp;O Globo<\/li>\n<li><a href=\"https:\/\/news.google.com\/rss\/articles\/CBMitgFBVV95cUxNWmhIZkhKaEJ6a3lTYTN1bTlMRE44aEdWT1YyaEJNemt4Y3BQMG5iQkRjdVR6VFdGTExzOWRNY1FENUEzdHBNajhGVncxdGZNSGR1eFVScUZkS2RIQWRQbGE4MVNsbjRtdjM1X0VJa2xyZmJ1UGVtcnhjMWhUTnJmYnZyNFNkNE9ULXlpcUt2WmkxMjF0S3FHa0I1SG11QTd4MTlBSktQeWxqZDhzNElNSTJ3Z2FiQdIBuwFBVV95cUxQWXFmZU1wNXBYZE05ZjVvVmpNck5CcUtJUVZqY2RSVmU2OEhlTlFWM3NnMXlmVDFGMmV4WGdFTDJNRGtCQS1Bei0tamRTSlJjSU5mcXFPZDdTR0hiVHdSTm9IMnVkR01veXlEczgxQllubVFYMlFHSXZSZE9GanRQTGtKMXY3b0JHUWlKbV9CY1BDVUQxUFQ4MV92SGtLZ3FmWEJMb19DNEJsbmczUmwtenFFTW5YVmw3bWRv?oc=5\" target=\"_blank\" rel=\"nofollow noopener\">Samsung anuncia televis\u00e3o de mais de tr\u00eas metros, a maior do mercado<\/a>&nbsp;&nbsp;Folha de S.Paulo<\/li>\n<li><a href=\"https:\/\/news.google.com\/rss\/articles\/CBMioAFBVV95cUxNc3VfQ2xOV0tCMmpUcUtIYU40NXB2YlNSRHZCRlNxck4yTFlMY19FYlNSZFlUWUlOZ1lsR29LZ3pDUTZ2RWNDUlFqRmU2ajh6Y2lGZTU3ZjFXaFg2c1NEYlVhWms1czY5S1haTjF2SHRjaHBlNVhKcGVoSFdrQnpxcmdKREF0VVJscXRoemdLM1A2emtqTmdBOF8ycmQ1c1pL?oc=5\" target=\"_blank\" rel=\"nofollow noopener\">Samsung dobra aposta em celulares com AI \u2018on-device\u2019. Quem ganha \u00e9 o Google<\/a>&nbsp;&nbsp;Brazil Journal<\/li>\n<li><a href=\"https:\/\/news.google.com\/rss\/articles\/CBMioAFBVV95cUxPQjFHUFJvOVc5RFg0V3FCSDk4MUdsRXJ0QmVYNENBaXZsdEhILVBxS01Xc1ZWalZkUjJrNUljeVZyT0t6TEp1QWV1RWtrNEMzSEFraHN5UnBoM2EwblJzTEZiMFNQWkF5U3M5bV9MT3JDTHZBWG1Yb0tsVnlIbzlWZ01JYVJUc0pBWnBOMnhJVzJBaUU4MjhCVGQxRFU1UnR6?oc=5\" target=\"_blank\" rel=\"nofollow noopener\">Samsung apresenta TV Micro LED de 140 polegadas com bordas inspiradas em smartphone<\/a>&nbsp;&nbsp;TudoCelular.com<\/li>\n<li><a href=\"https:\/\/news.google.com\/rss\/articles\/CBMiqwFBVV95cUxNT3VWVXdfTEtJQmRPcUI0MzhVRXNBcjJRa19Fa2RodDZMRm10WjdQcGdrdThyYnZjUWRXX0hxbHRPSlYxLW9Mb19zQ05PcnNfb2kyX21adEN2VEo3STJUeGtkSElXUWlTeG4tS3BBYXBpdEhGSXB5VjUyWktWT21mOGdTdE9fZWN3dlduQTh4eHFYX1ZaaFlFdXBWMkJxLUZOTk9ZRzVTdTgtcjA?oc=5\" target=\"_blank\" rel=\"nofollow noopener\">Samsung mostra rob\u00f4 com tela OLED e mais solu\u00e7\u00f5es de display na CES 2026<\/a>&nbsp;&nbsp;Canaltech<\/li>\n<\/ol>\n","protected":false},"excerpt":{"rendered":"&#8216;Intelig\u00eancia artificial \u00e9 uma grande aliada no consumo de conte\u00fado na TV&#8217;, diz executivo da Samsung. Veja novidades&nbsp;&nbsp;O&hellip;\n","protected":false},"author":2,"featured_media":196976,"comment_status":"","ping_status":"","sticky":false,"template":"","format":"standard","meta":{"footnotes":""},"categories":[84],"tags":[109,107,108,32,33,105,103,104,106,110],"class_list":{"0":"post-219106","1":"post","2":"type-post","3":"status-publish","4":"format-standard","5":"has-post-thumbnail","7":"category-ciencia-e-tecnologia","8":"tag-ciencia","9":"tag-ciencia-e-tecnologia","10":"tag-cienciaetecnologia","11":"tag-portugal","12":"tag-pt","13":"tag-science","14":"tag-science-and-technology","15":"tag-scienceandtechnology","16":"tag-technology","17":"tag-tecnologia"},"share_on_mastodon":{"url":"https:\/\/pubeurope.com\/@pt\/115854154341438147","error":""},"_links":{"self":[{"href":"https:\/\/www.europesays.com\/pt\/wp-json\/wp\/v2\/posts\/219106","targetHints":{"allow":["GET"]}}],"collection":[{"href":"https:\/\/www.europesays.com\/pt\/wp-json\/wp\/v2\/posts"}],"about":[{"href":"https:\/\/www.europesays.com\/pt\/wp-json\/wp\/v2\/types\/post"}],"author":[{"embeddable":true,"href":"https:\/\/www.europesays.com\/pt\/wp-json\/wp\/v2\/users\/2"}],"replies":[{"embeddable":true,"href":"https:\/\/www.europesays.com\/pt\/wp-json\/wp\/v2\/comments?post=219106"}],"version-history":[{"count":0,"href":"https:\/\/www.europesays.com\/pt\/wp-json\/wp\/v2\/posts\/219106\/revisions"}],"wp:featuredmedia":[{"embeddable":true,"href":"https:\/\/www.europesays.com\/pt\/wp-json\/wp\/v2\/media\/196976"}],"wp:attachment":[{"href":"https:\/\/www.europesays.com\/pt\/wp-json\/wp\/v2\/media?parent=219106"}],"wp:term":[{"taxonomy":"category","embeddable":true,"href":"https:\/\/www.europesays.com\/pt\/wp-json\/wp\/v2\/categories?post=219106"},{"taxonomy":"post_tag","embeddable":true,"href":"https:\/\/www.europesays.com\/pt\/wp-json\/wp\/v2\/tags?post=219106"}],"curies":[{"name":"wp","href":"https:\/\/api.w.org\/{rel}","templated":true}]}}