{"id":219109,"date":"2026-01-07T13:55:06","date_gmt":"2026-01-07T13:55:06","guid":{"rendered":"https:\/\/www.europesays.com\/pt\/219109\/"},"modified":"2026-01-07T13:55:06","modified_gmt":"2026-01-07T13:55:06","slug":"meteorologia-depressao-goretti-traz-chuva-vento-forte-e-neve-a-serra-da-estrela-a-portugal-continental-expresso","status":"publish","type":"post","link":"https:\/\/www.europesays.com\/pt\/219109\/","title":{"rendered":"Meteorologia: depress\u00e3o Goretti traz chuva, vento forte e neve \u00e0 Serra da Estrela a Portugal continental &#8211; Expresso"},"content":{"rendered":"<ol>\n<li><a href=\"https:\/\/news.google.com\/rss\/articles\/CBMi-AFBVV95cUxOM0dLVVBEdDd0M3hrUEt0S0pTSFUyMFQwRUNHbFZMcHFVaXNMWmlvZ3EwZjZFazlXcXByYU9tT0NySVEzRG1XRldGZnMyT0xCR1BFRTNwdy02WjVURlRvMDkxN1V2VEVUUGhmR29oX0VwZm1PMW5RS1JNTk8xbXBObDZkUWdqMzBqcVRaTlY4Z2lTZjQxUlJDS0pJZ3FUMUFyR1NPYTVLbHhLOHBQOWlBNXcwNTVvSU9jcWF4WjJweTBENEhyd2tTVXVOdWYzQUZMTEkzeUlTOVBsZzRVb3JkN2lMak5GbWtyY2tmRXhIdDlZTWIyYmRIV9IB_gFBVV95cUxOQ0ZlZTJINkQxaWl2RlBHV2hhd3luT1I4TmFOVS1hc0lTNkY3VUdCM0VVb2EtMWZRRmJLMzZEa0lKREw2cHBtaEJKMTdQRHlpX01iYTd3aWxjaFZCLWh5dWFJS3N6MU85MW9IZ3UtajBIbDhaUmg0amc1S0txOUItVWp1SlJwVWFCQi1kc09oVEpRTktYelRvMnVQdm4yVWhVeE5veVE4RDhiNWxqYkU5QjZqdEg0VWV4aGFXeWs4Sm50SEptYTJGNVR1YnV6NUo5TF83R084Zi1VMG50Qzl4ZWYyS2RURE9ZS2x2b1RmYkg3UkZWSFR3dDdDUEQ5Zw?oc=5\" target=\"_blank\" rel=\"nofollow noopener\">Meteorologia: depress\u00e3o Goretti traz chuva, vento forte e neve \u00e0 Serra da Estrela a Portugal continental<\/a>&nbsp;&nbsp;Expresso<\/li>\n<li><a href=\"https:\/\/news.google.com\/rss\/articles\/CBMizgFBVV95cUxOZF96R2otOGZ2REpJT2ItRTFTWU5mUUVkenJ3UENyQ1owVjhnYV95VUVLOGxPN0J3YmtGc2VYUmdtUWZTOGEzdVBmRjFjdzVKbkZfb0RvV1YyeHlhX0tpLXFHOGFRZUFZMmtDUlJNdF9HN0lvZG5LVEhuRWRZdWRNLTlhb0JweHdteWVjVmRacFJUVDBvd1Q1bVA0dVFyNFRwb0t6bm92NDBQUWo2aU8yUTczTUhSNWJJNHZOUkVUWFA2RWxLWnBlOUlnRE1ZQQ?oc=5\" target=\"_blank\" rel=\"nofollow noopener\">Depress\u00e3o Goretti est\u00e1 a chegar&#8230; e traz chuva e neve para os pr\u00f3ximos dias<\/a>&nbsp;&nbsp;SIC Not\u00edcias<\/li>\n<li><a href=\"https:\/\/news.google.com\/rss\/articles\/CBMixAFBVV95cUxONE9LZ2dxT19xd3RJcGhuSm9hczVRM0ZrM21Na1M5cl82bnZFZ1JUWkZLdXU3bVYtNFVIcTJCc2VYcFBkb2RTdVFKUTg2VnlMZlpicThrZzZmQ2NQOC1Rdk1oZi02VUp6NGNzWlZaWC1rZnlYQTVTbGMxNHRSa3lPZEUtV2FnUjBlcW9yajkwZmpnTnJDSkxEdkNnY1Bud0RVV2tKWFF1c0VCQ2Rnc3lLeDlzRy11U2NfVHVOWFRVUnl1Z1Bx?oc=5\" target=\"_blank\" rel=\"nofollow noopener\">Informa\u00e7\u00e3o especial Comunicado v\u00e1lido entre 2026-01-06 18:16:00 e 2026-01-09 1\u2026<\/a>&nbsp;&nbsp;SAPO<\/li>\n<li><a href=\"https:\/\/news.google.com\/rss\/articles\/CBMijwFBVV95cUxQUWc2QXNOWjdlNGcyN2t4UHJLU3RiOHp5cjYtTEZiRDgyZmYzUkVEZVB2X2VLU1kyY1VTaDlleTdBU3hhbG5RdGVDRTFMLVN3MnBMU09KTWRKRXdLLV9pbTJPTWNTeXc4eXU3bUdad1lpYUEwWVR4LWNPcmVoSzZpNzhMQm10R2FEMmxsTDFmWQ?oc=5\" target=\"_blank\" rel=\"nofollow noopener\">Alto Minho: Aproxima-se nova tempestade (e j\u00e1 tem nome!)<\/a>&nbsp;&nbsp;R\u00e1dio Vale do Minho<\/li>\n<li><a href=\"https:\/\/news.google.com\/rss\/articles\/CBMivgFBVV95cUxNdDFJYmxRR2ZlSTJxaUpYN0I1M0gzVGhjOUlycDJCa0NuNXg5d29sT0FSeUc4MEtHNTE4UVdINzBIYnZ4VTZUdjdYT09iUVg4TzJHRzlHeHdsLVhZOTMzTWx3SnBHS3RISjdVRTE5WFdpRzFONFdfTmtSZEtIUTRWRTJvWGVfX2p3Q0lrT1l0MVNLS2JESVV4RThHZ2NwZmZFWEpoaVZXV25Zc3pLa2hJSWw4dmpIMDdTWHY5ZllR?oc=5\" target=\"_blank\" rel=\"nofollow noopener\">Depress\u00e3o Goretti traz chuva, vento forte e agita\u00e7\u00e3o mar\u00edtima na P\u00f3voa de Varzim e Vila do Conde<\/a>&nbsp;&nbsp;MAIS\/Seman\u00e1rio<\/li>\n<\/ol>\n","protected":false},"excerpt":{"rendered":"Meteorologia: depress\u00e3o Goretti traz chuva, vento forte e neve \u00e0 Serra da Estrela a Portugal continental&nbsp;&nbsp;Expresso Depress\u00e3o Goretti&hellip;\n","protected":false},"author":2,"featured_media":196976,"comment_status":"","ping_status":"","sticky":false,"template":"","format":"standard","meta":{"footnotes":""},"categories":[10],"tags":[27,28,15,16,14,25,26,21,22,12,13,19,20,32,23,24,33,17,18,29,30,31],"class_list":{"0":"post-219109","1":"post","2":"type-post","3":"status-publish","4":"format-standard","5":"has-post-thumbnail","7":"category-portugal","8":"tag-breaking-news","9":"tag-breakingnews","10":"tag-featured-news","11":"tag-featurednews","12":"tag-headlines","13":"tag-latest-news","14":"tag-latestnews","15":"tag-main-news","16":"tag-mainnews","17":"tag-news","18":"tag-noticias","19":"tag-noticias-principais","20":"tag-noticiasprincipais","21":"tag-portugal","22":"tag-principais-noticias","23":"tag-principaisnoticias","24":"tag-pt","25":"tag-top-stories","26":"tag-topstories","27":"tag-ultimas","28":"tag-ultimas-noticias","29":"tag-ultimasnoticias"},"share_on_mastodon":{"url":"https:\/\/pubeurope.com\/@pt\/115854162346581487","error":""},"_links":{"self":[{"href":"https:\/\/www.europesays.com\/pt\/wp-json\/wp\/v2\/posts\/219109","targetHints":{"allow":["GET"]}}],"collection":[{"href":"https:\/\/www.europesays.com\/pt\/wp-json\/wp\/v2\/posts"}],"about":[{"href":"https:\/\/www.europesays.com\/pt\/wp-json\/wp\/v2\/types\/post"}],"author":[{"embeddable":true,"href":"https:\/\/www.europesays.com\/pt\/wp-json\/wp\/v2\/users\/2"}],"replies":[{"embeddable":true,"href":"https:\/\/www.europesays.com\/pt\/wp-json\/wp\/v2\/comments?post=219109"}],"version-history":[{"count":0,"href":"https:\/\/www.europesays.com\/pt\/wp-json\/wp\/v2\/posts\/219109\/revisions"}],"wp:featuredmedia":[{"embeddable":true,"href":"https:\/\/www.europesays.com\/pt\/wp-json\/wp\/v2\/media\/196976"}],"wp:attachment":[{"href":"https:\/\/www.europesays.com\/pt\/wp-json\/wp\/v2\/media?parent=219109"}],"wp:term":[{"taxonomy":"category","embeddable":true,"href":"https:\/\/www.europesays.com\/pt\/wp-json\/wp\/v2\/categories?post=219109"},{"taxonomy":"post_tag","embeddable":true,"href":"https:\/\/www.europesays.com\/pt\/wp-json\/wp\/v2\/tags?post=219109"}],"curies":[{"name":"wp","href":"https:\/\/api.w.org\/{rel}","templated":true}]}}