{"id":219110,"date":"2026-01-07T13:56:12","date_gmt":"2026-01-07T13:56:12","guid":{"rendered":"https:\/\/www.europesays.com\/pt\/219110\/"},"modified":"2026-01-07T13:56:12","modified_gmt":"2026-01-07T13:56:12","slug":"sondagem-seguro-mantem-lideranca-mendes-continua-a-cair-observador","status":"publish","type":"post","link":"https:\/\/www.europesays.com\/pt\/219110\/","title":{"rendered":"Sondagem. Seguro mant\u00e9m lideran\u00e7a, Mendes continua a cair \u2013 Observador"},"content":{"rendered":"<p>Ant\u00f3nio Jos\u00e9 Seguro volta a aparecer em primeiro lugar na sondagem divulgada esta ter\u00e7a-feira pela\u00a0<a href=\"https:\/\/cnnportugal.iol.pt\/tracking-poll\/sondagens-presidenciais\/tracking-poll-dia-2-seguro-lidera-ventura-sobe-e-cotrim-agarra-gouveia-e-melo-mas-eleitores-acham-que-mendes-e-que-vai-ganhar\/20260106\/695d64fad34e92a344971073\" rel=\"nofollow noopener\" target=\"_blank\">CNN Portugal, TVI, JN e TSF<\/a>. No inqu\u00e9rito feito pela Pitag\u00f3rica, o candidato apoiado pelo PS passa de 19,3% das inten\u00e7\u00f5es de voto para 20,7%, refor\u00e7ando a lideran\u00e7a, seguido por Andr\u00e9 Ventura (18,4%) e Henrique Gouveia e Melo (18,3%), que trocam de posi\u00e7\u00e3o relativamente \u00e0 <a href=\"https:\/\/observador.pt\/2026\/01\/05\/antonio-jose-seguro-sobe-para-a-lideranca-e-marques-mendes-cai-para-quinto-lugar-em-nova-sondagem\/\" rel=\"nofollow noopener\" target=\"_blank\">sondagem publicada na segunda-feira<\/a>.<\/p>\n<p>Para al\u00e9m de Seguro, tamb\u00e9m Jo\u00e3o Cotrim de Figueiredo\u00a0 sobe (18,3%) e que passa agora a estar com a mesma percentagem de inten\u00e7\u00f5es de voto que o almirante. O quinto lugar continua a pertencer a Lu\u00eds Marques Mendes, com uma ligeira queda (15,1%) desde os n\u00fameros divulgados na primeira sondagem em campanha. J\u00e1 Ant\u00f3nio Filipe ultrapassa Catarina Martins.<\/p>\n<p>No final da tabela, o candidato apoiado pelo Livre, Jorge Pinto, caiu ligeiramente e agora encontra-se empatado com Manuel Jo\u00e3o Vieira.<\/p>\n<ol>\n<li>Ant\u00f3nio Jos\u00e9 Seguro (20,7%)<\/li>\n<li>Andr\u00e9 Ventura (18,4%)<\/li>\n<li>Henrique Gouveia e Melo (18,3%)<\/li>\n<li>Jo\u00e3o Cotrim de Figueiredo (18,3%)<\/li>\n<li>Lu\u00eds Marques Mendes (15,1%)<\/li>\n<li>Ant\u00f3nio Filipe (3,5%)<\/li>\n<li>Catarina Martins (2,9%)<\/li>\n<li>Jorge Pinto (1,3%)<\/li>\n<li>Manuel Jo\u00e3o Vieira (1,3%)<\/li>\n<\/ol>\n<p>Para os resultados que conhecidos esta segunda-feira, foi recolhida uma amostra de 608 entrevistas durante os dias 3, 4 e 5 de janeiro de 2026, com um grau de confian\u00e7a de 95,5%, o que corresponde a uma margem de erro m\u00e1xima de \u00b14,06%.<\/p>\n<p><a href=\"https:\/\/observador.pt\/interativo\/radar-das-sondagens-presidenciais-2026-quem-vai-a-frente\/\" rel=\"nofollow noopener\" target=\"_blank\">No radar das sondagens do Observador<\/a>\u00a0pode consultar a estimativa de cada candidato presidencial tendo em conta todas as sondagens divulgadas em \u00f3rg\u00e3os de comunica\u00e7\u00e3o social.<\/p>\n<blockquote class=\"wp-embedded-content\" data-secret=\"Er2ZZFNURD\">\n<p><a href=\"https:\/\/observador.pt\/interativo\/radar-das-sondagens-presidenciais-2026-quem-vai-a-frente\/\" rel=\"nofollow noopener\" target=\"_blank\">Radar das Sondagens Presidenciais 2026. Quem est\u00e1 \u00e0 frente?<\/a><\/p>\n<\/blockquote>\n","protected":false},"excerpt":{"rendered":"Ant\u00f3nio Jos\u00e9 Seguro volta a aparecer em primeiro lugar na sondagem divulgada esta ter\u00e7a-feira pela\u00a0CNN Portugal, TVI, JN&hellip;\n","protected":false},"author":2,"featured_media":219111,"comment_status":"","ping_status":"","sticky":false,"template":"","format":"standard","meta":{"footnotes":""},"categories":[8],"tags":[27,28,1077,15,16,14,25,26,21,22,12,13,19,20,302,32,1076,23,24,33,58,7585,17,18,29,30,31],"class_list":{"0":"post-219110","1":"post","2":"type-post","3":"status-publish","4":"format-standard","5":"has-post-thumbnail","7":"category-principais-noticias","8":"tag-breaking-news","9":"tag-breakingnews","10":"tag-eleiu00e7u00f5es","11":"tag-featured-news","12":"tag-featurednews","13":"tag-headlines","14":"tag-latest-news","15":"tag-latestnews","16":"tag-main-news","17":"tag-mainnews","18":"tag-news","19":"tag-noticias","20":"tag-noticias-principais","21":"tag-noticiasprincipais","22":"tag-polu00edtica","23":"tag-portugal","24":"tag-presidenciais-2026","25":"tag-principais-noticias","26":"tag-principaisnoticias","27":"tag-pt","28":"tag-sociedade","29":"tag-sondagens","30":"tag-top-stories","31":"tag-topstories","32":"tag-ultimas","33":"tag-ultimas-noticias","34":"tag-ultimasnoticias"},"share_on_mastodon":{"url":"https:\/\/pubeurope.com\/@pt\/115854166226222674","error":""},"_links":{"self":[{"href":"https:\/\/www.europesays.com\/pt\/wp-json\/wp\/v2\/posts\/219110","targetHints":{"allow":["GET"]}}],"collection":[{"href":"https:\/\/www.europesays.com\/pt\/wp-json\/wp\/v2\/posts"}],"about":[{"href":"https:\/\/www.europesays.com\/pt\/wp-json\/wp\/v2\/types\/post"}],"author":[{"embeddable":true,"href":"https:\/\/www.europesays.com\/pt\/wp-json\/wp\/v2\/users\/2"}],"replies":[{"embeddable":true,"href":"https:\/\/www.europesays.com\/pt\/wp-json\/wp\/v2\/comments?post=219110"}],"version-history":[{"count":0,"href":"https:\/\/www.europesays.com\/pt\/wp-json\/wp\/v2\/posts\/219110\/revisions"}],"wp:featuredmedia":[{"embeddable":true,"href":"https:\/\/www.europesays.com\/pt\/wp-json\/wp\/v2\/media\/219111"}],"wp:attachment":[{"href":"https:\/\/www.europesays.com\/pt\/wp-json\/wp\/v2\/media?parent=219110"}],"wp:term":[{"taxonomy":"category","embeddable":true,"href":"https:\/\/www.europesays.com\/pt\/wp-json\/wp\/v2\/categories?post=219110"},{"taxonomy":"post_tag","embeddable":true,"href":"https:\/\/www.europesays.com\/pt\/wp-json\/wp\/v2\/tags?post=219110"}],"curies":[{"name":"wp","href":"https:\/\/api.w.org\/{rel}","templated":true}]}}