{"id":219112,"date":"2026-01-07T13:57:14","date_gmt":"2026-01-07T13:57:14","guid":{"rendered":"https:\/\/www.europesays.com\/pt\/219112\/"},"modified":"2026-01-07T13:57:14","modified_gmt":"2026-01-07T13:57:14","slug":"mc-guime-descobre-condicao-da-filha-recem-nascida-e-desabafa-muito-esforco","status":"publish","type":"post","link":"https:\/\/www.europesays.com\/pt\/219112\/","title":{"rendered":"MC Guim\u00ea descobre condi\u00e7\u00e3o da filha rec\u00e9m-nascida e desabafa: &#8216;Muito esfor\u00e7o&#8217;"},"content":{"rendered":"<p>\n                        Sa\u00fade da herdeira! MC Guim\u00ea descobre condi\u00e7\u00e3o da filha rec\u00e9m-nascida e desabafa nas redes sociais; veja\n                    <\/p>\n<ul class=\"article__header__author\">\n<li class=\"article__header__author__item\">\n                                                Por:<br \/>\n                                                                                    Felipe Gatto \/ Contigo\n                                                                        <\/li>\n<\/ul>\n<p class=\"text\">Susto em casa! O cantor <strong>MC Guim\u00ea<\/strong> abriu o cora\u00e7\u00e3o e desabafou, nesta \u00faltima ter\u00e7a-feira (6\/1), que a filha, <strong>Yarin<\/strong>, de menos de um m\u00eas, foi recentemente diagnosticada com APLV (Alergia \u00e0 Prote\u00edna do Leite de Vaca).<\/p>\n<p><img loading=\"lazy\" decoding=\"async\" alt=\"MC Guim\u00ea\" class=\"img-192ba9be0ddda10e0c00d0d9ef53556c3qrt2qn4\" height=\"435\" src=\"https:\/\/www.europesays.com\/pt\/wp-content\/uploads\/2026\/01\/1094700413-mc-guime.jpg\"  title=\"MC Guim\u00ea\" width=\"774\"\/><\/p>\n<p>MC Guim\u00ea<\/p>\n<p>Foto: Reprodu\u00e7\u00e3o\/ Instagram \/ Contigo<\/p>\n<p class=\"text\">O famoso funkeiro e ex-BBB surgiu nas redes sociais dele ao lado da noiva, <strong>Fernanda Stroschein<\/strong>, m\u00e3e da beb\u00ea, para falar sobre a condi\u00e7\u00e3o de sa\u00fade que atinge a garotinha rec\u00e9m-nascida que preocupou bastante a fam\u00edlia nos \u00faltimos dias.<\/p>\n<p class=\"text\">Segundo o casal, os primeiros sintomas come\u00e7aram na semana. Yarin apresentou irrita\u00e7\u00e3o, pele avermelhada, c\u00f3licas e evacua\u00e7\u00e3o com sangue. &#8220;Ela estava fazendo muito esfor\u00e7o para evacua\u00e7\u00e3o, e foi a\u00ed que a gente ficou muito preocupado. Logo em seguida, entramos em contato com a m\u00e9dica dela&#8221;, disseram eles.<\/p>\n<p class=\"text\">&#8220;N\u00e3o \u00e9 brincadeira essa alergia \u00e0 prote\u00edna do leite. A APLV tem v\u00e1rios n\u00edveis, e infelizmente os sintomas dela n\u00e3o melhoravam e intensificaram&#8221;, confirmou o m\u00fasico, que alterou a rotina alimentar da crian\u00e7a e recorreu a uma f\u00f3rmula especifica para beb\u00eas portadores da condi\u00e7\u00e3o: &#8220;Nossa menina apresentou muita melhora. Est\u00e1 muito em paz, bem. Se alimentou bem, pegou bem a nova f\u00f3rmula, est\u00e1 sorrindo&#8221;.<\/p>\n<p>Como a beb\u00ea est\u00e1 agora?<\/p>\n<p class=\"text\">Agora, a filha dos dois passa bem. A herdeira de Guim\u00ea e Fernanda nasceu no dia 8 de dezembro, na cidade de S\u00e3o Paulo, e \u00e9 a primeira filha do casal. O nome escolhido pelos papais, de origem hebraica, significa &#8220;aquela que entende e ouve&#8221;.<\/p>\n<p class=\"text\">O que \u00e9 essa condi\u00e7\u00e3o? A Alergia \u00e0 Prote\u00edna do Leite de Vaca \u00e9 uma das alergias alimentares mais comuns entre crian\u00e7as rec\u00e9m-nascidas. Isso oocorre por uma altera\u00e7\u00e3o no sistema imunol\u00f3gico deles, respons\u00e1vel por combater subst\u00e2ncias nocivas ao organismo. Nas alergias alimentares, a defesa identifica erroneamente alguns componentes e produz uma resposta equivocada \u2014 neste caso, as prote\u00ednas do leite da vaca.<\/p>\n<p class=\"text\">Apesar do susto, a APLV, tamb\u00e9m conhecida como alergia ao leite de vaca (ALV), \u00e9 um diagn\u00f3stico diferente da intoler\u00e2ncia \u00e0 lactose. Ao contr\u00e1rio da alergia, a intoler\u00e2ncia n\u00e3o tem rela\u00e7\u00e3o com o sistema imunol\u00f3gico e \u00e9 marcada por uma incapacidade de digerir corretamente tanto a lactose, como o a\u00e7\u00facar encontrado no leite de vaca.<\/p>\n<p>Veja mais:<\/p>\n<blockquote class=\"instagram-media\" data-instgrm-captioned=\"\" data-instgrm-permalink=\"https:\/\/www.instagram.com\/reel\/DTJZKQ8jQGs\/?utm_source=ig_embed&amp;utm_campaign=loading\" data-instgrm-version=\"14\" style=\"background: #FFF; border: 0; border-radius: 3px; box-shadow: 0 0 1px 0 rgba(0,0,0,0.5),0 1px 10px 0 rgba(0,0,0,0.15); margin: 1px; max-width: 540px; min-width: 326px; padding: 0; width: calc(100% - 2px);\">\n<p>     Ver essa foto no Instagram <\/p>\n<p class=\"text\" style=\"color: #c9c8cd; font-family: Arial,sans-serif; font-size: 14px; line-height: 17px; margin-bottom: 0; margin-top: 8px; overflow: hidden; padding: 8px 0 7px; text-align: center; text-overflow: ellipsis; white-space: nowrap;\"><a href=\"https:\/\/www.instagram.com\/reel\/DTJZKQ8jQGs\/?utm_source=ig_embed&amp;utm_campaign=loading\" rel=\"noopener nofollow\" style=\"color: #c9c8cd; font-family: Arial,sans-serif; font-size: 14px; font-style: normal; font-weight: normal; line-height: 17px; text-decoration: none;\" target=\"_blank\">Um post compartilhado por MC GUIME (@mcguime)<\/a><\/p>\n<\/blockquote>\n<p>                            <script async src=\"\/\/www.instagram.com\/embed.js\"><\/script><\/p>\n","protected":false},"excerpt":{"rendered":"Sa\u00fade da herdeira! MC Guim\u00ea descobre condi\u00e7\u00e3o da filha rec\u00e9m-nascida e desabafa nas redes sociais; veja Por: Felipe&hellip;\n","protected":false},"author":2,"featured_media":219113,"comment_status":"","ping_status":"","sticky":false,"template":"","format":"standard","meta":{"footnotes":""},"categories":[145],"tags":[211,210,114,115,32,33],"class_list":{"0":"post-219112","1":"post","2":"type-post","3":"status-publish","4":"format-standard","5":"has-post-thumbnail","7":"category-celebridades","8":"tag-celebridades","9":"tag-celebrities","10":"tag-entertainment","11":"tag-entretenimento","12":"tag-portugal","13":"tag-pt"},"share_on_mastodon":{"url":"https:\/\/pubeurope.com\/@pt\/115854170022131711","error":""},"_links":{"self":[{"href":"https:\/\/www.europesays.com\/pt\/wp-json\/wp\/v2\/posts\/219112","targetHints":{"allow":["GET"]}}],"collection":[{"href":"https:\/\/www.europesays.com\/pt\/wp-json\/wp\/v2\/posts"}],"about":[{"href":"https:\/\/www.europesays.com\/pt\/wp-json\/wp\/v2\/types\/post"}],"author":[{"embeddable":true,"href":"https:\/\/www.europesays.com\/pt\/wp-json\/wp\/v2\/users\/2"}],"replies":[{"embeddable":true,"href":"https:\/\/www.europesays.com\/pt\/wp-json\/wp\/v2\/comments?post=219112"}],"version-history":[{"count":0,"href":"https:\/\/www.europesays.com\/pt\/wp-json\/wp\/v2\/posts\/219112\/revisions"}],"wp:featuredmedia":[{"embeddable":true,"href":"https:\/\/www.europesays.com\/pt\/wp-json\/wp\/v2\/media\/219113"}],"wp:attachment":[{"href":"https:\/\/www.europesays.com\/pt\/wp-json\/wp\/v2\/media?parent=219112"}],"wp:term":[{"taxonomy":"category","embeddable":true,"href":"https:\/\/www.europesays.com\/pt\/wp-json\/wp\/v2\/categories?post=219112"},{"taxonomy":"post_tag","embeddable":true,"href":"https:\/\/www.europesays.com\/pt\/wp-json\/wp\/v2\/tags?post=219112"}],"curies":[{"name":"wp","href":"https:\/\/api.w.org\/{rel}","templated":true}]}}