{"id":219118,"date":"2026-01-07T14:03:07","date_gmt":"2026-01-07T14:03:07","guid":{"rendered":"https:\/\/www.europesays.com\/pt\/219118\/"},"modified":"2026-01-07T14:03:07","modified_gmt":"2026-01-07T14:03:07","slug":"futsal-os-convocados-de-portugal-para-o-euro-2026","status":"publish","type":"post","link":"https:\/\/www.europesays.com\/pt\/219118\/","title":{"rendered":"Futsal: os convocados de Portugal para o Euro 2026"},"content":{"rendered":"<p style=\"text-align: justify;\">O selecionador nacional de futsal, Jorge Braz, anunciou esta quarta-feira os convocados para o Euro 2026, que se realiza entre 21 de janeiro e 7 de fevereiro na Eslov\u00e9nia, na Let\u00f3nia e na Litu\u00e2nia.<\/p>\n<p><strong>Guarda-redes: <\/strong>Ed\u00fa e Bernardo Pa\u00e7\u00f3:<br \/><strong>Fixo:<\/strong> Andr\u00e9 Coelho e Tom\u00e1s Pa\u00e7\u00f3;<br \/><strong>Ala:<\/strong> Afonso Jesus, Pany Varela, Bruno Coelho, Edmilson S\u00e1, Pauleta, Luciano Rocha e Tiago Brito;<br \/><strong>Universal:<\/strong> Diogo Santos e Erick Mendon\u00e7a;<br \/><strong>Piv\u00f4: <\/strong>R\u00faben G\u00f3is.<\/p>\n<p>De notar as aus\u00eancias de Zicky T\u00e9, lesionado, e Jo\u00e3o Matos, que tamb\u00e9m tem lidado com problemas f\u00edsicos e j\u00e1 tinha estado afastado dos \u00faltimos est\u00e1gios. <\/p>\n<p>Em sentido contr\u00e1rio, a grande novidade \u00e9 a chamada de R\u00faben G\u00f3is, piv\u00f4 do Rio Ave. Al\u00e9m do jogador de 24 anos, Bernardo Pa\u00e7\u00f3 e Diogo Santos s\u00e3o os jogadores que v\u00e3o estrear-se em fases finais. <\/p>\n<p style=\"text-align: justify;\">A Sele\u00e7\u00e3o Nacional, bicampe\u00e3 europeia, integra o Grupo D, com It\u00e1lia, Pol\u00f3nia e Hungria, e vai jogar na Eslov\u00e9nia, pa\u00eds do qual guarda as melhores recorda\u00e7\u00f5es, ou n\u00e3o fosse o ber\u00e7o do primeiro t\u00edtulo Europeu do futsal portugu\u00eas, em 2018.<\/p>\n<p>O primeiro jogo de Portugal no Europeu \u00e9 contra It\u00e1lia, a 24 de janeiro (13h30). Na 2.\u00aa jornada defronta a Hungria, a 27 de janeiro (16h30) e finaliza a fase de grupos diante da Pol\u00f3nia, a 29 de janeiro (19h30).<\/p>\n","protected":false},"excerpt":{"rendered":"O selecionador nacional de futsal, Jorge Braz, anunciou esta quarta-feira os convocados para o Euro 2026, que se&hellip;\n","protected":false},"author":2,"featured_media":193998,"comment_status":"","ping_status":"","sticky":false,"template":"","format":"standard","meta":{"footnotes":""},"categories":[87],"tags":[135,32,33,134],"class_list":{"0":"post-219118","1":"post","2":"type-post","3":"status-publish","4":"format-standard","5":"has-post-thumbnail","7":"category-desporto","8":"tag-desporto","9":"tag-portugal","10":"tag-pt","11":"tag-sports"},"share_on_mastodon":{"url":"https:\/\/pubeurope.com\/@pt\/115854193714309220","error":""},"_links":{"self":[{"href":"https:\/\/www.europesays.com\/pt\/wp-json\/wp\/v2\/posts\/219118","targetHints":{"allow":["GET"]}}],"collection":[{"href":"https:\/\/www.europesays.com\/pt\/wp-json\/wp\/v2\/posts"}],"about":[{"href":"https:\/\/www.europesays.com\/pt\/wp-json\/wp\/v2\/types\/post"}],"author":[{"embeddable":true,"href":"https:\/\/www.europesays.com\/pt\/wp-json\/wp\/v2\/users\/2"}],"replies":[{"embeddable":true,"href":"https:\/\/www.europesays.com\/pt\/wp-json\/wp\/v2\/comments?post=219118"}],"version-history":[{"count":0,"href":"https:\/\/www.europesays.com\/pt\/wp-json\/wp\/v2\/posts\/219118\/revisions"}],"wp:featuredmedia":[{"embeddable":true,"href":"https:\/\/www.europesays.com\/pt\/wp-json\/wp\/v2\/media\/193998"}],"wp:attachment":[{"href":"https:\/\/www.europesays.com\/pt\/wp-json\/wp\/v2\/media?parent=219118"}],"wp:term":[{"taxonomy":"category","embeddable":true,"href":"https:\/\/www.europesays.com\/pt\/wp-json\/wp\/v2\/categories?post=219118"},{"taxonomy":"post_tag","embeddable":true,"href":"https:\/\/www.europesays.com\/pt\/wp-json\/wp\/v2\/tags?post=219118"}],"curies":[{"name":"wp","href":"https:\/\/api.w.org\/{rel}","templated":true}]}}