{"id":219123,"date":"2026-01-07T14:11:10","date_gmt":"2026-01-07T14:11:10","guid":{"rendered":"https:\/\/www.europesays.com\/pt\/219123\/"},"modified":"2026-01-07T14:11:10","modified_gmt":"2026-01-07T14:11:10","slug":"marques-recusas-de-oficiosas-vai-emperrar-julgamento-observador","status":"publish","type":"post","link":"https:\/\/www.europesays.com\/pt\/219123\/","title":{"rendered":"Marqu\u00eas. Recusas de oficiosas vai emperrar julgamento? \u2013 Observador"},"content":{"rendered":"<p>A doen\u00e7a, e consequente <a href=\"https:\/\/observador.pt\/2026\/01\/05\/saude-do-novo-advogado-de-socrates-coloca-em-risco-o-regresso-das-sessoes-de-julgamento\/\" rel=\"nofollow noopener\" target=\"_blank\">hospitaliza\u00e7\u00e3o de Jos\u00e9 Preto nos \u00faltimos dias de dezembro<\/a>, levaram a novos epis\u00f3dios caricatos na Opera\u00e7\u00e3o Marqu\u00eas com os advogados oficiosos. Depois de o advogado Jos\u00e9 Ramos (que \u00e9 invisual) ter aceite o patroc\u00ednio de Jos\u00e9 S\u00f3crates perante a desist\u00eancia de Pedro Delille, foi a vez de duas advogadas oficiosas terem recusado defender o ex-primeiro-ministro.<\/p>\n<p>A advogada In\u00eas Louro conseguiu levar a sua \u201cobje\u00e7\u00e3o de consci\u00eancia\u201d avante, mas a sua colega Ana Velho n\u00e3o teve a mesma sorte. Bem tentou alegar falta de condi\u00e7\u00f5es mas a juiza presidente afastou os argumentos para uma dispensa imediata e deu um prazo de cinco dias para a caus\u00eddica consultar o processo.<\/p>\n<blockquote class=\"wp-embedded-content\" data-secret=\"iEvkt5oGQ7\">\n<p><a href=\"https:\/\/observador.pt\/2026\/01\/06\/operacao-marques-juiza-volta-a-nomear-defensor-oficioso-para-representar-jose-socrates-na-audiencia\/\" rel=\"nofollow noopener\" target=\"_blank\">Marqu\u00eas. Segunda advogada oficiosa tentou dispensa de representar S\u00f3crates, mas fica por cinco dias. Julgamento s\u00f3 volta no dia 13<\/a><\/p>\n<\/blockquote>\n<p>O Observador explica-lhe o que aconteceu \u2014 e as consequ\u00eancias para o futuro dos autos da Opera\u00e7\u00e3o Marqu\u00eas \u2014 em nove perguntas e respostas, sendo que h\u00e1 uma pergunta que (ainda) n\u00e3o tem resposta. O que acontecer\u00e1 mais no julgamento da Opera\u00e7\u00e3o Marqu\u00eas?<\/p>\n<p>O julgamento da Opera\u00e7\u00e3o Marqu\u00eas esteve interrompido durante cerca de dois meses devido \u00e0 sa\u00edda de Pedro Delille da defesa de Jos\u00e9 S\u00f3crates. O ex-primeiro-ministro indicou Jos\u00e9 Preto\u00a0como sucessor de Delille e o recome\u00e7o do julgamento foi calendarizado para esta ter\u00e7a-feira.<\/p>\n<p>Contudo, e tal como o <a href=\"https:\/\/observador.pt\/2026\/01\/05\/saude-do-novo-advogado-de-socrates-coloca-em-risco-o-regresso-das-sessoes-de-julgamento\/\" rel=\"nofollow noopener\" target=\"_blank\">Observador informou em primeira m\u00e3o<\/a>, Jos\u00e9 Preto foi internado no Hospital de Santa Maria no dia 27 de dezembro, tendo sido diagnosticada uma pneumonia. O advogado de S\u00f3crates informou os autos da sua condi\u00e7\u00e3o cl\u00ednica no dia 3 de janeiro, tendo sugerido um adiamento da audi\u00eancia de julgamento. A ju\u00edza presidente Susana Seca anunciou esta manh\u00e3 que, em vez do adiamento, iria nomear um advogado oficioso \u2014 tendo sido designada In\u00eas Louro.<\/p>\n<blockquote class=\"wp-embedded-content\" data-secret=\"9pxH25EAyn\">\n<p><a href=\"https:\/\/observador.pt\/2026\/01\/05\/saude-do-novo-advogado-de-socrates-coloca-em-risco-o-regresso-das-sessoes-de-julgamento\/\" rel=\"nofollow noopener\" target=\"_blank\">Julgamento da Opera\u00e7\u00e3o Marqu\u00eas deve mesmo ser retomado ter\u00e7a-feira, apesar do internamento do advogado de S\u00f3crates<\/a><\/p>\n<\/blockquote>\n<p>A advogada oficiosa alegou \u201cobje\u00e7\u00e3o de consci\u00eancia\u201d por ser militante do Chega \u2014 e eleita vereadora para a C\u00e2mara Municipal da Azambuja. Aos jornalistas, In\u00eas Louro acrescentou: \u201cJ\u00e1 me pronunciei muito criticamente sobre Jos\u00e9 S\u00f3crates e por isso renunciei por obje\u00e7\u00e3o de consci\u00eancia\u201d.<\/p>\n<p>Curiosamente, a advogada foi militante do PS durante 31 anos, liderou as Mulheres Socialistas da Azambuja e presidiu \u00e0 Junta de Freguesia daquela localidade tamb\u00e9m pelo PS, at\u00e9 se incompatibilizar com o partido e abandonar em abril de 2021. Numa entrevista publicada h\u00e1 15 anos no jornal\u00a0O Mirante, In\u00eas Louro chegou at\u00e9 a confessar a sua admira\u00e7\u00e3o por Jos\u00e9 S\u00f3crates. \u201cGostava de conhecer melhor Jos\u00e9 S\u00f3crates. Tenho-o como uma pessoa inteligente, competente e com uma personalidade forte\u201c, declarou ent\u00e3o a advogada.<\/p>\n<p>Na verdade, mais do que uma verdadeira \u201cobje\u00e7\u00e3o de consci\u00eancia\u201d (por raz\u00f5es pol\u00edticas) \u2014 como ocorre noutras \u00e1reas, como nos militares ou nos m\u00e9dicos \u2014, aquilo que ocorreu foi o suscitar de circunst\u00e2ncias p\u00fablicas que, na \u00f3tica de In\u00eas Louro, comprometiam o exerc\u00edcio pleno da defesa do arguido.<\/p>\n<p>O Tribunal foi obrigado a chamar um segundo oficioso que estava escalado pela Ordem dos Advogados, tendo sido designada Ana Velho \u2014 que n\u00e3o alegou obje\u00e7\u00e3o de consci\u00eancia, mas sim falta de condi\u00e7\u00f5es para exercer a defesa de Jos\u00e9 S\u00f3crates.<\/p>\n<p>\u201cTeria todo o prazer de patrocinar Jos\u00e9 S\u00f3crates, mas \u00e9 completamente imposs\u00edvel\u00a0representar um arguido que nem est\u00e1 c\u00e1. Com a complexidade do processo, tamb\u00e9m n\u00e3o estou em condi\u00e7\u00f5es de pedir uma hora ou duas para consultar o processo e sinto que tamb\u00e9m n\u00e3o posso prejudicar a defesa. Compreendendo as raz\u00f5es, por quest\u00f5es pr\u00e1ticas e ilegais, pe\u00e7o a dispensa do patroc\u00ednio\u201d, afirmou.<\/p>\n","protected":false},"excerpt":{"rendered":"A doen\u00e7a, e consequente hospitaliza\u00e7\u00e3o de Jos\u00e9 Preto nos \u00faltimos dias de dezembro, levaram a novos epis\u00f3dios caricatos&hellip;\n","protected":false},"author":2,"featured_media":219124,"comment_status":"","ping_status":"","sticky":false,"template":"","format":"standard","meta":{"footnotes":""},"categories":[10],"tags":[27,28,32355,15,16,14,300,25,26,21,22,12,13,19,20,24429,32,23,24,33,17,18,29,30,31],"class_list":{"0":"post-219123","1":"post","2":"type-post","3":"status-publish","4":"format-standard","5":"has-post-thumbnail","7":"category-portugal","8":"tag-breaking-news","9":"tag-breakingnews","10":"tag-caso-josu00e9-su00f3crates","11":"tag-featured-news","12":"tag-featurednews","13":"tag-headlines","14":"tag-justiu00e7a","15":"tag-latest-news","16":"tag-latestnews","17":"tag-main-news","18":"tag-mainnews","19":"tag-news","20":"tag-noticias","21":"tag-noticias-principais","22":"tag-noticiasprincipais","23":"tag-operau00e7u00e3o-marquu00eas","24":"tag-portugal","25":"tag-principais-noticias","26":"tag-principaisnoticias","27":"tag-pt","28":"tag-top-stories","29":"tag-topstories","30":"tag-ultimas","31":"tag-ultimas-noticias","32":"tag-ultimasnoticias"},"share_on_mastodon":{"url":"https:\/\/pubeurope.com\/@pt\/115854225204508378","error":""},"_links":{"self":[{"href":"https:\/\/www.europesays.com\/pt\/wp-json\/wp\/v2\/posts\/219123","targetHints":{"allow":["GET"]}}],"collection":[{"href":"https:\/\/www.europesays.com\/pt\/wp-json\/wp\/v2\/posts"}],"about":[{"href":"https:\/\/www.europesays.com\/pt\/wp-json\/wp\/v2\/types\/post"}],"author":[{"embeddable":true,"href":"https:\/\/www.europesays.com\/pt\/wp-json\/wp\/v2\/users\/2"}],"replies":[{"embeddable":true,"href":"https:\/\/www.europesays.com\/pt\/wp-json\/wp\/v2\/comments?post=219123"}],"version-history":[{"count":0,"href":"https:\/\/www.europesays.com\/pt\/wp-json\/wp\/v2\/posts\/219123\/revisions"}],"wp:featuredmedia":[{"embeddable":true,"href":"https:\/\/www.europesays.com\/pt\/wp-json\/wp\/v2\/media\/219124"}],"wp:attachment":[{"href":"https:\/\/www.europesays.com\/pt\/wp-json\/wp\/v2\/media?parent=219123"}],"wp:term":[{"taxonomy":"category","embeddable":true,"href":"https:\/\/www.europesays.com\/pt\/wp-json\/wp\/v2\/categories?post=219123"},{"taxonomy":"post_tag","embeddable":true,"href":"https:\/\/www.europesays.com\/pt\/wp-json\/wp\/v2\/tags?post=219123"}],"curies":[{"name":"wp","href":"https:\/\/api.w.org\/{rel}","templated":true}]}}