{"id":219131,"date":"2026-01-07T14:17:08","date_gmt":"2026-01-07T14:17:08","guid":{"rendered":"https:\/\/www.europesays.com\/pt\/219131\/"},"modified":"2026-01-07T14:17:08","modified_gmt":"2026-01-07T14:17:08","slug":"wagner-moura-e-homenageado-por-lupita-nyongo-ao-vencer-premio-em-ny","status":"publish","type":"post","link":"https:\/\/www.europesays.com\/pt\/219131\/","title":{"rendered":"Wagner Moura \u00e9 homenageado por Lupita Nyong\u2019o ao vencer pr\u00eamio em NY"},"content":{"rendered":"<p data-end=\"94\" data-start=\"0\" class=\"bullet mt-0\" data-v-232111b4=\"\">Wagner Moura, 49, venceu pr\u00eamio como melhor ator por &#8220;Agente Secreto&#8221; pela Associa\u00e7\u00e3o dos Cr\u00edticos de Nova York.<\/p>\n<p>O que aconteceu<\/p>\n<p data-end=\"449\" data-start=\"119\" class=\"bullet\" data-v-232111b4=\"\"><strong>O ator ganhou um discurso da atriz vencedora do Oscar Lupita Nyong&#8217;o ao receber o pr\u00eamio de atua\u00e7\u00e3o.<\/strong> O diretor do filme, Kleber Mendon\u00e7a Filho, compartilhou registros da noite de ontem em seu Instagram. O longa tamb\u00e9m venceu o pr\u00eamio de melhor filme internacional. Ambos os pr\u00eamios j\u00e1 haviam sido anunciados em dezembro de 2025.<\/p>\n<p data-end=\"673\" data-start=\"451\" class=\"bullet\" data-v-232111b4=\"\">A atua\u00e7\u00e3o dele \u00e9 extraordin\u00e1ria&#8230; Por meio de uma resili\u00eancia silenciosa e de uma bela sutileza, ele ilumina o que significa abra\u00e7ar a nossa hist\u00f3ria <strong>Lupita Nyong&#8217;o, segundo o Gold Derby<\/strong><\/p>\n","protected":false},"excerpt":{"rendered":"Wagner Moura, 49, venceu pr\u00eamio como melhor ator por &#8220;Agente Secreto&#8221; pela Associa\u00e7\u00e3o dos Cr\u00edticos de Nova York.&hellip;\n","protected":false},"author":2,"featured_media":219132,"comment_status":"","ping_status":"","sticky":false,"template":"","format":"standard","meta":{"footnotes":""},"categories":[141],"tags":[114,115,149,150,32,33],"class_list":{"0":"post-219131","1":"post","2":"type-post","3":"status-publish","4":"format-standard","5":"has-post-thumbnail","7":"category-musica","8":"tag-entertainment","9":"tag-entretenimento","10":"tag-music","11":"tag-musica","12":"tag-portugal","13":"tag-pt"},"share_on_mastodon":{"url":"https:\/\/pubeurope.com\/@pt\/115854248754035738","error":""},"_links":{"self":[{"href":"https:\/\/www.europesays.com\/pt\/wp-json\/wp\/v2\/posts\/219131","targetHints":{"allow":["GET"]}}],"collection":[{"href":"https:\/\/www.europesays.com\/pt\/wp-json\/wp\/v2\/posts"}],"about":[{"href":"https:\/\/www.europesays.com\/pt\/wp-json\/wp\/v2\/types\/post"}],"author":[{"embeddable":true,"href":"https:\/\/www.europesays.com\/pt\/wp-json\/wp\/v2\/users\/2"}],"replies":[{"embeddable":true,"href":"https:\/\/www.europesays.com\/pt\/wp-json\/wp\/v2\/comments?post=219131"}],"version-history":[{"count":0,"href":"https:\/\/www.europesays.com\/pt\/wp-json\/wp\/v2\/posts\/219131\/revisions"}],"wp:featuredmedia":[{"embeddable":true,"href":"https:\/\/www.europesays.com\/pt\/wp-json\/wp\/v2\/media\/219132"}],"wp:attachment":[{"href":"https:\/\/www.europesays.com\/pt\/wp-json\/wp\/v2\/media?parent=219131"}],"wp:term":[{"taxonomy":"category","embeddable":true,"href":"https:\/\/www.europesays.com\/pt\/wp-json\/wp\/v2\/categories?post=219131"},{"taxonomy":"post_tag","embeddable":true,"href":"https:\/\/www.europesays.com\/pt\/wp-json\/wp\/v2\/tags?post=219131"}],"curies":[{"name":"wp","href":"https:\/\/api.w.org\/{rel}","templated":true}]}}