{"id":219135,"date":"2026-01-07T14:19:07","date_gmt":"2026-01-07T14:19:07","guid":{"rendered":"https:\/\/www.europesays.com\/pt\/219135\/"},"modified":"2026-01-07T14:19:07","modified_gmt":"2026-01-07T14:19:07","slug":"fc-porto-anuncia-contratacao-de-oskar-pietuszewski","status":"publish","type":"post","link":"https:\/\/www.europesays.com\/pt\/219135\/","title":{"rendered":"FC Porto anuncia contrata\u00e7\u00e3o de Oskar Pietuszewski"},"content":{"rendered":"<p>O FC Porto anunciou esta quarta-feira a contrata\u00e7\u00e3o de Oskar Pietuszewski, extremo de 17 anos que jogava no Jagiellonia Bialystok. O polaco assinou um contrato v\u00e1lido por tr\u00eas temporadas, at\u00e9 5 de janeiro de 2029, ficando com uma cl\u00e1usula de rescis\u00e3o de 60 milh\u00f5es de euros.<\/p>\n<p>Vestir\u00e1 a camisola 77 dos drag\u00f5es e junta-se esta quarta-feira aos companheiros de equipa, no est\u00e1gio no Algarve.<\/p>\n<p>Os azuis e brancos comunicaram que chegaram a acordo para a transfer\u00eancia &#8220;a t\u00edtulo definitivo, dos direitos de inscri\u00e7\u00e3o desportiva e 100% dos direitos econ\u00f3micos de Oskar Pietuszewski pelo valor total m\u00e1ximo de 10 milh\u00f5es de euros, valor que inclui a remunera\u00e7\u00e3o fixa e uma remunera\u00e7\u00e3o vari\u00e1vel m\u00e1xima em fun\u00e7\u00e3o do cumprimento de certos objetivos&#8221;.<\/p>\n<p>O emblema da Pol\u00f3nia &#8220;tamb\u00e9m direito ao valor correspondente a 10% das mais valias de uma potencial futura transfer\u00eancia do jogador&#8221; e &#8220;assumir\u00e1 a responsabilidade com o mecanismo de solidariedade devida a terceiros&#8221;.<\/p>\n<p>O FC Porto ter\u00e1 encargos com servi\u00e7os de intermedia\u00e7\u00e3o de 400 mil euros.<\/p>\n<p>Oskar Pietuszewski fez toda a forma\u00e7\u00e3o no Jagiellonia e estreou-se pela equipa principal com 16 anos, precisamente contra Francesco Farioli, que comandava o Ajax, num jogo da Liga Europa. Esta temporada, o internacional sub-21 pela Pol\u00f3nia, somou 31 jogos (21 a titular), marcou tr\u00eas golos e fez uma assist\u00eancia.<\/p>\n<p>Comunicado do FC Porto:<\/p>\n<p>&#8220;O FC Porto chegou a acordo com o Jagiellonia Bialystok S.S.A. para a transfer\u00eancia, a t\u00edtulo definitivo, dos direitos de inscri\u00e7\u00e3o desportiva e 100% dos direitos econ\u00f3micos de Oskar Pietuszewski pelo valor total m\u00e1ximo de 10 milh\u00f5es de euros, valor que inclui a remunera\u00e7\u00e3o fixa e uma remunera\u00e7\u00e3o vari\u00e1vel m\u00e1xima em fun\u00e7\u00e3o do cumprimento de certos objetivos.<\/p>\n<p>O Jagiellonia ter\u00e1 tamb\u00e9m direito ao valor correspondente a 10% das mais valias de uma potencial futura transfer\u00eancia do jogador. Mais se informa que o FC Porto celebrou com o jogador um contrato v\u00e1lido por tr\u00eas \u00e9pocas desportivas, ou seja, at\u00e9 5 de janeiro de 2029, tendo acordado uma cl\u00e1usula de rescis\u00e3o no montante de 60 milh\u00f5es de euros.<\/p>\n<p>O Jagiellonia assumir\u00e1 a responsabilidade com o mecanismo de solidariedade devida a terceiros e o FC Porto declara que ter\u00e1 encargos com servi\u00e7os de intermedia\u00e7\u00e3o de 400 mil euros com esta transa\u00e7\u00e3o.&#8221;<\/p>\n","protected":false},"excerpt":{"rendered":"O FC Porto anunciou esta quarta-feira a contrata\u00e7\u00e3o de Oskar Pietuszewski, extremo de 17 anos que jogava no&hellip;\n","protected":false},"author":2,"featured_media":219136,"comment_status":"","ping_status":"","sticky":false,"template":"","format":"standard","meta":{"footnotes":""},"categories":[87],"tags":[135,32,33,134],"class_list":{"0":"post-219135","1":"post","2":"type-post","3":"status-publish","4":"format-standard","5":"has-post-thumbnail","7":"category-desporto","8":"tag-desporto","9":"tag-portugal","10":"tag-pt","11":"tag-sports"},"share_on_mastodon":{"url":"https:\/\/pubeurope.com\/@pt\/115854256648773091","error":""},"_links":{"self":[{"href":"https:\/\/www.europesays.com\/pt\/wp-json\/wp\/v2\/posts\/219135","targetHints":{"allow":["GET"]}}],"collection":[{"href":"https:\/\/www.europesays.com\/pt\/wp-json\/wp\/v2\/posts"}],"about":[{"href":"https:\/\/www.europesays.com\/pt\/wp-json\/wp\/v2\/types\/post"}],"author":[{"embeddable":true,"href":"https:\/\/www.europesays.com\/pt\/wp-json\/wp\/v2\/users\/2"}],"replies":[{"embeddable":true,"href":"https:\/\/www.europesays.com\/pt\/wp-json\/wp\/v2\/comments?post=219135"}],"version-history":[{"count":0,"href":"https:\/\/www.europesays.com\/pt\/wp-json\/wp\/v2\/posts\/219135\/revisions"}],"wp:featuredmedia":[{"embeddable":true,"href":"https:\/\/www.europesays.com\/pt\/wp-json\/wp\/v2\/media\/219136"}],"wp:attachment":[{"href":"https:\/\/www.europesays.com\/pt\/wp-json\/wp\/v2\/media?parent=219135"}],"wp:term":[{"taxonomy":"category","embeddable":true,"href":"https:\/\/www.europesays.com\/pt\/wp-json\/wp\/v2\/categories?post=219135"},{"taxonomy":"post_tag","embeddable":true,"href":"https:\/\/www.europesays.com\/pt\/wp-json\/wp\/v2\/tags?post=219135"}],"curies":[{"name":"wp","href":"https:\/\/api.w.org\/{rel}","templated":true}]}}