{"id":219139,"date":"2026-01-07T14:23:10","date_gmt":"2026-01-07T14:23:10","guid":{"rendered":"https:\/\/www.europesays.com\/pt\/219139\/"},"modified":"2026-01-07T14:23:10","modified_gmt":"2026-01-07T14:23:10","slug":"mais-de-70-mil-jovens-ja-beneficiaram-de-isencao-de-imi-na-compra-de-casa","status":"publish","type":"post","link":"https:\/\/www.europesays.com\/pt\/219139\/","title":{"rendered":"Mais de 70 mil jovens j\u00e1 beneficiaram de isen\u00e7\u00e3o de IMI na compra de casa"},"content":{"rendered":"<p>                O ministro das Finan\u00e7as, Joaquim Miranda Sarmento, avan\u00e7ou que mais de 70 mil jovens beneficiaram de isen\u00e7\u00e3o fiscal (IMI e Imposto de Selo) na compra de habita\u00e7\u00e3o e que 23 mil jovens beneficiaram da garantia p\u00fablica para a compra da primeira casa. O n\u00famero foi divulgado esta quarta-feira, durante uma audi\u00e7\u00e3o na Comiss\u00e3o de Or\u00e7amento, Finan\u00e7as e Administra\u00e7\u00e3o P\u00fablica.<\/p>\n<p><b>A garantia p\u00fablica \u00e9 um instrumento que permite ao Estado assumir o papel de fiador em at\u00e9 15% do valor da transa\u00e7\u00e3o imobili\u00e1ria. O programa destina-se a jovens at\u00e9 aos 35 anos e aplica-se a contratos de cr\u00e9dito \u00e0 habita\u00e7\u00e3o celebrados at\u00e9 ao final de 2026. <\/b><\/p>\n<p>Segundo o ministro das Finan\u00e7as, estas medidas inserem-se numa estrat\u00e9gia mais ampla de \u201catra\u00e7\u00e3o e reten\u00e7\u00e3o de capital humano\u201d, que inclui tamb\u00e9m o IRS Jovem. O objetivo, sublinhou, \u00e9 reduzir os obst\u00e1culos financeiros \u00e0 fixa\u00e7\u00e3o dos jovens em Portugal, num contexto de forte press\u00e3o sobre o mercado da habita\u00e7\u00e3o.<br \/>&#13;<br \/>\n<b><br \/>&#13;<br \/>\nA isen\u00e7\u00e3o de IMT Jovem e de Imposto de Selo foi criada em 2024, durante o primeiro Governo de Lu\u00eds Montenegro, e abrange a aquisi\u00e7\u00e3o de habita\u00e7\u00e3o pr\u00f3pria e permanente por jovens at\u00e9 aos 35 anos.<br \/>&#13;<br \/>\n<\/b><br \/>&#13;<br \/>\nDesde a sua entrada em vigor, tornou-se um dos principais incentivos fiscais dirigidos a este grupo et\u00e1rio.<\/p>\n<p>J\u00e1 a garantia p\u00fablica permite, na pr\u00e1tica, que os jovens obtenham financiamento at\u00e9 100% do valor da avalia\u00e7\u00e3o do im\u00f3vel, ultrapassando o limite de 90% que se aplica \u00e0 generalidade das institui\u00e7\u00f5es banc\u00e1rias. <\/p>\n<p>Ao assumir parte do risco, o Estado procura facilitar o acesso ao cr\u00e9dito e reduzir a necessidade de poupan\u00e7a inicial, uma das principais barreiras \u00e0 compra de casa entre os mais jovens.<\/p>\n<p>O ministro das Finan\u00e7as adiantou ainda, esta quarta-feira, que ser\u00e1 apresentada em breve, uma <b>nova proposta relacionada com pr\u00e9mio salarial<\/b>. <\/p>\n<p>Este representa uma devolu\u00e7\u00e3o das propinas aos jovens at\u00e9 aos 35 anos, sendo pago anualmente pelas Finan\u00e7as, mediante pedido pr\u00e9vio. <\/p>\n<p>O Governo considera que a ades\u00e3o \u00e0s medidas confirma a sua relev\u00e2ncia, numa altura em que o acesso \u00e0 habita\u00e7\u00e3o continua a ser um dos maiores desafios econ\u00f3micos e sociais do pa\u00eds.&#13;\n            <\/p>\n","protected":false},"excerpt":{"rendered":"O ministro das Finan\u00e7as, Joaquim Miranda Sarmento, avan\u00e7ou que mais de 70 mil jovens beneficiaram de isen\u00e7\u00e3o fiscal&hellip;\n","protected":false},"author":2,"featured_media":219140,"comment_status":"","ping_status":"","sticky":false,"template":"","format":"standard","meta":{"footnotes":""},"categories":[83],"tags":[88,89,90,13,32,33,420,421],"class_list":{"0":"post-219139","1":"post","2":"type-post","3":"status-publish","4":"format-standard","5":"has-post-thumbnail","7":"category-empresas","8":"tag-business","9":"tag-economy","10":"tag-empresas","11":"tag-noticias","12":"tag-portugal","13":"tag-pt","14":"tag-rtp","15":"tag-rtp-noticias"},"share_on_mastodon":{"url":"https:\/\/pubeurope.com\/@pt\/115854272673511834","error":""},"_links":{"self":[{"href":"https:\/\/www.europesays.com\/pt\/wp-json\/wp\/v2\/posts\/219139","targetHints":{"allow":["GET"]}}],"collection":[{"href":"https:\/\/www.europesays.com\/pt\/wp-json\/wp\/v2\/posts"}],"about":[{"href":"https:\/\/www.europesays.com\/pt\/wp-json\/wp\/v2\/types\/post"}],"author":[{"embeddable":true,"href":"https:\/\/www.europesays.com\/pt\/wp-json\/wp\/v2\/users\/2"}],"replies":[{"embeddable":true,"href":"https:\/\/www.europesays.com\/pt\/wp-json\/wp\/v2\/comments?post=219139"}],"version-history":[{"count":0,"href":"https:\/\/www.europesays.com\/pt\/wp-json\/wp\/v2\/posts\/219139\/revisions"}],"wp:featuredmedia":[{"embeddable":true,"href":"https:\/\/www.europesays.com\/pt\/wp-json\/wp\/v2\/media\/219140"}],"wp:attachment":[{"href":"https:\/\/www.europesays.com\/pt\/wp-json\/wp\/v2\/media?parent=219139"}],"wp:term":[{"taxonomy":"category","embeddable":true,"href":"https:\/\/www.europesays.com\/pt\/wp-json\/wp\/v2\/categories?post=219139"},{"taxonomy":"post_tag","embeddable":true,"href":"https:\/\/www.europesays.com\/pt\/wp-json\/wp\/v2\/tags?post=219139"}],"curies":[{"name":"wp","href":"https:\/\/api.w.org\/{rel}","templated":true}]}}