{"id":219155,"date":"2026-01-07T14:33:07","date_gmt":"2026-01-07T14:33:07","guid":{"rendered":"https:\/\/www.europesays.com\/pt\/219155\/"},"modified":"2026-01-07T14:33:07","modified_gmt":"2026-01-07T14:33:07","slug":"kokcu-revela-dificuldades-no-benfica-queria-ser-transferido-e-ser-feliz","status":"publish","type":"post","link":"https:\/\/www.europesays.com\/pt\/219155\/","title":{"rendered":"K\u00f6k\u00e7\u00fc revela dificuldades no Benfica: \u00abQueria ser transferido e ser feliz\u00bb"},"content":{"rendered":"<p data-end=\"485\" data-start=\"189\">Orkun K\u00f6k\u00e7\u00fc, m\u00e9dio do Besiktas e antigo jogador do Benfica, deu esta quarta-feira uma entrevista ao canal turco TRT Spor, onde falou abertamente sobre o per\u00edodo passado na Luz, assumindo que, apesar do bom rendimento em campo, enfrentou v\u00e1rias dificuldades a n\u00edvel pessoal e emocional em Portugal.<\/p>\n<p data-end=\"951\" data-start=\"487\">O internacional turco confirmou que no \u00faltimo ver\u00e3o teve uma <a href=\"https:\/\/maisfutebol.iol.pt\/benfica\/orkun-kokcu\/video-o-momento-de-alta-tensao-entre-kokcu-e-bruno-lage\" target=\"_blank\" rel=\"nofollow noopener\">discuss\u00e3o com Bruno Lage<\/a>, ent\u00e3o treinador dos encarnados, durante o Campeonato do Mundo de Clubes, e admitiu que j\u00e1 ponderava sair h\u00e1 algum tempo.<\/p>\n<p data-end=\"951\" data-start=\"487\">\u00abPassei um per\u00edodo muito bom no Benfica, foi uma boa fase do ponto de vista do futebol, mas a n\u00edvel mental tive algumas dificuldades. N\u00e3o consegui encontrar o ritmo e queria ser transferido\u00bb, explicou, revelando que falava frequentemente do tema com o pai.<\/p>\n<p data-end=\"1358\" data-start=\"953\">K\u00f6k\u00e7\u00fc sublinhou que a decis\u00e3o de deixar o Benfica esteve diretamente ligada \u00e0 procura de felicidade.<\/p>\n<p data-end=\"1358\" data-start=\"953\">\u00abPara mim, o mais importante na vida \u00e9 ser feliz. Vivi dois anos em Portugal, mas foi a primeira vez que estive sozinho fora do meu pa\u00eds. Fora do futebol, foi um per\u00edodo muito solit\u00e1rio\u00bb, confessou, garantindo, ainda assim, que essas dificuldades nunca afetaram o seu rendimento dentro das quatro linhas.<\/p>\n<p data-end=\"1735\" data-start=\"1360\">A proposta do Besiktas acabou por ser decisiva, at\u00e9 por motivos emocionais.<\/p>\n<p data-end=\"1735\" data-start=\"1360\">\u00abEra o meu sonho de inf\u00e2ncia jogar no Besiktas. N\u00e3o sou uma pessoa obcecada com a carreira, no final toda a gente \u00e9 esquecida. Queria ir para um s\u00edtio onde fosse feliz\u00bb, afirmou, assegurando que encontrou isso em Istambul.<\/p>\n<p data-end=\"1735\" data-start=\"1360\">\u00abDizem que vim infeliz, mas isso n\u00e3o \u00e9 verdade. Estou realmente feliz aqui\u00bb, acrescentou o m\u00e9dio turco.<\/p>\n<p data-end=\"1992\" data-is-last-node=\"\" data-is-only-node=\"\" data-start=\"1737\">Apesar de reconhecer que os resultados desportivos podem e devem melhorar, o m\u00e9dio garantiu estar tranquilo quanto ao futuro.<\/p>\n<p data-end=\"1992\" data-is-last-node=\"\" data-is-only-node=\"\" data-start=\"1737\">\u00abCom melhores resultados e performances, posso ser ainda mais feliz. Temos de ter paci\u00eancia, no final tudo se resolve\u00bb, concluiu.<\/p>\n<p data-end=\"1992\" data-is-last-node=\"\" data-is-only-node=\"\" data-start=\"1737\">De recordar, K\u00f6k\u00e7\u00fc representou o Benfica durante duas temporadas, de 2023 a 2025. O internacional turco realizou 98 jogos, tendo marcado 19 golos e apontado 22 assist\u00eancias.<\/p>\n","protected":false},"excerpt":{"rendered":"Orkun K\u00f6k\u00e7\u00fc, m\u00e9dio do Besiktas e antigo jogador do Benfica, deu esta quarta-feira uma entrevista ao canal turco&hellip;\n","protected":false},"author":2,"featured_media":219156,"comment_status":"","ping_status":"","sticky":false,"template":"","format":"standard","meta":{"footnotes":""},"categories":[87],"tags":[51,437,2923,135,741,439,46,32,33,47,134],"class_list":{"0":"post-219155","1":"post","2":"type-post","3":"status-publish","4":"format-standard","5":"has-post-thumbnail","7":"category-desporto","8":"tag-benfica","9":"tag-besiktas","10":"tag-bruno-lage","11":"tag-desporto","12":"tag-entrevista","13":"tag-kokcu","14":"tag-maisfutebol","15":"tag-portugal","16":"tag-pt","17":"tag-pura-paixao","18":"tag-sports"},"share_on_mastodon":{"url":"https:\/\/pubeurope.com\/@pt\/115854311613145157","error":""},"_links":{"self":[{"href":"https:\/\/www.europesays.com\/pt\/wp-json\/wp\/v2\/posts\/219155","targetHints":{"allow":["GET"]}}],"collection":[{"href":"https:\/\/www.europesays.com\/pt\/wp-json\/wp\/v2\/posts"}],"about":[{"href":"https:\/\/www.europesays.com\/pt\/wp-json\/wp\/v2\/types\/post"}],"author":[{"embeddable":true,"href":"https:\/\/www.europesays.com\/pt\/wp-json\/wp\/v2\/users\/2"}],"replies":[{"embeddable":true,"href":"https:\/\/www.europesays.com\/pt\/wp-json\/wp\/v2\/comments?post=219155"}],"version-history":[{"count":0,"href":"https:\/\/www.europesays.com\/pt\/wp-json\/wp\/v2\/posts\/219155\/revisions"}],"wp:featuredmedia":[{"embeddable":true,"href":"https:\/\/www.europesays.com\/pt\/wp-json\/wp\/v2\/media\/219156"}],"wp:attachment":[{"href":"https:\/\/www.europesays.com\/pt\/wp-json\/wp\/v2\/media?parent=219155"}],"wp:term":[{"taxonomy":"category","embeddable":true,"href":"https:\/\/www.europesays.com\/pt\/wp-json\/wp\/v2\/categories?post=219155"},{"taxonomy":"post_tag","embeddable":true,"href":"https:\/\/www.europesays.com\/pt\/wp-json\/wp\/v2\/tags?post=219155"}],"curies":[{"name":"wp","href":"https:\/\/api.w.org\/{rel}","templated":true}]}}