{"id":219164,"date":"2026-01-07T14:39:07","date_gmt":"2026-01-07T14:39:07","guid":{"rendered":"https:\/\/www.europesays.com\/pt\/219164\/"},"modified":"2026-01-07T14:39:07","modified_gmt":"2026-01-07T14:39:07","slug":"destituicao-da-administracao-da-transportes-metropolitanos-do-porto-decidida-na-sexta-feira","status":"publish","type":"post","link":"https:\/\/www.europesays.com\/pt\/219164\/","title":{"rendered":"Destitui\u00e7\u00e3o da administra\u00e7\u00e3o da Transportes Metropolitanos do Porto decidida na sexta-feira"},"content":{"rendered":"<p data-remotead-prev-elm=\"true\" data-remotead-elm-id=\"inread\">O ponto 3.3 da ordem de trabalhos da reuni\u00e3o \u00e9 uma proposta de destitui\u00e7\u00e3o do conselho de administra\u00e7\u00e3o da TMP, cessa\u00e7\u00e3o de fun\u00e7\u00f5es e designa\u00e7\u00e3o imediata do novo conselho de administra\u00e7\u00e3o.<\/p>\n<p>Contactado pela Lusa, Marco Martins, que tomou posse h\u00e1 11 meses, disse que esta &#8220;\u00e9 uma decis\u00e3o pol\u00edtica&#8221;, falou em &#8220;trabalho feito&#8221; e disse ter &#8220;muito orgulho&#8221; em ter sido o primeiro presidente da TMP.<\/p>\n<p>O ex-presidente da C\u00e2mara de Gondomar destacou ainda que deixa tudo &#8220;planeado para 2026&#8221; e deseja &#8220;que o projeto continue&#8221;. &#8220;O caminho est\u00e1 todo montado e espero que a nova administra\u00e7\u00e3o o continue&#8221;, assinalou.<\/p>\n<p data-remotead-prev-elm=\"true\" data-remotead-elm-id=\"centro1\">A empresa Transportes Metropolitanos do Porto foi formalmente constitu\u00edda em janeiro de 2025 e integrou as val\u00eancias do TIP (Transportes Intermodais do Porto), que geria o sistema Andante e as compet\u00eancias da \u00c1rea Metropolitana do Porto em termos de mobilidade e transportes, gerindo tamb\u00e9m os contratos com os operadores da rede Unir.<\/p>\n<p>Em 19 de fevereiro, Marco Martins (presidente), Lu\u00eds Os\u00f3rio e Carla Vale (vogais) tomaram posse no Conselho de Administra\u00e7\u00e3o da TMP.<\/p>\n<p>O ex-presidente da C\u00e2mara de Gondomar Marco Martins, que suspendeu o cargo no final do seu terceiro mandato, assumiu fun\u00e7\u00f5es a tempo inteiro na TMP em 3 de fevereiro de 2025.<\/p>\n<p>Na reuni\u00e3o vai ser igualmente votada a substitui\u00e7\u00e3o do representante da \u00c1rea Metropolitana do Porto na mesa da assembleia-geral, no cargo de vice-presidente, e o plano de atividades e or\u00e7amento para 2026 da TMP.<\/p>\n","protected":false},"excerpt":{"rendered":"O ponto 3.3 da ordem de trabalhos da reuni\u00e3o \u00e9 uma proposta de destitui\u00e7\u00e3o do conselho de administra\u00e7\u00e3o&hellip;\n","protected":false},"author":2,"featured_media":219165,"comment_status":"","ping_status":"","sticky":false,"template":"","format":"standard","meta":{"footnotes":""},"categories":[10],"tags":[27,28,20018,15,16,14,25,26,21,22,12,13,19,20,32,23,24,33,17,18,1198,29,30,31],"class_list":{"0":"post-219164","1":"post","2":"type-post","3":"status-publish","4":"format-standard","5":"has-post-thumbnail","7":"category-portugal","8":"tag-breaking-news","9":"tag-breakingnews","10":"tag-concelho-porto","11":"tag-featured-news","12":"tag-featurednews","13":"tag-headlines","14":"tag-latest-news","15":"tag-latestnews","16":"tag-main-news","17":"tag-mainnews","18":"tag-news","19":"tag-noticias","20":"tag-noticias-principais","21":"tag-noticiasprincipais","22":"tag-portugal","23":"tag-principais-noticias","24":"tag-principaisnoticias","25":"tag-pt","26":"tag-top-stories","27":"tag-topstories","28":"tag-transportes-metropolitanos-do-porto","29":"tag-ultimas","30":"tag-ultimas-noticias","31":"tag-ultimasnoticias"},"share_on_mastodon":{"url":"https:\/\/pubeurope.com\/@pt\/115854335283596008","error":""},"_links":{"self":[{"href":"https:\/\/www.europesays.com\/pt\/wp-json\/wp\/v2\/posts\/219164","targetHints":{"allow":["GET"]}}],"collection":[{"href":"https:\/\/www.europesays.com\/pt\/wp-json\/wp\/v2\/posts"}],"about":[{"href":"https:\/\/www.europesays.com\/pt\/wp-json\/wp\/v2\/types\/post"}],"author":[{"embeddable":true,"href":"https:\/\/www.europesays.com\/pt\/wp-json\/wp\/v2\/users\/2"}],"replies":[{"embeddable":true,"href":"https:\/\/www.europesays.com\/pt\/wp-json\/wp\/v2\/comments?post=219164"}],"version-history":[{"count":0,"href":"https:\/\/www.europesays.com\/pt\/wp-json\/wp\/v2\/posts\/219164\/revisions"}],"wp:featuredmedia":[{"embeddable":true,"href":"https:\/\/www.europesays.com\/pt\/wp-json\/wp\/v2\/media\/219165"}],"wp:attachment":[{"href":"https:\/\/www.europesays.com\/pt\/wp-json\/wp\/v2\/media?parent=219164"}],"wp:term":[{"taxonomy":"category","embeddable":true,"href":"https:\/\/www.europesays.com\/pt\/wp-json\/wp\/v2\/categories?post=219164"},{"taxonomy":"post_tag","embeddable":true,"href":"https:\/\/www.europesays.com\/pt\/wp-json\/wp\/v2\/tags?post=219164"}],"curies":[{"name":"wp","href":"https:\/\/api.w.org\/{rel}","templated":true}]}}