{"id":219180,"date":"2026-01-07T14:51:08","date_gmt":"2026-01-07T14:51:08","guid":{"rendered":"https:\/\/www.europesays.com\/pt\/219180\/"},"modified":"2026-01-07T14:51:08","modified_gmt":"2026-01-07T14:51:08","slug":"o-que-a-meo-esta-a-fazer-para-que-o-5g-nao-falhe-em-portugal-tecnologia","status":"publish","type":"post","link":"https:\/\/www.europesays.com\/pt\/219180\/","title":{"rendered":"O que a MEO est\u00e1 a fazer para que o 5G n\u00e3o falhe em Portugal? &#8211; Tecnologia"},"content":{"rendered":"<p class=\"p1\"><b>Acompanhe toda a atualidade informativa em\u00a0<\/b><a href=\"http:\/\/24noticias.sapo.pt\/\" rel=\"nofollow noopener\" target=\"_blank\"><b>24noticias.sapo.pt<\/b><\/a><\/p>\n<p>A conversa arranca com a ideia de que ligar pessoas e sistemas j\u00e1 n\u00e3o \u00e9 apenas uma quest\u00e3o de cobertura ou velocidade. Para a MEO, a conectividade passou a ser apenas uma pe\u00e7a de uma experi\u00eancia muito mais ampla, que envolve todos os pontos de contacto entre o cliente e a empresa (da ades\u00e3o ao servi\u00e7o ao suporte, da utiliza\u00e7\u00e3o \u00e0 gest\u00e3o do contrato).<\/p>\n<p>\u00c9 neste contexto que Jos\u00e9 Pedro Nascimento recupera a no\u00e7\u00e3o da \u201cexperi\u00eancia 360\u00b0\u201d, sublinhando que a excel\u00eancia t\u00e9cnica s\u00f3 faz sentido quando \u00e9 acompanhada por consist\u00eancia, fiabilidade e qualidade ao longo de toda a jornada do utilizador.<\/p>\n<p>\u201cHoje em dia, n\u00e3o basta ter uma conectividade excelente. \u00c9 preciso que tudo o que esteja \u00e0 volta seja uma experi\u00eancia 360\u00b0 com qualidade.\u201d<\/p>\n<p>Web Summit como teste de stress e o salto do 5G em Portugal<\/p>\n<p>Esta vis\u00e3o ganha especial relev\u00e2ncia em ambientes de elevada exig\u00eancia, como a Web Summit (onde foi gravado este epis\u00f3dio), onde dezenas de milhares de pessoas dependem, em simult\u00e2neo, de redes m\u00f3veis, fixas e Wi-Fi para trabalhar, comunicar e criar neg\u00f3cio.<\/p>\n<p>Garantir conectividade num evento com mais de 70 mil participantes \u00e9, todos os anos, um exerc\u00edcio de planeamento extremo. O CTO da MEO descreve a Web Summit como um verdadeiro teste de stress \u00e0 infraestrutura nacional, que implica meses de prepara\u00e7\u00e3o, centenas de profissionais envolvidos e uma opera\u00e7\u00e3o cont\u00ednua de monitoriza\u00e7\u00e3o, seguran\u00e7a e resposta a incidentes.<\/p>\n<p>\u00c9 tamb\u00e9m neste cen\u00e1rio que se mede, na pr\u00e1tica, a evolu\u00e7\u00e3o do 5G. No ano passado, mais de metade das comunica\u00e7\u00f5es m\u00f3veis do evento j\u00e1 foram feitas nesta tecnologia. Em paralelo, a MEO ultrapassou os 95% de cobertura nacional e expandiu a rede em mais de 40% s\u00f3 num ano.<\/p>\n<p>\u201cO 5G traz muito mais capacidade e \u00e9 muito mais eficiente do que as outras tecnologias.\u201d<\/p>\n<p>\u00c0 medida que mais equipamentos compat\u00edveis entram no mercado, o 5G passa a ser a tecnologia priorit\u00e1ria. O pr\u00f3ximo passo \u00e9 o 5G Standalone (SA)\u00a0(ou 5G Puro), que deixa de estar ancorado ao 4G e abre caminho a uma nova escala de desempenho, lat\u00eancia reduzida e densidade de liga\u00e7\u00f5es. Uma mudan\u00e7a com impacto direto em setores como a ind\u00fastria, sa\u00fade, mobilidade ou smart cities.<\/p>\n<p>MEO Empresas e inova\u00e7\u00e3o<\/p>\n<p>A segunda metade do epis\u00f3dio aprofunda o papel da MEO no segmento empresarial, onde a conectividade \u00e9 apenas a base de uma oferta mais complexa que inclui cloud, seguran\u00e7a, servi\u00e7os geridos e solu\u00e7\u00f5es de 5G privado. Neste contexto, a consultoria especializada torna-se essencial para responder \u00e0s necessidades de grandes organiza\u00e7\u00f5es e infraestruturas cr\u00edticas.<\/p>\n<p>Em paralelo, a operadora tem vindo a refor\u00e7ar a liga\u00e7\u00e3o ao ecossistema de inova\u00e7\u00e3o, atrav\u00e9s de iniciativas como o 5G Challenge, o 5G API Sprint ou os Altice International Innovation Awards, abrindo as suas redes, APIs e laborat\u00f3rios a startups e centros de investiga\u00e7\u00e3o.<\/p>\n<p>A intelig\u00eancia artificial surge como pe\u00e7a-chave desta transforma\u00e7\u00e3o, sobretudo na gest\u00e3o de redes cada vez mais complexas. O objetivo passa por caminhar para redes aut\u00f3nomas, capazes de se otimizar, prever falhas, gerir energia e refor\u00e7ar a seguran\u00e7a com m\u00ednima interven\u00e7\u00e3o humana.<\/p>\n<p>\u201cCom a intelig\u00eancia artificial aplicada \u00e0s telecomunica\u00e7\u00f5es, temos de caminhar para redes aut\u00f3nomas, que se otimizam sozinhas e antecipam problemas\u201d, conclui o CTO da MEO.<\/p>\n<p>O epis\u00f3dio termina com um olhar para o futuro pr\u00f3ximo, onde o 5G \u201cvai bombar\u201d, os agentes de IA come\u00e7am a ganhar espa\u00e7o em m\u00faltiplos setores e a inova\u00e7\u00e3o deixa de ser opcional, uma ideia refor\u00e7ada pela recomenda\u00e7\u00e3o de The Innovator\u2019s Dilemma, de Clayton Christensen, como leitura essencial para l\u00edderes tecnol\u00f3gicos.<\/p>\n<p>___<\/p>\n<p><strong>A sua newsletter de sempre, agora ainda mais \u00fatil<\/strong><\/p>\n<p>Com o lan\u00e7amento da nova marca de informa\u00e7\u00e3o 24not\u00edcias, estamos a mudar a plataforma de newsletters, aproveitando para refor\u00e7ar a informa\u00e7\u00e3o que os leitores mais valorizam:<strong>\u00a0a que lhes \u00e9 \u00fatil, ajuda a tomar decis\u00f5es e a entender o mundo.<\/strong><\/p>\n<p><strong>Assine a nova newsletter do 24not\u00edcias\u00a0<a href=\"https:\/\/sapo.us1.list-manage.com\/subscribe?u=8f49263740b14ab5854be8045&amp;id=57a39c5e8f\" target=\"_blank\" rel=\"noopener noreferrer nofollow\">aqui<\/a>.<\/strong><\/p>\n","protected":false},"excerpt":{"rendered":"Acompanhe toda a atualidade informativa em\u00a024noticias.sapo.pt A conversa arranca com a ideia de que ligar pessoas e sistemas&hellip;\n","protected":false},"author":2,"featured_media":219181,"comment_status":"","ping_status":"","sticky":false,"template":"","format":"standard","meta":{"footnotes":""},"categories":[84],"tags":[109,107,108,32,33,105,103,104,106,110],"class_list":{"0":"post-219180","1":"post","2":"type-post","3":"status-publish","4":"format-standard","5":"has-post-thumbnail","7":"category-ciencia-e-tecnologia","8":"tag-ciencia","9":"tag-ciencia-e-tecnologia","10":"tag-cienciaetecnologia","11":"tag-portugal","12":"tag-pt","13":"tag-science","14":"tag-science-and-technology","15":"tag-scienceandtechnology","16":"tag-technology","17":"tag-tecnologia"},"share_on_mastodon":{"url":"https:\/\/pubeurope.com\/@pt\/115854382398412425","error":""},"_links":{"self":[{"href":"https:\/\/www.europesays.com\/pt\/wp-json\/wp\/v2\/posts\/219180","targetHints":{"allow":["GET"]}}],"collection":[{"href":"https:\/\/www.europesays.com\/pt\/wp-json\/wp\/v2\/posts"}],"about":[{"href":"https:\/\/www.europesays.com\/pt\/wp-json\/wp\/v2\/types\/post"}],"author":[{"embeddable":true,"href":"https:\/\/www.europesays.com\/pt\/wp-json\/wp\/v2\/users\/2"}],"replies":[{"embeddable":true,"href":"https:\/\/www.europesays.com\/pt\/wp-json\/wp\/v2\/comments?post=219180"}],"version-history":[{"count":0,"href":"https:\/\/www.europesays.com\/pt\/wp-json\/wp\/v2\/posts\/219180\/revisions"}],"wp:featuredmedia":[{"embeddable":true,"href":"https:\/\/www.europesays.com\/pt\/wp-json\/wp\/v2\/media\/219181"}],"wp:attachment":[{"href":"https:\/\/www.europesays.com\/pt\/wp-json\/wp\/v2\/media?parent=219180"}],"wp:term":[{"taxonomy":"category","embeddable":true,"href":"https:\/\/www.europesays.com\/pt\/wp-json\/wp\/v2\/categories?post=219180"},{"taxonomy":"post_tag","embeddable":true,"href":"https:\/\/www.europesays.com\/pt\/wp-json\/wp\/v2\/tags?post=219180"}],"curies":[{"name":"wp","href":"https:\/\/api.w.org\/{rel}","templated":true}]}}