{"id":219186,"date":"2026-01-07T14:55:08","date_gmt":"2026-01-07T14:55:08","guid":{"rendered":"https:\/\/www.europesays.com\/pt\/219186\/"},"modified":"2026-01-07T14:55:08","modified_gmt":"2026-01-07T14:55:08","slug":"eua-controlarem-a-gronelandia-seria-tarefa-extremamente-facil-garantem-especialistas-ao-expresso","status":"publish","type":"post","link":"https:\/\/www.europesays.com\/pt\/219186\/","title":{"rendered":"EUA controlarem a Gronel\u00e2ndia \u201cseria tarefa extremamente f\u00e1cil\u201d, garantem especialistas ao Expresso"},"content":{"rendered":"<p>A administra\u00e7\u00e3o Trump est\u00e1 \u201cdesesperada por manter as suas ambi\u00e7\u00f5es imperialistas\u201d e o decl\u00ednio do poder dos Estados Unidos da Am\u00e9rica (EUA) \u201cs\u00f3 poder\u00e1 ser revertido se o pa\u00eds detiver o dom\u00ednio geoestrat\u00e9gico completo na sua vizinhan\u00e7a imediata\u201d, afirma ao Expresso o acad\u00e9mico Amalendu Misra, especialista em conflitos e paz. <\/p>\n<p>\u201cA Gronel\u00e2ndia \u00e9 vital, tanto a n\u00edvel estrat\u00e9gico como econ\u00f3mico, para qualquer pot\u00eancia que ambicione a domina\u00e7\u00e3o global\u201d, garante ao Expresso este professor de pol\u00edtica internacional na Universidade de Lancaster. Dado que a China est\u00e1 gradualmente a corroer o poderio econ\u00f3mico e militar dos EUA e a aproximar-se rapidamente, Washington n\u00e3o esconde as suas ambi\u00e7\u00f5es e, na opini\u00e3o de Misra, \u201cn\u00e3o hesitar\u00e1 em concretiz\u00e1-las\u201d.<\/p>\n<p>O Presidente Donald Trump quer que os EUA tomem posse da Gronel\u00e2ndia, territ\u00f3rio aut\u00f3nomo que pertence \u00e0 Dinamarca, membro da NATO. O ataque militar de 3 de janeiro \u00e0 capital venezuelana, Caracas, deixou os pa\u00edses europeus em alerta relativamente ao plano expansionista dos EUA. Desde logo, o Presidente tem discutido \u201cuma s\u00e9rie de op\u00e7\u00f5es\u201d para se apossar da Gronel\u00e2ndia, incluindo o recurso \u00e0s For\u00e7as Armadas. \u00c9 uma \u201cprioridade de seguran\u00e7a nacional\u201d, assumiu \u00e0 <a href=\"https:\/\/www.bbc.com\/news\/articles\/cwyg1jg8xkmo\" target=\"_blank\" rel=\"noopener noreferrer nofollow\"><strong>BBC<\/strong><\/a> um porta-voz da Casa Branca.<\/p>\n<p><a href=\"https:\/\/expresso.pt\/subscrever?action=GEN&amp;channel=BAF&amp;type=CAP&amp;source=WEB&amp;returnUrl=https:\/\/expresso.pt\/internacional\/2026-01-07-eua-controlarem-a-gronelandia-seria-tarefa-extremamente-facil-garantem-especialistas-ao-expresso-b76e5aa0&amp;utm_source=expresso&amp;utm_medium=locked_article&amp;locked=true&amp;article_id=fa7184b2-6511-43b6-a43b-af227f807ba1&amp;author_id=Catarina+Maldonado+Vasconcelos&amp;category=Internacional\" target=\"_self\" class=\"\" rel=\"nofollow noopener\">Subscrever<\/a>J\u00e1 \u00e9 Subscritor?Fa\u00e7a login e continue a ler<a href=\"http:\/\/expresso.pt\/codigo?redirectUrl=https:\/\/expresso.pt\/internacional\/2026-01-07-eua-controlarem-a-gronelandia-seria-tarefa-extremamente-facil-garantem-especialistas-ao-expresso-b76e5aa0\" target=\"_self\" class=\"\" rel=\"nofollow noopener\">Inserir C\u00f3digo<\/a>Comprou o Expresso?Insira o c\u00f3digo presente na Revista E para continuar a ler<\/p>\n","protected":false},"excerpt":{"rendered":"A administra\u00e7\u00e3o Trump est\u00e1 \u201cdesesperada por manter as suas ambi\u00e7\u00f5es imperialistas\u201d e o decl\u00ednio do poder dos Estados&hellip;\n","protected":false},"author":2,"featured_media":219187,"comment_status":"","ping_status":"","sticky":false,"template":"","format":"standard","meta":{"footnotes":""},"categories":[8],"tags":[27,28,15,16,14,25,26,21,22,12,13,19,20,32,23,24,33,17,18,29,30,31],"class_list":{"0":"post-219186","1":"post","2":"type-post","3":"status-publish","4":"format-standard","5":"has-post-thumbnail","7":"category-principais-noticias","8":"tag-breaking-news","9":"tag-breakingnews","10":"tag-featured-news","11":"tag-featurednews","12":"tag-headlines","13":"tag-latest-news","14":"tag-latestnews","15":"tag-main-news","16":"tag-mainnews","17":"tag-news","18":"tag-noticias","19":"tag-noticias-principais","20":"tag-noticiasprincipais","21":"tag-portugal","22":"tag-principais-noticias","23":"tag-principaisnoticias","24":"tag-pt","25":"tag-top-stories","26":"tag-topstories","27":"tag-ultimas","28":"tag-ultimas-noticias","29":"tag-ultimasnoticias"},"share_on_mastodon":{"url":"https:\/\/pubeurope.com\/@pt\/115854398147465491","error":""},"_links":{"self":[{"href":"https:\/\/www.europesays.com\/pt\/wp-json\/wp\/v2\/posts\/219186","targetHints":{"allow":["GET"]}}],"collection":[{"href":"https:\/\/www.europesays.com\/pt\/wp-json\/wp\/v2\/posts"}],"about":[{"href":"https:\/\/www.europesays.com\/pt\/wp-json\/wp\/v2\/types\/post"}],"author":[{"embeddable":true,"href":"https:\/\/www.europesays.com\/pt\/wp-json\/wp\/v2\/users\/2"}],"replies":[{"embeddable":true,"href":"https:\/\/www.europesays.com\/pt\/wp-json\/wp\/v2\/comments?post=219186"}],"version-history":[{"count":0,"href":"https:\/\/www.europesays.com\/pt\/wp-json\/wp\/v2\/posts\/219186\/revisions"}],"wp:featuredmedia":[{"embeddable":true,"href":"https:\/\/www.europesays.com\/pt\/wp-json\/wp\/v2\/media\/219187"}],"wp:attachment":[{"href":"https:\/\/www.europesays.com\/pt\/wp-json\/wp\/v2\/media?parent=219186"}],"wp:term":[{"taxonomy":"category","embeddable":true,"href":"https:\/\/www.europesays.com\/pt\/wp-json\/wp\/v2\/categories?post=219186"},{"taxonomy":"post_tag","embeddable":true,"href":"https:\/\/www.europesays.com\/pt\/wp-json\/wp\/v2\/tags?post=219186"}],"curies":[{"name":"wp","href":"https:\/\/api.w.org\/{rel}","templated":true}]}}