{"id":219190,"date":"2026-01-07T14:59:09","date_gmt":"2026-01-07T14:59:09","guid":{"rendered":"https:\/\/www.europesays.com\/pt\/219190\/"},"modified":"2026-01-07T14:59:09","modified_gmt":"2026-01-07T14:59:09","slug":"pedro-chagas-freitas-sai-em-defesa-da-mae-de-maycon-douglas-nao-julguem-por-favor-selfie","status":"publish","type":"post","link":"https:\/\/www.europesays.com\/pt\/219190\/","title":{"rendered":"Pedro Chagas Freitas sai em defesa da m\u00e3e de Maycon Douglas: &quot;N\u00e3o julguem, por favor&quot; &#8211; SELFIE"},"content":{"rendered":"<ol>\n<li><a href=\"https:\/\/news.google.com\/rss\/articles\/CBMi-gFBVV95cUxNdTdqSlZDS09wSklPZTg4Wk5KSXdHOUNWNnNZYUJ1cEtxVUlrVE9QS1JVS2RLa1J0MlU3UlAteTZBMjZzMnpQcHdXYUJsQk9DNjNMbVVBclFQQnlOSnJLa3pQbVM0cDhva1FWSEJrXzA0MUJRcVNYa2M4T2hrd2l1cUtfVDlfcUtxTk1CWEQ2bzVHbm5WbjVESFNseTRlaG9kejVsNUw3TWdkYUpTcTBGVXh2YTAxUDl5WEdHZk1pQnpKUlRvRDlIS1V6RVRmV1pBZGJNenQzcDZXcEVmYmJVWUN6NVNwUk9VX3pGYzBkNFZXSVMwTTlnbTZ3?oc=5\" target=\"_blank\" rel=\"nofollow noopener\">Pedro Chagas Freitas sai em defesa da m\u00e3e de Maycon Douglas: &#8220;N\u00e3o julguem, por favor&#8221;<\/a>&nbsp;&nbsp;SELFIE<\/li>\n<li><a href=\"https:\/\/news.google.com\/rss\/articles\/CBMi0gFBVV95cUxOd01rTHMyWmxpakw4M3NUcldPS1ZpazNJajh6YlBRSWpSYl93OVBGM3JUTmdyUG9BRnNCTUZNU0NDSm9yRVlaRXhIbHY0SnpLbFdrV3VPYnVjSzdXNnB6TmtieERDYkxHY08xZzVzbXI0YmlmakU4Z2V4NThEMVd2QzRCS0lYNkJCYzRxQ2JNQkJ4ZzQ3UGppdmZNZVFNaHpqdE5GM1pPSEpROG16TFNWbkNaTXVmcVIyUks4Z0gxeE0xamNrRVFFcklMREhXMzJPOHc?oc=5\" target=\"_blank\" rel=\"nofollow noopener\">Maycon Douglas: Pedro Chagas Freitas apoia m\u00e3e ap\u00f3s cr\u00edticas! \u201cN\u00e3o conhe\u00e7o sofrimento maior\u2026\u201d<\/a>&nbsp;&nbsp;SAPO<\/li>\n<li><a href=\"https:\/\/news.google.com\/rss\/articles\/CBMijwFBVV95cUxPdDRxeEJMMWw4M0tBSEgxQjdLSjZfLVpIWm9wN3NCcEwtYkdkWE5zbXJJV1VwcW8xRFZjb0lYMkYwbUpUSDY5OUJCbkZteDFlRGkxWjFENXp6VzhLQ0VzWDZXQmlhVWJiQ0FXbjhNWV9paXNOemx6ZF9nMnBSelRzMi1EQzkyek9oczNiTzRtMNIBjwFBVV95cUxPdDRxeEJMMWw4M0tBSEgxQjdLSjZfLVpIWm9wN3NCcEwtYkdkWE5zbXJJV1VwcW8xRFZjb0lYMkYwbUpUSDY5OUJCbkZteDFlRGkxWjFENXp6VzhLQ0VzWDZXQmlhVWJiQ0FXbjhNWV9paXNOemx6ZF9nMnBSelRzMi1EQzkyek9oczNiTzRtMA?oc=5\" target=\"_blank\" rel=\"nofollow noopener\">Pedro Chagas Freitas pede empatia e sai em defesa da m\u00e3e de Maycon<\/a>&nbsp;&nbsp;infocul.pt<\/li>\n<li><a href=\"https:\/\/news.google.com\/rss\/articles\/CBMihAJBVV95cUxONGtNbmowRmwyMk1UZDdyQkZ6RkhReU53MXpNRHJ3Yl92dGpfdUItc3BNdF93MTlDN3BzSDUxZEozUHBrVUhLVXdSdVd3M2tOSG1oYkY1ZHNZWG5yT1pXQVFWd3JLVDRZLWNDRmJKV21paXhoU1VvRUtPNG5jVlg0amN1YTJkZmFVNWNqX2dRbEY3b0RGUnBLZ3dyM2tvaVZ6R1l3WmFwaGdCLWNvUERNUzh0Q1dVdjI1bV9TUEU4YXVqcVlvdUgySVVXUDJoOWhuMEpfTGNzczY4TGJQTFJmMjdpR3pZa0I0VnU4SVFjYXNQZkgxTE5LVXhQWjRlVzloaWFySQ?oc=5\" target=\"_blank\" rel=\"nofollow noopener\">Figura p\u00fablica revolta-se com ataques \u00e0 m\u00e3e de Maycon Douglas. Este \u00e9 o gesto que est\u00e1 a dar que falar<\/a>&nbsp;&nbsp;TVI<\/li>\n<li><a href=\"https:\/\/news.google.com\/rss\/articles\/CBMivwFBVV95cUxPVkFNd19rTkZ0T3dyUHZ0REY3aUMtSVZwdjV5bl9rTXczci1oMnlrNHByRFU4cWdORGZQbUFuRHZndU9HV19jT0lZZkhPcFVEYmlPNWgyTkVHVGJRbTMyNHd2ZXY5NXRndXpDZFktczhrMmlQcnp4RzluMm5rOERSQ3lmQlRrMnQ0YzlpZURfT0E2amFrZmVvU3dTS2FZbVpGMFdSNGJSc0ZXQ1UzLTR5c1FtcHlKaUlmcGUtLTVXVQ?oc=5\" target=\"_blank\" rel=\"nofollow noopener\">Pedro Chagas Freitas sai em defesa da m\u00e3e de Maycon Douglas: &#8220;N\u00e3o julguem&#8230;&#8221;<\/a>&nbsp;&nbsp;Flash.pt<\/li>\n<\/ol>\n","protected":false},"excerpt":{"rendered":"Pedro Chagas Freitas sai em defesa da m\u00e3e de Maycon Douglas: &#8220;N\u00e3o julguem, por favor&#8221;&nbsp;&nbsp;SELFIE Maycon Douglas: Pedro&hellip;\n","protected":false},"author":2,"featured_media":196976,"comment_status":"","ping_status":"","sticky":false,"template":"","format":"standard","meta":{"footnotes":""},"categories":[142],"tags":[114,115,32,33,151],"class_list":{"0":"post-219190","1":"post","2":"type-post","3":"status-publish","4":"format-standard","5":"has-post-thumbnail","7":"category-tv","8":"tag-entertainment","9":"tag-entretenimento","10":"tag-portugal","11":"tag-pt","12":"tag-tv"},"share_on_mastodon":{"url":"https:\/\/pubeurope.com\/@pt\/115854414015572304","error":""},"_links":{"self":[{"href":"https:\/\/www.europesays.com\/pt\/wp-json\/wp\/v2\/posts\/219190","targetHints":{"allow":["GET"]}}],"collection":[{"href":"https:\/\/www.europesays.com\/pt\/wp-json\/wp\/v2\/posts"}],"about":[{"href":"https:\/\/www.europesays.com\/pt\/wp-json\/wp\/v2\/types\/post"}],"author":[{"embeddable":true,"href":"https:\/\/www.europesays.com\/pt\/wp-json\/wp\/v2\/users\/2"}],"replies":[{"embeddable":true,"href":"https:\/\/www.europesays.com\/pt\/wp-json\/wp\/v2\/comments?post=219190"}],"version-history":[{"count":0,"href":"https:\/\/www.europesays.com\/pt\/wp-json\/wp\/v2\/posts\/219190\/revisions"}],"wp:featuredmedia":[{"embeddable":true,"href":"https:\/\/www.europesays.com\/pt\/wp-json\/wp\/v2\/media\/196976"}],"wp:attachment":[{"href":"https:\/\/www.europesays.com\/pt\/wp-json\/wp\/v2\/media?parent=219190"}],"wp:term":[{"taxonomy":"category","embeddable":true,"href":"https:\/\/www.europesays.com\/pt\/wp-json\/wp\/v2\/categories?post=219190"},{"taxonomy":"post_tag","embeddable":true,"href":"https:\/\/www.europesays.com\/pt\/wp-json\/wp\/v2\/tags?post=219190"}],"curies":[{"name":"wp","href":"https:\/\/api.w.org\/{rel}","templated":true}]}}