{"id":219195,"date":"2026-01-07T15:02:08","date_gmt":"2026-01-07T15:02:08","guid":{"rendered":"https:\/\/www.europesays.com\/pt\/219195\/"},"modified":"2026-01-07T15:02:08","modified_gmt":"2026-01-07T15:02:08","slug":"foi-treinador-na-bundesliga-e-agora-trabalha-no-mcdonalds","status":"publish","type":"post","link":"https:\/\/www.europesays.com\/pt\/219195\/","title":{"rendered":"Foi treinador na Bundesliga e agora trabalha no McDonald&#8217;s"},"content":{"rendered":"<p>Alexander Nouri, treinador alem\u00e3o de 46 anos, centrou aten\u00e7\u00f5es no in\u00edcio de 2026 com uma reviravolta a n\u00edvel profissional.<\/p>\n<p style=\"text-align: justify;\">O t\u00e9cnico germ\u00e2nico, que n\u00e3o treinava desde 2022, altura em que deixou os gregos do Kavala, optou por trocar o futebol pelo McDonald&#8217;s, sendo gerente de dois espa\u00e7os da famosa cadeia de fast food.<\/p>\n<blockquote class=\"twitter-tweet\">\n<p lang=\"en\" dir=\"ltr\">From football to fastfood \u26bd\ufe0f\u27a1\ufe0f\ud83c\udf5f<\/p>\n<p>Former player and coach Alexander Nouri is now a McDonald&#8217;s manager \ud83c\udf54<\/p>\n<p>Between 2016-2020 he coached Werder Bremen, Ingolstadt and Hertha BSC \ud83d\udfe2\ud83d\udd34\ud83d\udd35<\/p>\n<p>Before that, he had a 14 year playing career featuring for Bremen, Seattle Sounders and Kiel! <a href=\"https:\/\/t.co\/pxldAHKCHt\" rel=\"nofollow\">pic.twitter.com\/pxldAHKCHt<\/a><\/p>\n<p>\u2014 DW Sports (@dw_sports) <a href=\"https:\/\/twitter.com\/dw_sports\/status\/2007404970543591443?ref_src=twsrc%5Etfw\" rel=\"nofollow noopener\" target=\"_blank\">January 3, 2026<\/a><\/p><\/blockquote>\n<p style=\"text-align: justify;\">Longe v\u00e3o os tempos em que orientava clubes da Bundesliga &#8211; em 2016\/17 salvou o Werder Bremen da zona de descida, terminando a \u00e9poca em 8.\u00ba. Agora, \u00e9 o neg\u00f3cio da restaura\u00e7\u00e3o que o move, como deu conta ao Suddeutsche Zeitung.<\/p>\n<p style=\"text-align: justify;\">\u00abNo fim das contas, os dois mundos t\u00eam o objetivo de envolver as pessoas. No futebol, s\u00e3o os jogadores; aqui, s\u00e3o os funcion\u00e1rios. Mas o princ\u00edpio b\u00e1sico \u00e9 o mesmo: precisas de entender quem est\u00e1 sentado \u00e0 tua frente, o que os motiva, o que precisam para ter um bom desempenho\u00bb, comparou.<\/p>\n<p style=\"text-align: justify;\">O ex-t\u00e9cnico, que orientou tamb\u00e9m Ingolstadt e Hertha, \u00e9 respons\u00e1vel, desde janeiro, por dois restaurantes McDonald&#8217;s na cidade alem\u00e3 de Herzogenrath.<\/p>\n<p>                                                                                        <script async src=\"https:\/\/platform.twitter.com\/widgets.js\" charset=\"utf-8\"><\/script><\/p>\n","protected":false},"excerpt":{"rendered":"Alexander Nouri, treinador alem\u00e3o de 46 anos, centrou aten\u00e7\u00f5es no in\u00edcio de 2026 com uma reviravolta a n\u00edvel&hellip;\n","protected":false},"author":2,"featured_media":219196,"comment_status":"","ping_status":"","sticky":false,"template":"","format":"standard","meta":{"footnotes":""},"categories":[87],"tags":[135,32,33,134],"class_list":{"0":"post-219195","1":"post","2":"type-post","3":"status-publish","4":"format-standard","5":"has-post-thumbnail","7":"category-desporto","8":"tag-desporto","9":"tag-portugal","10":"tag-pt","11":"tag-sports"},"share_on_mastodon":{"url":"https:\/\/pubeurope.com\/@pt\/115854425767321491","error":""},"_links":{"self":[{"href":"https:\/\/www.europesays.com\/pt\/wp-json\/wp\/v2\/posts\/219195","targetHints":{"allow":["GET"]}}],"collection":[{"href":"https:\/\/www.europesays.com\/pt\/wp-json\/wp\/v2\/posts"}],"about":[{"href":"https:\/\/www.europesays.com\/pt\/wp-json\/wp\/v2\/types\/post"}],"author":[{"embeddable":true,"href":"https:\/\/www.europesays.com\/pt\/wp-json\/wp\/v2\/users\/2"}],"replies":[{"embeddable":true,"href":"https:\/\/www.europesays.com\/pt\/wp-json\/wp\/v2\/comments?post=219195"}],"version-history":[{"count":0,"href":"https:\/\/www.europesays.com\/pt\/wp-json\/wp\/v2\/posts\/219195\/revisions"}],"wp:featuredmedia":[{"embeddable":true,"href":"https:\/\/www.europesays.com\/pt\/wp-json\/wp\/v2\/media\/219196"}],"wp:attachment":[{"href":"https:\/\/www.europesays.com\/pt\/wp-json\/wp\/v2\/media?parent=219195"}],"wp:term":[{"taxonomy":"category","embeddable":true,"href":"https:\/\/www.europesays.com\/pt\/wp-json\/wp\/v2\/categories?post=219195"},{"taxonomy":"post_tag","embeddable":true,"href":"https:\/\/www.europesays.com\/pt\/wp-json\/wp\/v2\/tags?post=219195"}],"curies":[{"name":"wp","href":"https:\/\/api.w.org\/{rel}","templated":true}]}}