{"id":219204,"date":"2026-01-07T15:09:08","date_gmt":"2026-01-07T15:09:08","guid":{"rendered":"https:\/\/www.europesays.com\/pt\/219204\/"},"modified":"2026-01-07T15:09:08","modified_gmt":"2026-01-07T15:09:08","slug":"manuel-joao-vieira-o-candidato-entre-o-irracional-e-o-serio-que-expoe-o-absurdo-da-politica-sic-noticias","status":"publish","type":"post","link":"https:\/\/www.europesays.com\/pt\/219204\/","title":{"rendered":"Manuel Jo\u00e3o Vieira, o candidato entre o irracional e o s\u00e9rio que exp\u00f5e &quot;o absurdo da pol\u00edtica&quot; &#8211; SIC Not\u00edcias"},"content":{"rendered":"<ol>\n<li><a href=\"https:\/\/news.google.com\/rss\/articles\/CBMi-wFBVV95cUxOTHNXS3QyQ3lJY2ZYSjROdmt3R2p1b0FIaVdNVzduNW00SXpUbnA3UXVGYUlkSFU2Umxoc1pCeTV0Z3FjdTJLZnhEdW9ZLU9ZXzN1QXJUMmFFT3dyRW1oLWxuRnJzOGo5TUhJakhzN1NjWUFvRFhjb1VldXpnaHZ2VFlrYUhQZThpRTUxbWpQMVJROUo0WWl0eko5bHRPaWROdktMSXRlaWpaakJqTUx0d1poM2RSbHZteWJhQ19nREh4djFJVlV1TGdkbHFwRTlVcFhuRDNmNWF3dnFzWnJiNHRLZ2JzMU9NNUl5WXRoZFZKekxDX19kQlc3WQ?oc=5\" target=\"_blank\" rel=\"nofollow noopener\">Manuel Jo\u00e3o Vieira, o candidato entre o irracional e o s\u00e9rio que exp\u00f5e &#8220;o absurdo da pol\u00edtica&#8221;<\/a>&nbsp;&nbsp;SIC Not\u00edcias<\/li>\n<li><a href=\"https:\/\/news.google.com\/rss\/articles\/CBMimgJBVV95cUxPYl9JejFZT3ZYM0swZmZ5b0hDZDdmTFMxNmZxQkpXNXNDeDRhOFBqRVloeXk4b0g5LTd1WlYxS2M4OFVzVUZsdmFuNVZTT29UeUFSY1AwTXQ5NFltSU9BVG1lYU5JT3ktYmhSNVBFWnFDS19aYjZuTGhvVlEtcGlwNF9UZjk1OE1rVzA1NmFIRWhzdEltbEhrcGpHNFdINlZMQl9kUkNZQ19XT2FMU1FSLW9XVlphNG9hWjAwQzJLRnZmNzVWaC1tU2NSOWRsRkxCZVVQSVI3VTRWYS1rWnYxZlFMMnp0UUZwdjQwQ1dPUVExMmE0NkNOTk1jbUtmNE5ocnFldENINElLSFF0TUN3eDZza3d5UVhURXc?oc=5\" target=\"_blank\" rel=\"nofollow noopener\">Manuel Jo\u00e3o Vieira declarou uma horta, 1.318 euros na conta, 700 cepas de vinha e um pr\u00e9dio em Campo de Ourique<\/a>&nbsp;&nbsp;Jornal de Neg\u00f3cios<\/li>\n<li><a href=\"https:\/\/news.google.com\/rss\/articles\/CBMivAFBVV95cUxQQ2VKMk9LaHZCTDdudWJGMkdfS2xXTEVKeThQZEs2cHpyZjZ4UDVfZTY0N3VzdFdEcmdnY0ppdnVIN2g2TkdsUlBYV3NnbXA3dFI2S2F6amJfTnNwS0NwZWs3SV9UVVJvYVBReWNRSFNZLW9ReDRZU0FzRExxVTlXaHBtUW5Yc3NLODhfYXN4NFlYU1pzRFh4c2JDQi1nZWI5Nno4LUpZa0NkWXhBNG5lUTBEdHl4YUpqc3drcQ?oc=5\" target=\"_blank\" rel=\"nofollow noopener\">&#8220;Tenho 26 personalidades. Falta-me uma ainda mas estou a trabalhar nisso&#8221;<\/a>&nbsp;&nbsp;Not\u00edcias ao Minuto<\/li>\n<li><a href=\"https:\/\/news.google.com\/rss\/articles\/CBMi9AFBVV95cUxOaEFZc1BDRlVFTGtSeHlEX2FOaG13OC1ab21mc0M0eklYb1BZaVJRYmJZbC1DcTQ5LWM0VTY3YXR4LW16WWdLNXA0NDZwTEZ2QlUyMEpCU2lCZmowODlPUnRFWk1INEJzV1lRZm13ekhQX3hFbXR3NWlYcEo4eFVvU3dpTGRjc2ZiSUVOQVlvVGFCMkRKV2MwZEpPV1ZBV0oyQWp3cGx6Z2Y3aDNFVWRQNjB0OFhpRTRJNjRzZUNsZzMxMzJRZFktbzNlemtYZ2VFcWVjRzBWd0dBUjc5dGZVa3Q1M2tSNllmSkRfWThjYmZJZGhT?oc=5\" target=\"_blank\" rel=\"nofollow noopener\">Dito em 2025: \u201cCompreendo que votem no Sr. Ventura. As pessoas sentem-se magoadas e ele proporciona uma resposta f\u00e1cil\u201d<\/a>&nbsp;&nbsp;Expresso<\/li>\n<li><a href=\"https:\/\/news.google.com\/rss\/articles\/CBMi2gFBVV95cUxOeDFYUG92UkdyNXZHUGNzUmdJUVQycloxaGlhTmp6OUp4Y183M0wwTGFUVFBGN2FxcnZ5RG1SN2VfamR6Z2NzenNraHcySnpZMEptelFCMjFDNXhyRFFVWFFVSlNoeS1abWN5THZuSVdzUld1akJQZkVvRENBWFFHc1p2VHRBS1kwNEFNV0hGQXMxME1tYjZYNklCNlFFcDZRa0tqWGdpZmYwak5KeGtZd0tXTWdSeDAtM0I2SFhiUzhEYjUyY0NLT2xWbzRISklzOXNoUHlXQ09FZw?oc=5\" target=\"_blank\" rel=\"nofollow noopener\">Manuel Jo\u00e3o Vieira declarou uma horta, um pr\u00e9dio em Campo de Ourique, 700 cepas de vinha e \u20ac1.318 na conta<\/a>&nbsp;&nbsp;S\u00c1BADO<\/li>\n<\/ol>\n","protected":false},"excerpt":{"rendered":"Manuel Jo\u00e3o Vieira, o candidato entre o irracional e o s\u00e9rio que exp\u00f5e &#8220;o absurdo da pol\u00edtica&#8221;&nbsp;&nbsp;SIC Not\u00edcias&hellip;\n","protected":false},"author":2,"featured_media":196976,"comment_status":"","ping_status":"","sticky":false,"template":"","format":"standard","meta":{"footnotes":""},"categories":[8],"tags":[27,28,15,16,14,25,26,21,22,12,13,19,20,32,23,24,33,17,18,29,30,31],"class_list":{"0":"post-219204","1":"post","2":"type-post","3":"status-publish","4":"format-standard","5":"has-post-thumbnail","7":"category-principais-noticias","8":"tag-breaking-news","9":"tag-breakingnews","10":"tag-featured-news","11":"tag-featurednews","12":"tag-headlines","13":"tag-latest-news","14":"tag-latestnews","15":"tag-main-news","16":"tag-mainnews","17":"tag-news","18":"tag-noticias","19":"tag-noticias-principais","20":"tag-noticiasprincipais","21":"tag-portugal","22":"tag-principais-noticias","23":"tag-principaisnoticias","24":"tag-pt","25":"tag-top-stories","26":"tag-topstories","27":"tag-ultimas","28":"tag-ultimas-noticias","29":"tag-ultimasnoticias"},"share_on_mastodon":{"url":"https:\/\/pubeurope.com\/@pt\/115854453290900486","error":""},"_links":{"self":[{"href":"https:\/\/www.europesays.com\/pt\/wp-json\/wp\/v2\/posts\/219204","targetHints":{"allow":["GET"]}}],"collection":[{"href":"https:\/\/www.europesays.com\/pt\/wp-json\/wp\/v2\/posts"}],"about":[{"href":"https:\/\/www.europesays.com\/pt\/wp-json\/wp\/v2\/types\/post"}],"author":[{"embeddable":true,"href":"https:\/\/www.europesays.com\/pt\/wp-json\/wp\/v2\/users\/2"}],"replies":[{"embeddable":true,"href":"https:\/\/www.europesays.com\/pt\/wp-json\/wp\/v2\/comments?post=219204"}],"version-history":[{"count":0,"href":"https:\/\/www.europesays.com\/pt\/wp-json\/wp\/v2\/posts\/219204\/revisions"}],"wp:featuredmedia":[{"embeddable":true,"href":"https:\/\/www.europesays.com\/pt\/wp-json\/wp\/v2\/media\/196976"}],"wp:attachment":[{"href":"https:\/\/www.europesays.com\/pt\/wp-json\/wp\/v2\/media?parent=219204"}],"wp:term":[{"taxonomy":"category","embeddable":true,"href":"https:\/\/www.europesays.com\/pt\/wp-json\/wp\/v2\/categories?post=219204"},{"taxonomy":"post_tag","embeddable":true,"href":"https:\/\/www.europesays.com\/pt\/wp-json\/wp\/v2\/tags?post=219204"}],"curies":[{"name":"wp","href":"https:\/\/api.w.org\/{rel}","templated":true}]}}