{"id":219227,"date":"2026-01-07T15:30:11","date_gmt":"2026-01-07T15:30:11","guid":{"rendered":"https:\/\/www.europesays.com\/pt\/219227\/"},"modified":"2026-01-07T15:30:11","modified_gmt":"2026-01-07T15:30:11","slug":"em-inglaterra-dizem-que-ruben-amorim-quis-quatro-jogadores-do-sporting-no-united","status":"publish","type":"post","link":"https:\/\/www.europesays.com\/pt\/219227\/","title":{"rendered":"Em Inglaterra dizem que R\u00faben Amorim quis quatro jogadores do Sporting no United"},"content":{"rendered":"<p>O jornal brit\u00e2nico Daily Mail escreve que R\u00faben Amorim pediu ao Manchester United a contrata\u00e7\u00e3o de Ousmane Dioamande, Salvador Blopa, Morten Hjulmand e Geovany Quenda, jogadores que conhecia do Sporting. Mas nenhum lhe foi dado.<\/p>\n<p>Quenda, que na pr\u00f3xima \u00e9poca vai representar o Chelsea, at\u00e9 ter\u00e1 motivado conversas, mas foi considerado que tinha um perfil id\u00eantico ao de Amad Diallo e as negocia\u00e7\u00f5es n\u00e3o avan\u00e7aram<\/p>\n<p>Nuno Mendes, Emiliano Mart\u00ednez e Ollie Watkins tamb\u00e9m ter\u00e3o sido desejados pelo treinador portugu\u00eas, mas a Dire\u00e7\u00e3o dos red devils optou por Patrik Dorgu, Senne Lammens e Benjamin Sesko.<\/p>\n<p>As negas e o desencontro em rela\u00e7\u00e3o ao mercado de transfer\u00eancias ter\u00e3o sido um fator de instabilidade que foi deteriorando a rela\u00e7\u00e3o entre R\u00faben Amorim e os dirigentes, em especial o diretor para o futebol Jason Wilcox.<\/p>\n","protected":false},"excerpt":{"rendered":"O jornal brit\u00e2nico Daily Mail escreve que R\u00faben Amorim pediu ao Manchester United a contrata\u00e7\u00e3o de Ousmane Dioamande,&hellip;\n","protected":false},"author":2,"featured_media":219228,"comment_status":"","ping_status":"","sticky":false,"template":"","format":"standard","meta":{"footnotes":""},"categories":[87],"tags":[135,32,33,134],"class_list":{"0":"post-219227","1":"post","2":"type-post","3":"status-publish","4":"format-standard","5":"has-post-thumbnail","7":"category-desporto","8":"tag-desporto","9":"tag-portugal","10":"tag-pt","11":"tag-sports"},"share_on_mastodon":{"url":"https:\/\/pubeurope.com\/@pt\/115854535870229345","error":""},"_links":{"self":[{"href":"https:\/\/www.europesays.com\/pt\/wp-json\/wp\/v2\/posts\/219227","targetHints":{"allow":["GET"]}}],"collection":[{"href":"https:\/\/www.europesays.com\/pt\/wp-json\/wp\/v2\/posts"}],"about":[{"href":"https:\/\/www.europesays.com\/pt\/wp-json\/wp\/v2\/types\/post"}],"author":[{"embeddable":true,"href":"https:\/\/www.europesays.com\/pt\/wp-json\/wp\/v2\/users\/2"}],"replies":[{"embeddable":true,"href":"https:\/\/www.europesays.com\/pt\/wp-json\/wp\/v2\/comments?post=219227"}],"version-history":[{"count":0,"href":"https:\/\/www.europesays.com\/pt\/wp-json\/wp\/v2\/posts\/219227\/revisions"}],"wp:featuredmedia":[{"embeddable":true,"href":"https:\/\/www.europesays.com\/pt\/wp-json\/wp\/v2\/media\/219228"}],"wp:attachment":[{"href":"https:\/\/www.europesays.com\/pt\/wp-json\/wp\/v2\/media?parent=219227"}],"wp:term":[{"taxonomy":"category","embeddable":true,"href":"https:\/\/www.europesays.com\/pt\/wp-json\/wp\/v2\/categories?post=219227"},{"taxonomy":"post_tag","embeddable":true,"href":"https:\/\/www.europesays.com\/pt\/wp-json\/wp\/v2\/tags?post=219227"}],"curies":[{"name":"wp","href":"https:\/\/api.w.org\/{rel}","templated":true}]}}